{"id":10564,"date":"2022-06-05T18:29:51","date_gmt":"2022-06-05T22:59:51","guid":{"rendered":"https:\/\/luchadeclases.org.ve\/?p=10564"},"modified":"2022-06-05T18:29:56","modified_gmt":"2022-06-05T22:59:56","slug":"crisis-proteccionismo-e-inflacion-la-guerra-prepara-el-camino-para-la-revolucion","status":"publish","type":"post","link":"https:\/\/luchadeclases.com\/?p=10564","title":{"rendered":"Crisis, proteccionismo e inflaci\u00f3n: la guerra prepara el camino para la revoluci\u00f3n"},"content":{"rendered":"\n<p>La crisis de Ucrania ha creado una tormenta inflacionaria perfecta. La guerra, las sanciones occidentales a Rusia, la pandemia, el proteccionismo y el cambio clim\u00e1tico est\u00e1n deshaciendo d\u00e9cadas de bajos precios de las materias primas en una crisis que no hace m\u00e1s que profundizarse.<\/p>\n\n\n\n<p><strong>[<a href=\"http:\/\/www.luchadeclases.org\/internacional\/126-economia-internacional\/58-internacional\/4106-crisis-proteccionismo-e-inflacion-la-guerra-prepara-el-camino-para-la-revolucion.html\" target=\"_blank\" rel=\"noreferrer noopener\">FUENTE ORIGINAL<\/a>]<\/strong><\/p>\n\n\n\n<p>Esta concatenaci\u00f3n de factores sin precedentes est\u00e1 preparando una cat\u00e1strofe, como resume un an\u00e1lisis aleccionador de Pascal Lamy, ex director general de la Organizaci\u00f3n Mundial del Comercio:<\/p>\n\n\n\n<p>\u00abFrancamente, cuando veo las cosas que se avecinan, estoy bastante horrorizado, y he estado en temas internacionales durante, \u00bfcu\u00e1nto?&#8230; 30, 40 a\u00f1os de mi vida. Creo que nunca vi un periodo en el que los riesgos fueran tan altos con esta acumulaci\u00f3n de impactos por el COVID en la econom\u00eda mundial, especialmente en los pa\u00edses en desarrollo; la crisis alimentaria; la crisis de los precios de la energ\u00eda; la crisis de la deuda, que se avecina en muchas partes de los pa\u00edses en desarrollo; el impacto de esto en el sistema financiero. Veo que los riesgos se acumulan. Y, por supuesto, ya sabes, la invasi\u00f3n de Ucrania es una especie de gota que realmente podr\u00eda colmar el vaso, y estoy mucho m\u00e1s preocupado de lo que he estado en las \u00faltimas d\u00e9cadas, por desgracia\u00bb. (<a href=\"https:\/\/www.ft.com\/content\/1fd8a3d6-f156-449d-b521-981ae9428ae0\">Le Pen, los patriotas y el movimiento antiglobalizaci\u00f3n<\/a>, Financial Times)<\/p>\n\n\n\n<h2 class=\"wp-block-heading\">La industria alimentaria en crisis<\/h2>\n\n\n\n<p>La invasi\u00f3n rusa de Ucrania ha provocado un enorme conjunto de problemas para la econom\u00eda mundial. En primer lugar, Ucrania y Rusia son responsables de una gran parte del suministro de alimentos del mundo. Juntos producen el 12% de las calor\u00edas comercializables del mundo, pero entre los dos s\u00f3lo tienen el 2% de la poblaci\u00f3n mundial. Sus exportaciones de grano, en particular, son un salvavidas crucial para los pa\u00edses de Oriente Medio, pero la crisis est\u00e1 repercutiendo en los precios de todo el mundo.<\/p>\n\n\n\n<p>Las cosechas de Ucrania se est\u00e1n viendo muy afectadas por la guerra. Gran parte de la cosecha del a\u00f1o pasado sigue atascada en los almacenes, y la de este a\u00f1o se ver\u00e1 obstaculizada por la guerra de numerosas maneras: algunas partes del pa\u00eds est\u00e1n ocupadas por Rusia, y hay una importante destrucci\u00f3n de las infraestructuras, ya sea por las bombas o para ser utilizadas por los militares. Tambi\u00e9n hay escasez de mano de obra, ya que muchos hombres han sido reclutados por el ej\u00e9rcito.<\/p>\n\n\n\n<p>Mientras tanto, Rusia ha prohibido las exportaciones de alimentos para garantizar su propio abastecimiento. Sus exportaciones tambi\u00e9n est\u00e1n restringidas por las sanciones occidentales.<\/p>\n\n\n\n<p>Como resultado, los precios del trigo han aumentado un tercio, lo que supone un gran salto, y se prev\u00e9 que aumenten otro tanto antes de que acabe el a\u00f1o. Esto tendr\u00e1 consecuencias devastadoras para quienes dependen del pan como principal fuente de calor\u00edas. Pero tambi\u00e9n tendr\u00e1 inevitablemente efectos en cadena sobre otros productos alimenticios, ya que la gente pasar\u00e1 a comer arroz, patatas, etc.<\/p>\n\n\n\n<p>La cuesti\u00f3n del cambio clim\u00e1tico tambi\u00e9n es un factor en la ecuaci\u00f3n. Por ejemplo, la reciente ola de calor en la India afect\u00f3 mucho a la producci\u00f3n de trigo, y la previsi\u00f3n de la cosecha de trigo de este a\u00f1o es de un 5 por ciento menos. Esto constituye otro golpe para el mercado mundial del trigo, que no puede permitirse m\u00e1s sobresaltos en la oferta.<\/p>\n\n\n\n<p>Los precios de los alimentos en general en el mercado mayorista han subido un 55% desde 2020, y un 17% desde principios de a\u00f1o. Esto est\u00e1 teniendo un gran impacto en los pobres de todo el mundo. El \u00c1frica subsahariana, por ejemplo, importa el 85% de su trigo, y los alimentos representan el 40% del gasto de los consumidores de la regi\u00f3n. En un intento de aliviar la tensi\u00f3n, la actual directora general de la OMC, Ngozi Okonjo-Iweala, se dirigi\u00f3 recientemente al presidente brasile\u00f1o, Jair Bolsonaro, para pedirle que tome medidas para aumentar la producci\u00f3n de alimentos. \u00abEstoy muy preocupada por la crisis alimentaria que se avecina y por las medidas que debemos tomar\u00bb, dijo a los periodistas en Washington. (Las prohibiciones a la exportaci\u00f3n de alimentos hacen subir los precios mundiales, New York Times, 2 de mayo)<\/p>\n\n\n\n<p>Para empeorar las cosas, el precio de los fertilizantes se ha duplicado desde el a\u00f1o pasado. Rusia era el mayor exportador de fertilizantes del mundo, y ahora ha prohibido las exportaciones. Adem\u00e1s, el gas natural es un componente clave en la producci\u00f3n de fertilizantes, y los precios del gas, como es bien sabido, se han disparado.<\/p>\n\n\n\n<p>Sin embargo, la guerra no hace m\u00e1s que intensificar los problemas que ya exist\u00edan. Los precios de la urea aumentaron un 50% entre marzo y octubre del a\u00f1o pasado, lo que llev\u00f3 a China a introducir barreras a las exportaciones de fertilizantes. Intentan mantener los precios en el mercado chino por debajo de los del mercado mundial.<\/p>\n\n\n\n<p>Anecd\u00f3ticamente, la combinaci\u00f3n del aumento de los costes de la energ\u00eda y los fertilizantes est\u00e1 causando estragos en la producci\u00f3n de alimentos en los invernaderos. Los productores no pueden ganar dinero con la venta de sus cosechas y cierran la producci\u00f3n para no tener p\u00e9rdidas. Por supuesto, esto a\u00f1adir\u00e1 m\u00e1s tensi\u00f3n a los mercados de alimentos, que ya se encuentran bajo presi\u00f3n.<\/p>\n\n\n\n<h2 class=\"wp-block-heading\">Proteger el suministro de alimentos<\/h2>\n\n\n\n<p>Bajo la presi\u00f3n de la crisis de la industria alimentaria, varios pa\u00edses han optado por proteger a sus propios consumidores del aumento de los precios del mercado mundial.<\/p>\n\n\n\n<p>La guerra sac\u00f3 del mercado los suministros de aceite vegetal de Rusia y Ucrania. Pero esto tambi\u00e9n empuj\u00f3 al gobierno indonesio a hacer lo mismo para garantizar que los precios internos se mantuvieran bajos. Esto ha hecho que el 40% del suministro mundial de aceite vegetal sea ahora de muy dif\u00edcil acceso. Como consecuencia, los precios han aumentado un 150%.<\/p>\n\n\n\n<p>Los problemas de la cosecha en la India han llevado a especular con la posibilidad de que el gobierno de ese pa\u00eds decida restringir sus exportaciones, algo que el gobierno ha negado hasta ahora. Si esto se convierte en una perspectiva m\u00e1s seria, a los comerciantes les preocupa que se genere p\u00e1nico en los mercados mundiales de trigo. (<a href=\"https:\/\/www.ft.com\/content\/b1753a4b-de9d-47c3-80b9-bd7fe20cc25a\">El proteccionismo alimentario alimenta la inflaci\u00f3n y el hambre en el mundo<\/a>, Financial Times)<\/p>\n\n\n\n<p>Otros pa\u00edses han tomado medidas para prohibir la exportaci\u00f3n de cereales, lo que contribuye a aumentar los precios en el mercado mundial. Esto crear\u00e1 dificultades a los productores nacionales, ya que tendr\u00e1n que hacer frente a los mayores costes del combustible, etc., pero no pueden exportar y, por tanto, no pueden aprovechar los mayores precios del mercado mundial para sus productos para compensar.<\/p>\n\n\n\n<p>Tambi\u00e9n socava la confianza en el sistema de comercio mundial. Si no pueden confiar en el mercado mundial para alimentar a sus poblaciones, significa que los pa\u00edses se ver\u00e1n empujados a introducir aranceles y otras barreras a la exportaci\u00f3n para apoyar a sus propios sectores agr\u00edcolas. Inevitablemente, esto significar\u00e1 productos m\u00e1s caros. Lo mismo ocurre con los comerciantes, que tendr\u00e1n que considerar todo tipo de riesgos adicionales antes de decidir de d\u00f3nde abastecerse.<\/p>\n\n\n\n<h2 class=\"wp-block-heading\">La crisis especial del capitalismo brit\u00e1nico<\/h2>\n\n\n\n<p>La situaci\u00f3n es mala en todas partes, pero Gran Breta\u00f1a se enfrenta a la peor inflaci\u00f3n de Europa occidental. Para ser un pa\u00eds con una importante industria petrolera y de gas propia, se ha visto muy afectado por las subidas de los precios de la energ\u00eda.<\/p>\n\n\n\n<p>El gobierno introdujo un tope de precios de la energ\u00eda en 2019, pero tuvo un impacto limitado en sus primeros a\u00f1os de existencia, ya que la mayor\u00eda de los hogares ten\u00edan contratos por debajo del tope. Ahora, sin embargo, el tope de precios se ha convertido en el precio que paga pr\u00e1cticamente todo el mundo. Y subi\u00f3 un 54% en abril, y se espera otro aumento del 30% en octubre.<\/p>\n\n\n\n<p>Con muchos hogares ya en la pobreza y tratando de llegar a fin de mes, Keith Anderson, director ejecutivo de Scottish Power, dijo: \u00abCuando llegue octubre, [la situaci\u00f3n] va a ser horrible, realmente horrible\u00bb. El gigante energ\u00e9tico franc\u00e9s EDF afirma que los clientes vulnerables de Gran Breta\u00f1a pasar\u00e1n a gastar en su energ\u00eda de 1 libra por cada 12 que ganaban a 1 libra por cada 6 que ganen este a\u00f1o. La patronal CBI dijo que poner libras en los bolsillos de las personas vulnerables \u00abno deber\u00eda retrasarse\u00bb.<\/p>\n\n\n\n<p>Y las dificultades no se limitan a la energ\u00eda, el Banco Central espera que la inflaci\u00f3n alcance el 10% antes de que acabe el a\u00f1o, a pesar de que la tasa de crecimiento ha descendido. El director del Banco de Inglaterra afirma que est\u00e1n caminando por una \u00abl\u00ednea muy, muy fina\u00bb entre el fracaso de mantener la inflaci\u00f3n a raya y el riesgo de crear una profunda recesi\u00f3n, ya que la econom\u00eda se ve afectada por el aumento de los tipos de inter\u00e9s, adem\u00e1s de que el poder adquisitivo de los consumidores se ve socavado por la inflaci\u00f3n. (<a href=\"https:\/\/www.ft.com\/content\/d0054594-4ae8-4883-81a7-384e654cc745\">Bailey advierte del riesgo de inflaci\u00f3n persistente por la solidez del mercado laboral brit\u00e1nico<\/a>, Financial Times)<\/p>\n\n\n\n<p>De hecho, Bailey acaba de predecir que la inflaci\u00f3n alcanzar\u00e1 el 10% en el Reino Unido antes de que termine el a\u00f1o, pero dijo que el Banco de Inglaterra no puede hacer nada al respecto.<\/p>\n\n\n\n<h2 class=\"wp-block-heading\">Los Bancos Centrales, impotentes ante la amenaza de la estanflaci\u00f3n<\/h2>\n\n\n\n<p>Las presiones inflacionistas est\u00e1n obstaculizando seriamente la recuperaci\u00f3n post-COVID. Durante la pandemia, los Bancos Centrales inyectaron billones de d\u00f3lares en la econom\u00eda para mantenerla a flote. Este dinero est\u00e1 ahora alimentando la actual espiral inflacionaria. En un intento de frenar la inflaci\u00f3n, los Bancos Centrales se ven obligados a subir los tipos de inter\u00e9s y a retirar (\u00abajustar\u00bb) el dinero puesto en circulaci\u00f3n. Sin embargo, al hacerlo, est\u00e1n echando agua fr\u00eda a la econom\u00eda.<\/p>\n\n\n\n<p>La preocupaci\u00f3n es que, no s\u00f3lo no logren frenar la inflaci\u00f3n, sino que hundan la econom\u00eda de nuevo en un crecimiento cero o incluso a una recesi\u00f3n. Esto es ciertamente lo que ha insinuado el Director del Banco de Inglaterra. Es lo que llaman \u00abestanflaci\u00f3n\u00bb (estancamiento e inflaci\u00f3n al mismo tiempo).<\/p>\n\n\n\n<p>El aumento de los tipos de inter\u00e9s y del coste de la vida, si no se combina con un aumento de los salarios, socavar\u00e1 el poder adquisitivo de la clase trabajadora. Por lo tanto, pondr\u00e1 un gran freno al consumo.<\/p>\n\n\n\n<p>Los economistas m\u00e1s previsores comprenden los peligros impl\u00edcitos en estas condiciones. En el New York Times, Victoria Greene, de G Squared Private Wealth, afirma:<\/p>\n\n\n\n<p>\u00abDefinitivamente hay muchos riesgos abiertos y no cuantificados que se avecinan. [&#8230;] La econom\u00eda estadounidense vive y muere por el consumidor, tan pronto como \u00e9ste empiece a frenarse. Creo que eso golpear\u00e1 duramente a la econom\u00eda\u00bb. (La ca\u00edda del mercado refleja el temor al dolor que se avecina, 2 de mayo de 2022)<\/p>\n\n\n\n<p>Por su parte, Joe Hayes, economista de S&amp;P Global (la agencia de calificaci\u00f3n), se pronunci\u00f3 de forma similar en el Wall Street Journal:<\/p>\n\n\n\n<p>\u00abDado lo galopante que es la inflaci\u00f3n en la actualidad, es dif\u00edcil ver que los esfuerzos sostenidos de recuperaci\u00f3n tras la pandemia compensen el impacto negativo del aumento de los precios\u00bb. (<a href=\"https:\/\/www.wsj.com\/articles\/global-growth-outlook-ebbs-in-face-of-ukraine-war-china-slowdown-11650633870?mod=hp_lead_pos1\">Las perspectivas de crecimiento mundial disminuyen ante la guerra de Ucrania<\/a>)<\/p>\n\n\n\n<p>La advertencia m\u00e1s dura vino del ex director general de Goldman Sachs, Lloyd Blankfein, quien advirti\u00f3 a las empresas que se preparen para la recesi\u00f3n. En una entrevista con Bloomberg dijo que hab\u00eda un \u00abriesgo muy, muy alto\u00bb de recesi\u00f3n, citando el est\u00edmulo gubernamental, los problemas de la cadena de suministro, los confinamientos chinos y la guerra en Ucrania como creadores de enormes obst\u00e1culos para que los Bancos Centrales controlen la inflaci\u00f3n. Seg\u00fan Blankfein, hay un \u00abcamino muy estrecho\u00bb para evitar la recesi\u00f3n. (<a href=\"https:\/\/www.reuters.com\/business\/ex-goldman-ceo-blankfein-says-recession-possibility-is-very-high-risk-factor-2022-05-15\/\">El exconsejero delegado de Goldman dice que la posibilidad de recesi\u00f3n es un \u00abfactor de riesgo muy alto<\/a>)<\/p>\n\n\n\n<p>La realidad es que los bancos centrales est\u00e1n entre la espada y la pared. No pueden dejar que la inflaci\u00f3n se dispare, pero tampoco pueden reducirla realmente, porque provocar\u00edan una recesi\u00f3n. E incluso una recesi\u00f3n podr\u00eda ser insuficiente para frenar la inflaci\u00f3n.<\/p>\n\n\n\n<h2 class=\"wp-block-heading\">La crisis de la log\u00edstica<\/h2>\n\n\n\n<p>Lo que quiz\u00e1 sea a\u00fan peor que el impacto que la crisis est\u00e1 teniendo en los precios al consumo es el aumento de los precios en las escalas superiores de la cadena de producci\u00f3n. El aumento de los costes en este \u00e1mbito es mucho mayor que en el de los mercados de consumo, y tendr\u00e1 inevitablemente un efecto en cadena en todo el sistema.<\/p>\n\n\n\n<p>Durante la pandemia se inici\u00f3 una grave crisis en la log\u00edstica, ya que el coste del transporte mar\u00edtimo y de mercanc\u00edas aument\u00f3 dr\u00e1sticamente. Los cambios en los patrones de consumo, combinados con la anarqu\u00eda del mercado, crearon cuellos de botella en el suministro que aumentaron masivamente los precios del transporte. Estos se han suavizado en el \u00faltimo mes, pero los costes subyacentes han aumentado al mismo tiempo.<\/p>\n\n\n\n<p>El precio del di\u00e9sel en Europa, especialmente afectada, ha aumentado en torno al 63% en comparaci\u00f3n con los niveles anteriores a la pandemia. Esto se debe al aumento del precio del petr\u00f3leo, pero tambi\u00e9n a la gran dependencia de Europa de las exportaciones de combustible ruso.<\/p>\n\n\n\n<p>Adem\u00e1s, el coste de los neum\u00e1ticos y las piezas de recambio se ha duplicado en muchos casos. Los palets tambi\u00e9n se han visto afectados por una gran escasez. Alrededor del 25% del suministro europeo de madera blanda, utilizada para fabricar palets, es inaccesible a causa de la guerra y las sanciones. Adem\u00e1s, el suministro anual de 20 millones de palets procedentes de Ucrania y Rusia es inaccesible, lo que ha provocado que el coste de los palets casi se triplique, pasando de 9\u20ac a 23\u20ac (<a href=\"https:\/\/www.euronews.com\/next\/2022\/04\/17\/the-ukraine-war-is-hurting-europe-s-pallet-supply-and-russia-s-army-may-be-feeling-the-squ\">La guerra de Ucrania est\u00e1 afectando al suministro de palets en Europa, y el ej\u00e9rcito ruso tambi\u00e9n puede sufrir las consecuencias<\/a>, Euronews).<\/p>\n\n\n\n<p>La guerra en Ucrania est\u00e1 afectando seriamente al transporte de varias maneras. Independientemente de la disminuci\u00f3n de los precios del transporte en el \u00faltimo mes, es posible que el aumento de los costes de las empresas de log\u00edstica se transmita al sistema.<\/p>\n\n\n\n<h2 class=\"wp-block-heading\">Coste de las materias primas<\/h2>\n\n\n\n<p>Y no es s\u00f3lo en el transporte donde la industria tiene dificultades. El precio de todo tipo de materias primas para la producci\u00f3n est\u00e1 subiendo. Rusia es una de las fuentes m\u00e1s importantes de minerales, muchos de los cuales se utilizan en la producci\u00f3n moderna, y con la p\u00e9rdida de gran parte del suministro de Rusia, los precios est\u00e1n aumentando.<\/p>\n\n\n\n<p>El CEO de Tesla, Elon Musk, se quej\u00f3 de esto en una llamada a sus accionistas en abril: \u00abCreo que las cifras oficiales subestiman la verdadera magnitud de la inflaci\u00f3n\u00bb, dijo. Y a\u00f1adi\u00f3 que la inflaci\u00f3n continuar\u00e1 al menos durante el resto del a\u00f1o, y que los proveedores est\u00e1n pidiendo aumentos de entre el 20% y el 30% para las piezas.<\/p>\n\n\n\n<p>Y no es s\u00f3lo Tesla. Los precios de producci\u00f3n alemanes de los productos industriales subieron un 30,9%, lo que supone la mayor tasa de aumento desde 1949. Las industrias alemanas se enfrentan a un aumento de los precios de la energ\u00eda en un 84%, con los precios del gas natural subiendo un 145%. El aumento de los precios llev\u00f3 al FMI a recortar su previsi\u00f3n de crecimiento para la econom\u00eda alemana en 1,7 puntos porcentuales.<\/p>\n\n\n\n<h2 class=\"wp-block-heading\">La crisis en China<\/h2>\n\n\n\n<p>China ya se encuentra en una fuerte desaceleraci\u00f3n debido a los confinamientos por el COVID, que se calcula que afectan a unos 300 millones de personas. La producci\u00f3n industrial cay\u00f3 un 2,9% y las ventas al por menor descendieron un 11% en abril. La producci\u00f3n de autom\u00f3viles baj\u00f3 un 41% y la construcci\u00f3n de nuevos edificios un 44%. (<a href=\"https:\/\/www.ft.com\/content\/850a6ffa-fc4e-412c-a4b8-205785a85b31\">China: peor<\/a>, Financial Times) Esto repercutir\u00e1 en toda la econom\u00eda mundial.<\/p>\n\n\n\n<p>El Banco Central y el gobierno intentan estimular el gasto de los consumidores aumentando el cr\u00e9dito. Pero las medidas est\u00e1n teniendo poco impacto. China est\u00e1 en plena crisis inmobiliaria, empezando por Evergrande. La semana pasada, otra empresa, Sunac, dej\u00f3 de pagar su deuda. Las medidas, similares a las llevadas a cabo en Occidente hace dos a\u00f1os, tendr\u00e1n poco impacto ahora y preparan una crisis peor en el futuro.<\/p>\n\n\n\n<p>En el \u00faltimo mes, gran parte de la producci\u00f3n manufacturera de China se ha visto obstaculizada por las estrictas medidas anti-COVID en Shanghai, el mayor puerto del mundo. Esto ha provocado una reducci\u00f3n de los costes de transporte, pero un aumento de los precios de todo lo dem\u00e1s.<\/p>\n\n\n\n<p>La ralentizaci\u00f3n de la producci\u00f3n en China eliminar\u00e1 el suministro de todo tipo de materias primas y bienes de consumo, presionando a\u00fan m\u00e1s los precios del mercado mundial. Por supuesto, en un momento dado se levantar\u00e1n los bloqueos, pero como hemos aprendido en los \u00faltimos dos a\u00f1os, cuando se levantan los cierres surgen todo tipo de cuellos de botella. El capitalismo, por su naturaleza an\u00e1rquica, es sencillamente incapaz de planificar tales acontecimientos, y la intervenci\u00f3n gubernamental es una herramienta poco eficaz para resolver estos problemas.<\/p>\n\n\n\n<h2 class=\"wp-block-heading\">Una amenaza para el comercio mundial<\/h2>\n\n\n\n<p>Con todas estas diferentes presiones que surgen sobre los precios, los Bancos Centrales ser\u00e1n incapaces de contener la situaci\u00f3n. Y lo que es m\u00e1s preocupante, la pandemia y las crecientes tensiones entre las potencias mundiales, con la guerra de Ucrania como colof\u00f3n, est\u00e1n haciendo retroceder la globalizaci\u00f3n.<\/p>\n\n\n\n<p>Larry Fink, el consejero delegado de la mayor gestora de activos del mundo, BlackRock, lo advert\u00eda en una reciente carta a los accionistas: \u00abLa invasi\u00f3n rusa a Ucrania ha puesto fin a la globalizaci\u00f3n que hemos vivido en las \u00faltimas tres d\u00e9cadas\u00bb.<\/p>\n\n\n\n<p>Desde los a\u00f1os 70, la inflaci\u00f3n se ha mantenido a raya en parte gracias a la globalizaci\u00f3n, ya que la creciente divisi\u00f3n internacional del trabajo ha reducido los costes. Lenin y Trotsky explicaron que hay dos barreras para el desarrollo de la econom\u00eda (fuerzas productivas) en el capitalismo: la propiedad privada y el Estado nacional. Este \u00faltimo fue parcialmente superado precisamente por la globalizaci\u00f3n. Las enormes f\u00e1bricas, como las que se han construido en Asia Oriental, que tienen un nivel de productividad muy alto, han hecho bajar los precios de los bienes de consumo.<\/p>\n\n\n\n<p>La globalizaci\u00f3n ha bajado el precio de la maquinaria y ha hecho m\u00e1s rentable la inversi\u00f3n en mecanizaci\u00f3n y otros dispositivos que ahorran trabajo. El FMI considera que la reducci\u00f3n de los aranceles y otras barreras comerciales son responsables del 60% de la reducci\u00f3n de los costes de la maquinaria en comparaci\u00f3n con los productos de consumo.<\/p>\n\n\n\n<p>As\u00ed pues, aunque la productividad del trabajo no haya crecido tanto como en el pasado, habr\u00eda sido a\u00fan peor sin la expansi\u00f3n del comercio mundial. La apertura del comercio mundial, lo que los comentaristas burgueses denominaron \u00abglobalizaci\u00f3n\u00bb, fue esencial para mantener el crecimiento de la econom\u00eda, y la inflaci\u00f3n a raya, durante las \u00faltimas d\u00e9cadas, pero esto ha llegado a su fin.<\/p>\n\n\n\n<h2 class=\"wp-block-heading\">El fin de la globalizaci\u00f3n<\/h2>\n\n\n\n<p>Con el retroceso de la globalizaci\u00f3n, las empresas se est\u00e1n dando cuenta de que sus cadenas de suministro son muy vulnerables a lo que llaman \u00abriesgos geopol\u00edticos\u00bb. Es decir, los conflictos en los que est\u00e1n implicadas las principales potencias imperialistas.<\/p>\n\n\n\n<p>As\u00ed, nos encontramos, por ejemplo, con que la industria automovil\u00edstica alemana tuvo que cerrar algunas l\u00edneas de producci\u00f3n por falta de los juegos de cables que se produc\u00edan en Ucrania. Esto afect\u00f3 a Volkswagen, BMW y al fabricante de camiones MAN.<\/p>\n\n\n\n<p>La UE y Estados Unidos intentan desesperadamente encontrar fuentes alternativas de petr\u00f3leo, di\u00e9sel y gas natural. Pero es muy dif\u00edcil y va a significar un combustible mucho m\u00e1s caro en el pr\u00f3ximo per\u00edodo.<\/p>\n\n\n\n<p>Aunque toda la atenci\u00f3n se centra en este momento en Rusia, el verdadero adversario de la burgues\u00eda estadounidense es China. La clase dominante estadounidense se ha dado cuenta de que algunos componentes clave se producen casi exclusivamente en China y sus alrededores, y est\u00e1 tomando medidas para reducir su dependencia de estos suministros. Pero este proceso de \u00abdesvinculaci\u00f3n\u00bb de los materiales producidos en China no es f\u00e1cil ni barato.<\/p>\n\n\n\n<h2 class=\"wp-block-heading\">El imprescindible litio<\/h2>\n\n\n\n<p>Mientras todo el mundo intenta pasarse a los coches el\u00e9ctricos, se plantea un gran interrogante sobre c\u00f3mo conseguir los componentes para las bater\u00edas, que es la parte m\u00e1s dif\u00edcil de producir del veh\u00edculo.<\/p>\n\n\n\n<p>En la actualidad, China produce el 80% del hidr\u00f3xido de litio para bater\u00edas, que es el componente clave de \u00e9stas. Aunque el litio suele extraerse en otros lugares, el refinado se realiza mayoritariamente en China.<\/p>\n\n\n\n<p>La pregunta que se hacen las empresas automovil\u00edsticas y otras es: \u00bfqu\u00e9 pasar\u00eda si Estados Unidos impusiera sanciones a China como lo est\u00e1 haciendo ahora con Rusia? \u00bfC\u00f3mo se las arreglar\u00edan todos los fabricantes que dependen de las bater\u00edas de litio?<\/p>\n\n\n\n<p>Ante esta incertidumbre, las empresas occidentales est\u00e1n desarrollando sus propias capacidades de producci\u00f3n de hidr\u00f3xido de litio. Una de las nuevas refiner\u00edas se est\u00e1 construyendo en Australia, en la zona minera de litio de Kwinana. Hacer el refinado en Australia proteger\u00eda la producci\u00f3n de Kwinana del riesgo geopol\u00edtico.<\/p>\n\n\n\n<p>Un operador de Redpoint Investment Management coment\u00f3 al Financial Times:<\/p>\n\n\n\n<p>\u00abEl hecho de que algunos de estos materiales vayan a ser tan importantes significa que se necesita diversidad de suministro. No se puede tener el riesgo de que provenga de un solo lugar\u00bb.<\/p>\n\n\n\n<p>Y continu\u00f3:<\/p>\n\n\n\n<p>\u00abTendr\u00e1n que llevar a cabo las operaciones bajo el gobierno australiano. [As\u00ed que] si tiene su sede en Australia, te libras del riesgo geopol\u00edtico\u00bb.<\/p>\n\n\n\n<p>Esta misma semana se han anunciado los planes de otra planta en el Reino Unido, como complemento a la construcci\u00f3n de nuevas f\u00e1bricas de bater\u00edas en Europa.<\/p>\n\n\n\n<h2 class=\"wp-block-heading\">\u00bfQui\u00e9n controla los microchips?<\/h2>\n\n\n\n<p>Otro ejemplo es la producci\u00f3n de semiconductores, el 75% de los cuales se producen ahora en Asia Oriental, con Taiw\u00e1n y Corea del Sur a la cabeza, pero tambi\u00e9n cada vez m\u00e1s en China. S\u00f3lo Taiw\u00e1n produce el 90% de los microchips m\u00e1s avanzados.<\/p>\n\n\n\n<p>A medida que China afirma cada vez m\u00e1s su control sobre el Mar de la China Meridional, tambi\u00e9n afirma su control sobre las rutas comerciales m\u00e1s importantes para los semiconductores. Cualquier sanci\u00f3n seria o guerra comercial entre China y Estados Unidos podr\u00eda cortar el suministro de semiconductores, que es esencial para todos los productos de l\u00ednea blanca, la electr\u00f3nica y los veh\u00edculos.<\/p>\n\n\n\n<p>Esto ha llevado a los gobiernos occidentales a intentar desarrollar su propia industria de microchips. Estados Unidos promulg\u00f3 una \u00abLey de chips\u00bb el a\u00f1o pasado, y la UE est\u00e1 siguiendo su ejemplo este a\u00f1o. Como declar\u00f3 recientemente el director general de Intel, Pat Gelsinger, \u00abpretendemos reconstruir toda la cadena de suministro en suelo estadounidense\u00bb. (<a href=\"https:\/\/archive.org\/details\/CSPAN2_20220324_105900_Company_Execs_Testify_on_Semiconductor_Shortage_Impact_on_Innovation\">Archivo Cspan<\/a>)<\/p>\n\n\n\n<p>El Presidente de EE.UU., Joe Biden, se hizo eco de sus palabras en un discurso pronunciado el 21 de enero: \u00abPoder decir Made in Ohio, Made in America, lo que sol\u00edamos poder decir siempre, hace 25-30 a\u00f1os. De eso se trata\u00bb. (<a href=\"https:\/\/www.whitehouse.gov\/briefing-room\/speeches-remarks\/2022\/01\/21\/remarks-by-president-biden-on-increasing-the-supply-of-semiconductors-and-rebuilding-our-supply-chains\/\">Remarks by President Biden On Increasing the Supply of Semiconductors And Rebuilding Our Supply Chains<\/a>)<\/p>\n\n\n\n<p>Esto es proteccionismo, puro y duro, y va a causar estragos en los mercados mundiales. Por supuesto, algunos de estos sectores se enfrentan a la escasez de todos modos, pero al poner barreras y conceder subvenciones a las empresas nacionales, los gobiernos y las empresas est\u00e1n aumentando el coste de producci\u00f3n.<\/p>\n\n\n\n<p>La remodelaci\u00f3n de las cadenas de suministro conducir\u00e1 inevitablemente a precios m\u00e1s altos a largo plazo. Es una de las consecuencias de la guerra comercial con China que comenz\u00f3 bajo el mandato de Trump, y que contin\u00faa hasta hoy. Pero se amplific\u00f3 primero con la pandemia y ahora con la guerra de Ucrania y las sanciones resultantes.<\/p>\n\n\n\n<p>Al alejar sus cadenas de suministro de Rusia y China, las empresas las encarecen. Sin embargo, en medio de unas relaciones internacionales cada vez m\u00e1s convulsas, no tienen muchas opciones.<\/p>\n\n\n\n<h2 class=\"wp-block-heading\">El coste de la guerra<\/h2>\n\n\n\n<p>En todo esto, la clase dirigente est\u00e1 diciendo solemnemente a los trabajadores que es nuestro deber hacer lo correcto y mantener las sanciones a Rusia. Tanto Biden como la secretaria de Asuntos Exteriores del Reino Unido, Truss, sugirieron que habr\u00e1 que pagar un precio, pero que es un precio que vale la pena pagar. Por supuesto, no lo pagar\u00e1n ellos mismos.<\/p>\n\n\n\n<p>Se les pedir\u00e1 a los trabajadores que paguen las decenas de miles de millones de d\u00f3lares en armas que se est\u00e1n vertiendo en Ucrania en alg\u00fan momento. Se les pedir\u00e1 que paguen el aumento masivo del gasto militar interno. No existe el almuerzo gratis, como los comentaristas capitalistas siempre est\u00e1n dispuestos a se\u00f1alar.<\/p>\n\n\n\n<p>Pero la cosa no acaba ah\u00ed. La expansi\u00f3n masiva del gasto militar s\u00f3lo empeorar\u00e1 la inflaci\u00f3n. En lugar de utilizar los recursos para elevar los niveles de educaci\u00f3n, o invertir en nueva maquinaria, mejor transporte p\u00fablico o incluso carreteras, el gobierno ejercer\u00e1 a\u00fan m\u00e1s presi\u00f3n sobre los tensados mercados de materias primas para producir armas muy caras. En el mejor de los casos, estas armas no son m\u00e1s que piezas de chatarra muy caras; en el peor, se utilizar\u00e1n para matar a trabajadores y agricultores, y para destruir f\u00e1bricas y granjas. Lejos de resolver los problemas de la econom\u00eda, s\u00f3lo empeoran la situaci\u00f3n.<\/p>\n\n\n\n<p>En un llamativo art\u00edculo en el Financial Times, Martin Sandbu expone lo que la clase dirigente est\u00e1 pensando, pero tiene el buen sentido de no decirlo demasiado alto. Menciona que la gente no podr\u00e1 comprar comida saludable para sus hijos, no podr\u00e1 pagar su energ\u00eda y que podr\u00edamos tener que racionar algunos bienes esenciales. Sugiere que los pol\u00edticos expliquen el dolor que se avecina y que se debe a la guerra (entre otras cosas), y luego dice que este es el \u00abprecio de la libertad&#8230; pagado por los ucranianos en primer lugar, pero tambi\u00e9n por muchos de ustedes\u00bb. (<a href=\"https:\/\/www.ft.com\/content\/d8e565b0-c769-46cc-9be3-4ed9a806d8e8\">Los l\u00edderes occidentales deben preparar al p\u00fablico para una econom\u00eda de guerra<\/a>)<\/p>\n\n\n\n<p>Con declaraciones tan solemnes, muchos trabajadores se preguntar\u00e1n si alguien va a pedirles su opini\u00f3n. \u00bfEs realmente la salud de sus hijos algo a sacrificar en el altar de las ambiciones imperialistas de la OTAN? Los comentaristas y los pol\u00edticos vuelven a hablar de que \u00abestamos todos juntos en esto\u00bb y de que \u00ablos hombros m\u00e1s anchos deben contribuir m\u00e1s\u00bb, pero en realidad la carga no est\u00e1 ni mucho menos repartida. Est\u00e1 muy claro que el precio de las luchas de poder imperialistas la pagan los trabajadores y los pobres, y nadie m\u00e1s, y el precio es cada vez m\u00e1s alto.<\/p>\n\n\n\n<h2 class=\"wp-block-heading\">La nueva normalidad<\/h2>\n\n\n\n<p>\u00abEl presidente Jay Powell ha enfatizado la importancia de un &#8216;aterrizaje suave&#8217;. Patrick Harker, de la Reserva Federal (Fed) de Filadelfia, advierte que la Fed no debe \u00abarruinar la econom\u00eda\u00bb siendo \u00abdemasiado agresiva\u00bb con la inflaci\u00f3n. La presidenta de San Francisco, Mary Daly, dijo que la Fed deber\u00eda realizar una subida tal que la inflaci\u00f3n cayera al 2%, dentro de cinco a\u00f1os, lo que implica que se conforma con que se mantenga por encima del objetivo del Banco Central durante media d\u00e9cada\u00bb. (<a href=\"https:\/\/www.ft.com\/content\/a56854c7-ffdb-4437-85fd-2ab1f96e0b23\">La Fed ha cambiado su mensaje, pero no de la manera que usted piensa<\/a>, Financial Times Alphaville)<\/p>\n\n\n\n<p>Los burgueses est\u00e1n ahora seriamente preocupados por la perspectiva de una inflaci\u00f3n que no pueden controlar. La perspectiva ahora no es la de un r\u00e1pido retorno a la inflaci\u00f3n del 2% m\u00e1s o menos, sino que esta mayor inflaci\u00f3n durar\u00e1 a\u00f1os y posiblemente d\u00e9cadas.<\/p>\n\n\n\n<p>Esto tiene serias implicaciones para la lucha de clases. Una inflaci\u00f3n de entre el 5% y el 10% consumir\u00e1 r\u00e1pidamente los salarios y reducir\u00e1 los ingresos reales. Ser\u00e1 una transferencia muy r\u00e1pida de dinero de los trabajadores, que recibir\u00e1n menos por sus salarios, a las empresas, que cobrar\u00e1n precios m\u00e1s altos.<\/p>\n\n\n\n<p>No todas las empresas se beneficiar\u00e1n, principalmente ser\u00e1n los grandes monopolios. Pueden controlar los precios de los proveedores y pueden fijar los precios para los consumidores sin correr el riesgo de que otras empresas les rebajen el precio. Los perdedores ser\u00e1n la clase trabajadora, a menos que luchen por defender el poder adquisitivo de sus salarios. La inflaci\u00f3n es, pues, una receta acabada para la lucha de clases.<\/p>\n\n\n\n<p>Es sintom\u00e1tico del periodo que se avecina que la presidenta del Banco Central Europeo, Christine Lagarde, tuviera que enviar un correo electr\u00f3nico a los empleados del BCE argumentando en contra de vincular los aumentos salariales a la inflaci\u00f3n (una escala m\u00f3vil de salarios). Dijo que \u00abuna indexaci\u00f3n de los salarios a la inflaci\u00f3n no es deseable ni est\u00e1 prevista\u00bb. Al parecer, el sindicato que representa a estos trabajadores hab\u00eda pedido precisamente esa indexaci\u00f3n. (<a href=\"https:\/\/www.bloomberg.com\/news\/articles\/2022-05-09\/lagarde-spurns-ecb-staff-plea-for-pay-rises-linked-to-inflation\">Lagarde rechaza la petici\u00f3n del personal del BCE de una subida salarial ligada a los precios<\/a>)<\/p>\n\n\n\n<p>Lagarde sabe que es una cuesti\u00f3n explosiva. No tiene el menor inter\u00e9s en dar ejemplo a los dem\u00e1s, porque este tipo de exigencias son inherentes a la situaci\u00f3n. \u00bfDe qu\u00e9 sirve acordar un aumento salarial del 3, 4 o 5 por ciento si la inflaci\u00f3n resulta ser del 8%? Los trabajadores tendr\u00e1n que estar constantemente en guardia o ver\u00e1n desaparecer el poder adquisitivo de sus salarios.<\/p>\n\n\n\n<p>Estas presiones inflacionarias obligar\u00e1n a responder, no s\u00f3lo a los trabajadores de los pa\u00edses avanzados, sino a los miles de millones de pobres de los antiguos pa\u00edses coloniales, que apenas pueden permitirse comprar alimentos. Los movimientos en Sri Lanka y Kazajst\u00e1n fueron desencadenados por el aumento espectacular del coste de la vida. Estos pa\u00edses no ser\u00e1n los \u00faltimos en los que veamos este tipo de acontecimientos.<\/p>\n\n\n\n<p>La inflaci\u00f3n persistente es una se\u00f1al de que el sistema capitalista est\u00e1 en una profunda crisis, de que no puede encontrar un equilibrio. Ahora, muchos pa\u00edses se enfrentan a la perspectiva poco atractiva tanto de una alta inflaci\u00f3n como de una recesi\u00f3n. Los imperialistas occidentales, tan entusiasmados por hacer sangrar a Rusia en Ucrania, llegar\u00e1n a lamentar sus acciones. La continuaci\u00f3n de la guerra est\u00e1 haciendo que la situaci\u00f3n vaya de mal en peor. La inflaci\u00f3n actuar\u00e1 como el topo que socava los ya inestables sistemas pol\u00edticos de todo el mundo.<\/p>\n","protected":false},"excerpt":{"rendered":"<p>La crisis de Ucrania ha creado una tormenta inflacionaria perfecta. La guerra, las sanciones occidentales a Rusia, la pandemia, el proteccionismo y el cambio clim\u00e1tico est\u00e1n deshaciendo d\u00e9cadas de bajos precios de las materias primas en una crisis que no hace m\u00e1s que profundizarse.<\/p>\n","protected":false},"author":5,"featured_media":10565,"comment_status":"open","ping_status":"open","sticky":false,"template":"","format":"standard","meta":{"footnotes":""},"categories":[483],"tags":[167,272,214],"post_format":[],"flags":[],"class_list":["post-10564","post","type-post","status-publish","format-standard","has-post-thumbnail","hentry","category-principales","tag-crisis","tag-inflacion","tag-proteccionismo"],"jetpack_featured_media_url":"https:\/\/luchadeclases.com\/wp-content\/uploads\/2022\/06\/war_prices_Image_In_Defence_of_Marxism.jpeg","_links":{"self":[{"href":"https:\/\/luchadeclases.com\/index.php?rest_route=\/wp\/v2\/posts\/10564","targetHints":{"allow":["GET"]}}],"collection":[{"href":"https:\/\/luchadeclases.com\/index.php?rest_route=\/wp\/v2\/posts"}],"about":[{"href":"https:\/\/luchadeclases.com\/index.php?rest_route=\/wp\/v2\/types\/post"}],"author":[{"embeddable":true,"href":"https:\/\/luchadeclases.com\/index.php?rest_route=\/wp\/v2\/users\/5"}],"replies":[{"embeddable":true,"href":"https:\/\/luchadeclases.com\/index.php?rest_route=%2Fwp%2Fv2%2Fcomments&post=10564"}],"version-history":[{"count":1,"href":"https:\/\/luchadeclases.com\/index.php?rest_route=\/wp\/v2\/posts\/10564\/revisions"}],"predecessor-version":[{"id":10566,"href":"https:\/\/luchadeclases.com\/index.php?rest_route=\/wp\/v2\/posts\/10564\/revisions\/10566"}],"wp:featuredmedia":[{"embeddable":true,"href":"https:\/\/luchadeclases.com\/index.php?rest_route=\/wp\/v2\/media\/10565"}],"wp:attachment":[{"href":"https:\/\/luchadeclases.com\/index.php?rest_route=%2Fwp%2Fv2%2Fmedia&parent=10564"}],"wp:term":[{"taxonomy":"category","embeddable":true,"href":"https:\/\/luchadeclases.com\/index.php?rest_route=%2Fwp%2Fv2%2Fcategories&post=10564"},{"taxonomy":"post_tag","embeddable":true,"href":"https:\/\/luchadeclases.com\/index.php?rest_route=%2Fwp%2Fv2%2Ftags&post=10564"},{"taxonomy":"post_format","embeddable":true,"href":"https:\/\/luchadeclases.com\/index.php?rest_route=%2Fwp%2Fv2%2Fpost_format&post=10564"},{"taxonomy":"flags","embeddable":true,"href":"https:\/\/luchadeclases.com\/index.php?rest_route=%2Fwp%2Fv2%2Fflags&post=10564"}],"curies":[{"name":"wp","href":"https:\/\/api.w.org\/{rel}","templated":true}]}}