{"id":10602,"date":"2022-06-29T15:58:39","date_gmt":"2022-06-29T20:28:39","guid":{"rendered":"https:\/\/luchadeclases.org.ve\/?p=10602"},"modified":"2022-06-29T15:58:42","modified_gmt":"2022-06-29T20:28:42","slug":"masacre-en-la-valla-de-melilla-el-gobierno-y-la-burguesia-espanola-responsables","status":"publish","type":"post","link":"https:\/\/luchadeclases.com\/?p=10602","title":{"rendered":"Masacre en la valla de Melilla: el gobierno y la burgues\u00eda espa\u00f1ola, responsables"},"content":{"rendered":"\n<p>En la madrugada del viernes 24 de junio se produjo un intento multitudinario de saltar la valla de Melilla y cruzar al otro lado de la frontera por parte de varios cientos de migrantes, que result\u00f3 en la muerte de 37 personas confirmadas hasta ahora, seg\u00fan una ONG local, y 76 heridos, 13 de ellos graves. Este hecho se produce apenas unos meses despu\u00e9s de la ratificaci\u00f3n de las nuevas relaciones entre el gobierno espa\u00f1ol y la dictadura marroqu\u00ed.<\/p>\n\n\n\n<h2 class=\"wp-block-heading\"><strong>El gobierno es responsable<\/strong><\/h2>\n\n\n\n<p>Se trata de la mayor tragedia producida en esta frontera hasta la fecha. Testigos, periodistas y v\u00eddeos que documentaron el suceso relatan c\u00f3mo tanto los gendarmes marroqu\u00edes como miembros de la polic\u00eda y guardia civil realizaron cargas y agred\u00edan con violencia a todos los migrantes que intentaban cruzar la valla. Un caso llamativo de esta intervenci\u00f3n son las im\u00e1genes de los gendarmes marroqu\u00edes golpeando, cargando y realizando devoluciones en caliente con total impunidad dentro de la frontera espa\u00f1ola. En el pasado, las colaboraciones entre la polic\u00eda y los gendarmes en este tipo de operaciones eran usuales, pero esta es la primera vez que los gendarmes act\u00faan dentro de la frontera espa\u00f1ola. Este nivel de represi\u00f3n por parte de las fuerzas de seguridad provoc\u00f3 numerosas avalanchas en las que varias personas perdieron la vida por asfixia o siendo aplastadas. Adem\u00e1s, muchas personas cayeron desde lo alto de la valla que, en algunos puntos, llega a diez metros de altura.<\/p>\n\n\n\n<p>Si hay algo que pueda estar a la altura de la rabia y el estupor que producen las im\u00e1genes de personas muertas y heridas amontonadas en el suelo son las palabras de Pedro S\u00e1nchez al referirse a los hechos. El presidente ha cargado de forma hip\u00f3crita contra la trata de personas alegando y criminalizando a los migrantes que lo \u00fanico que buscan es un futuro mejor lejos de la guerra y el hambre, causadas por el saqueo de los pa\u00edses africanos por las multinacionales europeas y chinas. S\u00e1nchez ha calificado los hechos como un acto \u00abviolento y organizado por parte de mafias que trafican con seres humanos a una ciudad que es territorio espa\u00f1ol\u00bb. \u00abFue un ataque a la entidad territorial de un pa\u00eds de manera violenta\u00bb. \u00a1Como si inmigrantes pobres y desesperados hubieran atacado la frontera con armas y bombas mientras que solo llevaban sus manos y torsos desnudos! Las declaraciones del presidente no se detuvieron ah\u00ed y a\u00fan le falt\u00f3 tiempo para deshacerse en halagos hacia las fuerzas y cuerpos de seguridad que actuaron de forma desproporcionada y que provocaron la muerte de decenas de personas. \u201cSi ustedes ven las im\u00e1genes, ver\u00e1n que la gendarmer\u00eda marroqu\u00ed se ha empe\u00f1ado a fondo en tratar de evitar este asalto violento a la valla de Melilla. Es importante reconocer el extraordinario trabajo que est\u00e1n haciendo las Fuerzas y Cuerpos de Seguridad del Estado en Melilla, en la lucha contra la migraci\u00f3n irregular, y tambi\u00e9n reconocer el trabajo que ha hecho el Gobierno marroqu\u00ed para tratar de frenar un asalto violento que pone en cuesti\u00f3n nuestra propia integridad territorial\u201d.<\/p>\n\n\n\n<p>\u00a1Ni una palabra de lamento sobre los muertos, ninguna muestra de sensibilidad humana sobre esta matanza de personas pobres! Estas declaraciones no expresan sino otra cosa que la sumisi\u00f3n de la pol\u00edtica exterior del Estado espa\u00f1ol a los intereses de la dictadura marroqu\u00ed y a los intereses del imperialismo yanki, pero tambi\u00e9n a los intereses que tiene el gran capital espa\u00f1ol, las grandes empresas del IBEX y otras, en Marruecos en todo tipo de sectores: agr\u00edcola, industriales y comerciales. Ellos son tan responsables como S\u00e1nchez de esta masacre.<\/p>\n\n\n\n<p>El trato inhumano a estos inmigrantes pobres pone al desnudo la hipocres\u00eda repugnante de \u201cdefensa de los derechos humanos\u201d que les gusta exhibir a las \u201cdemocracias\u201d capitalistas de los pa\u00edses ricos, basada en la bajeza moral, la codicia y el racismo. Contrasta este trato canalla hacia los subsaharianos con las palmas de olivo con que han recibido, s\u00f3lo en Espa\u00f1a, a m\u00e1s de 100.000 refugiados ucranianos en apenas un mes, para los que parece que no hay problemas de alojamiento, de subsidios, ayudas e incluso de trabajo. Ning\u00fan hip\u00f3crita reaccionario de PP y Vox ha clamado al cielo por la \u201cinvasi\u00f3n\u201d de ucranianos, ni le ha exigido a S\u00e1nchez o Yolanda D\u00edaz que los metan en sus casas, como reclaman hist\u00e9ricamente cada vez que desde la izquierda nos pronunciamos contra la pol\u00edtica represiva contra los inmigrantes.<\/p>\n\n\n\n<h2 class=\"wp-block-heading\"><strong>El acuerdo con Marruecos era esto<\/strong><\/h2>\n\n\n\n<p>Los halagos y agradecimientos del presidente S\u00e1nchez hacia la dictadura marroqu\u00ed y su actuaci\u00f3n en la frontera no son casualidad. S\u00e1nchez sabe que, en un contexto de incremento de las tensiones entre pa\u00edses, saqueo imperialista de los pa\u00edses pobres de \u00c1frica, crisis econ\u00f3mica global y cambio clim\u00e1tico, los movimientos migratorios no har\u00e1n m\u00e1s que crecer en los pr\u00f3ximos a\u00f1os. Por eso necesita la figura del \u201cportero de discoteca\u201d, que pueda mantener a raya a los \u201cindeseables\u201d y que no le tiemble el pulso a la hora de expulsar a quien no sea bienvenido, sea como sea. S\u00e1nchez ve en Marruecos al socio perfecto para cumplir con ese cometido y, por otro lado, a Marruecos no le importa hacer de esa figura, a cambio de una cosa: la pol\u00edtica exterior del gobierno espa\u00f1ol estar\u00e1 supeditada a los intereses no solo de la dictadura marroqu\u00ed, sino de uno de sus socios y valedores m\u00e1s importantes, Estados Unidos. Al final vemos que, en materia de pol\u00edtica exterior, no hay apenas diferencias entre un gobierno de PSOE\u2013UP y gobiernos como el de Zapatero, Rajoy y Aznar. A la hora de los hechos la pol\u00edtica exterior del Estado espa\u00f1ol se caracteriza por el servilismo al imperialismo norteamericano, (servilismo que inaugur\u00f3 el franquismo y que a d\u00eda de hoy poco ha cambiado) y por la supeditaci\u00f3n a los intereses de la OTAN, como se ha visto recientemente en la guerra de Ucrania.<\/p>\n\n\n\n<p>Si dejamos a un lado todos los eufemismos, las nuevas relaciones con Marruecos consist\u00edan lo siguiente: el Estado espa\u00f1ol renuncia a todas las pretensiones sobre el derecho de autodeterminaci\u00f3n del pueblo saharaui y se pliega a los intereses de Mohamed VI, y \u00e9ste le \u201cguarda el gallinero\u201d con la fuerza y el coste de vidas humanas que sea necesario.<\/p>\n\n\n\n<h2 class=\"wp-block-heading\"><strong>\u00bfCu\u00e1l es la posici\u00f3n de Unidas Podemos?<\/strong><\/h2>\n\n\n\n<p>Como, por desgracia, ya nos tienen acostumbrados, las quejas de los dirigentes de UP han sido tibias y lastimeras. De momento no han pasado de quejas abstractas sobre la pol\u00edtica de fronteras y sobre las nuevas relaciones con Marruecos. En lo pr\u00e1ctico, lo \u00fanico que se ha efectuado es una solicitud de investigaci\u00f3n a la Uni\u00f3n Europea para que investigue los hechos. Y es que la situaci\u00f3n en la que se encuentra UP no es f\u00e1cil. Por un lado, se encuentran maniatados a un gobierno que no dudar\u00e1 en emplear las armas que sean necesarias para contener a las personas que intenten cruzar la frontera y que, adem\u00e1s, se presenta como el lacayo m\u00e1s servil de los intereses de Estados Unidos y la OTAN. Por otro lado, no son capaces de organizar nada que salga fuera de lo puramente institucional. Que lo \u00fanico que puedan ofrecer sea una supuesta investigaci\u00f3n por parte de la UE dice mucho de la bancarrota ideol\u00f3gica y organizativa en la que est\u00e1n sumidos. \u00bfA que Uni\u00f3n Europea han pedido una investigaci\u00f3n? \u00bfA la misma que lleva a\u00f1os condenando a los refugiados sirios y de zonas de Oriente Medio a malvivir en campos de refugiados en Lesbos? \u00bfA aquella que condena a morir ahogados a cientos de personas en el Mediterr\u00e1neo todos los a\u00f1os mientras que los refugiados ucranianos son recibidos con los brazos abiertos? Seguro que la Uni\u00f3n Europea estar\u00e1 tremendamente disgustada con la actuaci\u00f3n del gobierno espa\u00f1ol y la dictadura marroqu\u00ed.<\/p>\n\n\n\n<p>Debemos rechazar toda la charlataner\u00eda y todas las medidas de medias tintas sobre este asunto. Los movimientos migratorios ser\u00e1n m\u00e1s fuertes y m\u00e1s recurrentes en los pr\u00f3ximos a\u00f1os. El capitalismo solo ofrece una soluci\u00f3n ante esta perspectiva: m\u00e1s muros, m\u00e1s concertinas, m\u00e1s violencia, m\u00e1s muerte. Los comunistas ofrecemos otra perspectiva m\u00e1s esperanzadora y fruct\u00edfera: la de la expropiaci\u00f3n de los ricos, la del control de las principales palancas de la econom\u00eda por los trabajadores y la de la plena democracia representada por la democracia obrera. Solo as\u00ed podremos acabar no solo con el drama de la inmigraci\u00f3n, sino con todos los males que azotan a nuestra clase. La pobreza, el hambre, la desigualdad ser\u00e1n problemas del pasado. Las fronteras se difuminar\u00e1n cada vez m\u00e1s hasta eliminarse en pos de la hermandad mundial libre y voluntaria de los pueblos. Solo as\u00ed, el ser humano conocer\u00e1 la verdadera libertad.<\/p>\n","protected":false},"excerpt":{"rendered":"<p>En la madrugada del viernes 24 de junio se produjo un intento multitudinario de saltar la valla de Melilla y cruzar al otro lado de la frontera por parte de varios cientos de migrantes, que result\u00f3 en la muerte de 37 personas confirmadas hasta ahora, seg\u00fan una ONG local, y 76 heridos, 13 de ellos graves. Este hecho se produce apenas unos meses despu\u00e9s de la ratificaci\u00f3n de las nuevas relaciones entre el gobierno espa\u00f1ol y la dictadura marroqu\u00ed.<\/p>\n","protected":false},"author":5,"featured_media":10603,"comment_status":"open","ping_status":"open","sticky":false,"template":"","format":"standard","meta":{"footnotes":""},"categories":[850,483],"tags":[260,865],"post_format":[],"flags":[],"class_list":["post-10602","post","type-post","status-publish","format-standard","has-post-thumbnail","hentry","category-estado-espanol","category-principales","tag-estado-espanol","tag-masacre"],"jetpack_featured_media_url":"https:\/\/luchadeclases.com\/wp-content\/uploads\/2022\/06\/Melilla_Border_Wall_article_Image_AMDH_Nador.jpeg","_links":{"self":[{"href":"https:\/\/luchadeclases.com\/index.php?rest_route=\/wp\/v2\/posts\/10602","targetHints":{"allow":["GET"]}}],"collection":[{"href":"https:\/\/luchadeclases.com\/index.php?rest_route=\/wp\/v2\/posts"}],"about":[{"href":"https:\/\/luchadeclases.com\/index.php?rest_route=\/wp\/v2\/types\/post"}],"author":[{"embeddable":true,"href":"https:\/\/luchadeclases.com\/index.php?rest_route=\/wp\/v2\/users\/5"}],"replies":[{"embeddable":true,"href":"https:\/\/luchadeclases.com\/index.php?rest_route=%2Fwp%2Fv2%2Fcomments&post=10602"}],"version-history":[{"count":1,"href":"https:\/\/luchadeclases.com\/index.php?rest_route=\/wp\/v2\/posts\/10602\/revisions"}],"predecessor-version":[{"id":10604,"href":"https:\/\/luchadeclases.com\/index.php?rest_route=\/wp\/v2\/posts\/10602\/revisions\/10604"}],"wp:featuredmedia":[{"embeddable":true,"href":"https:\/\/luchadeclases.com\/index.php?rest_route=\/wp\/v2\/media\/10603"}],"wp:attachment":[{"href":"https:\/\/luchadeclases.com\/index.php?rest_route=%2Fwp%2Fv2%2Fmedia&parent=10602"}],"wp:term":[{"taxonomy":"category","embeddable":true,"href":"https:\/\/luchadeclases.com\/index.php?rest_route=%2Fwp%2Fv2%2Fcategories&post=10602"},{"taxonomy":"post_tag","embeddable":true,"href":"https:\/\/luchadeclases.com\/index.php?rest_route=%2Fwp%2Fv2%2Ftags&post=10602"},{"taxonomy":"post_format","embeddable":true,"href":"https:\/\/luchadeclases.com\/index.php?rest_route=%2Fwp%2Fv2%2Fpost_format&post=10602"},{"taxonomy":"flags","embeddable":true,"href":"https:\/\/luchadeclases.com\/index.php?rest_route=%2Fwp%2Fv2%2Fflags&post=10602"}],"curies":[{"name":"wp","href":"https:\/\/api.w.org\/{rel}","templated":true}]}}