{"id":10991,"date":"2022-11-04T19:33:24","date_gmt":"2022-11-05T00:03:24","guid":{"rendered":"https:\/\/luchadeclases.org.ve\/?p=10991"},"modified":"2022-11-04T19:33:27","modified_gmt":"2022-11-05T00:03:27","slug":"brasil-frente-unico-del-movimiento-obrero-estudiantil-y-popular-para-acabar-con-los-bloqueos-bolsonaristas","status":"publish","type":"post","link":"https:\/\/luchadeclases.com\/?p=10991","title":{"rendered":"Brasil: Frente \u00fanico del movimiento obrero, estudiantil y popular para acabar con los bloqueos bolsonaristas"},"content":{"rendered":"\n<p>Bolsonaro no se ha pronunciado hasta ahora porque no quiere aceptar la derrota, pero no pudo conseguir apoyo pol\u00edtico para cuestionar el resultado de las urnas.&nbsp;Uno a uno, sus aliados han ido reconociendo la victoria de Lula-Alckmin dejando a Bolsonaro cada vez m\u00e1s aislado.&nbsp;Puede que aun tenga alguna esperanza de que los cortes de carretera montados por bolsonaristas radicalizados crezcan y le den en la calle el apoyo que necesita para alguna aventura.&nbsp;Pero es una esperanza vana.&nbsp;Las instituciones burguesas le est\u00e1n cercando hasta que la \u00fanica opci\u00f3n l\u00facida que le quede a Bolsonaro sea conceder la derrota.<\/p>\n\n\n\n<p>Mientras tanto, la fuerza policial que el (Tribunal Supremo Federal) STF ha determinado que debe desbloquear las carreteras, la Polic\u00eda Federal de Carreteras (PRF), se ha mostrado leal a Bolsonaro desde el domingo operando en contra de las determinaciones del (Tribunal Supremo Electoral) TSE, dificultando la concurrencia a votar y ahora, incluso con \u00f3rdenes del STF de deshacer los bloqueos, hemos visto videos que muestran a agentes de la PRF colaborando con los camioneros de Bolsonaro, aconsej\u00e1ndoles que muevan los piquetes, etc.<\/p>\n\n\n\n<p>En algunos estados, los propios habitantes de los barrios proletarios (y de los sectores obreros de las f\u00e1bricas y astilleros) donde se producen los bloqueos se han organizado para hacer lo que la PRF no har\u00e1: desbloquear las carreteras.&nbsp;Ahora, el Movimiento de Trabajadores Sin Techo (MTST) ha decidido enviar su militancia a los lugares con bloqueos para deshacerlos.&nbsp;Lo que estamos viendo es un intento ultra minoritario de los bolsonaristas m\u00e1s radicales y desesperados por intentar una reacci\u00f3n \u00aborganizada\u00bb.&nbsp;Este intento, extremadamente d\u00e9bil, s\u00f3lo contin\u00faa hasta ahora por la connivencia del PRF.&nbsp;En la historia siempre hemos visto que la reacci\u00f3n s\u00f3lo es combatida eficazmente por el proletariado y no por la burgues\u00eda.<\/p>\n\n\n\n<p>As\u00ed, la Izquierda Marxista no s\u00f3lo apoya la decisi\u00f3n del MTST, sino que llama a sus militantes a participar junto al MTST en las acciones de desbloqueo de las carreteras.&nbsp;Es responsabilidad de las direcciones del PT, del PSOL, de la CUT, de la UNE, de los sindicatos, de las organizaciones estudiantiles y de los movimientos populares, movilizar a sus bases para romper lo que queda de estos bloqueos y dar una respuesta de clase a la extrema derecha bolsonarista.&nbsp;Es necesario actuar con rapidez y ocupar el lugar que nos corresponde en la historia en este momento.<\/p>\n\n\n\n<p>Comit\u00e9 Ejecutivo de la Esquerda Marxista,<\/p>\n\n\n\n<p>1 de noviembre de 2022.<\/p>\n","protected":false},"excerpt":{"rendered":"<p>Bolsonaro no se ha pronunciado hasta ahora porque no quiere aceptar la derrota, pero no pudo conseguir apoyo pol\u00edtico para cuestionar el resultado de las urnas.\u00a0Uno a uno, sus aliados han ido reconociendo la victoria de Lula-Alckmin dejando a Bolsonaro cada vez m\u00e1s aislado.\u00a0Puede que aun tenga alguna esperanza de que los cortes de carretera montados por bolsonaristas radicalizados crezcan y le den en la calle el apoyo que necesita para alguna aventura.\u00a0Pero es una esperanza vana.\u00a0Las instituciones burguesas le est\u00e1n cercando hasta que la \u00fanica opci\u00f3n l\u00facida que le quede a Bolsonaro sea conceder la derrota.<\/p>\n","protected":false},"author":5,"featured_media":10992,"comment_status":"open","ping_status":"open","sticky":false,"template":"","format":"standard","meta":{"footnotes":""},"categories":[7,483],"tags":[964,130,963],"post_format":[],"flags":[],"class_list":["post-10991","post","type-post","status-publish","format-standard","has-post-thumbnail","hentry","category-brasil","category-principales","tag-bloqueos-bolsonaristas","tag-brasil","tag-frente-unico-2"],"jetpack_featured_media_url":"https:\/\/luchadeclases.com\/wp-content\/uploads\/2022\/11\/Esquerda_Marxista_Statement_Image_Esquerda_Marxista.jpeg","_links":{"self":[{"href":"https:\/\/luchadeclases.com\/index.php?rest_route=\/wp\/v2\/posts\/10991","targetHints":{"allow":["GET"]}}],"collection":[{"href":"https:\/\/luchadeclases.com\/index.php?rest_route=\/wp\/v2\/posts"}],"about":[{"href":"https:\/\/luchadeclases.com\/index.php?rest_route=\/wp\/v2\/types\/post"}],"author":[{"embeddable":true,"href":"https:\/\/luchadeclases.com\/index.php?rest_route=\/wp\/v2\/users\/5"}],"replies":[{"embeddable":true,"href":"https:\/\/luchadeclases.com\/index.php?rest_route=%2Fwp%2Fv2%2Fcomments&post=10991"}],"version-history":[{"count":2,"href":"https:\/\/luchadeclases.com\/index.php?rest_route=\/wp\/v2\/posts\/10991\/revisions"}],"predecessor-version":[{"id":10994,"href":"https:\/\/luchadeclases.com\/index.php?rest_route=\/wp\/v2\/posts\/10991\/revisions\/10994"}],"wp:featuredmedia":[{"embeddable":true,"href":"https:\/\/luchadeclases.com\/index.php?rest_route=\/wp\/v2\/media\/10992"}],"wp:attachment":[{"href":"https:\/\/luchadeclases.com\/index.php?rest_route=%2Fwp%2Fv2%2Fmedia&parent=10991"}],"wp:term":[{"taxonomy":"category","embeddable":true,"href":"https:\/\/luchadeclases.com\/index.php?rest_route=%2Fwp%2Fv2%2Fcategories&post=10991"},{"taxonomy":"post_tag","embeddable":true,"href":"https:\/\/luchadeclases.com\/index.php?rest_route=%2Fwp%2Fv2%2Ftags&post=10991"},{"taxonomy":"post_format","embeddable":true,"href":"https:\/\/luchadeclases.com\/index.php?rest_route=%2Fwp%2Fv2%2Fpost_format&post=10991"},{"taxonomy":"flags","embeddable":true,"href":"https:\/\/luchadeclases.com\/index.php?rest_route=%2Fwp%2Fv2%2Fflags&post=10991"}],"curies":[{"name":"wp","href":"https:\/\/api.w.org\/{rel}","templated":true}]}}