{"id":11063,"date":"2022-11-29T12:02:06","date_gmt":"2022-11-29T16:32:06","guid":{"rendered":"https:\/\/luchadeclases.org.ve\/?p=11063"},"modified":"2022-11-29T12:32:25","modified_gmt":"2022-11-29T17:02:25","slug":"exigimos-respuesta-que-se-cumpla-la-leycarta-publica-a-la-ministra-de-asuntos-penitenciarios-mirelys-contreras","status":"publish","type":"post","link":"https:\/\/luchadeclases.com\/?p=11063","title":{"rendered":"Exigimos respuesta \u00a1Que se cumpla la ley! Carta P\u00fablica a la Ministra de Asuntos Penitenciarios Mirelys Contreras"},"content":{"rendered":"\n<p>Ciudadana Ministra, el pasado martes 22 de noviembre del presente a\u00f1o, siendo las 10:30 am, los miembros del Comit\u00e9 de Familiares y Amigxs por la Libertad de lxs trabajadorxs presxs, junto al esposo y padre de la compa\u00f1era Johana Gonz\u00e1lez, nos dirigimos a las instalaciones del ministerio que usted preside, para hacer entrega de un escrito en el que le solicitamos revisara el caso de la compa\u00f1era Johana Gonz\u00e1lez.<br><br>Johana cuenta con boleta de excarcelaci\u00f3n emitida el 29 de abril del presente a\u00f1o por el juzgado d\u00e9cimo tercero de primera instancia en funciones de ejecuci\u00f3n del Circuito Judicial Penal del \u00e1rea metropolitana de Caracas, y sin embargo, 200 d\u00edas despu\u00e9s todav\u00eda se encuentra recluida en el INOF.<br><br>En la misma carta solicitamos se efect\u00fae la correspondiente evaluaci\u00f3n psicol\u00f3gica de los compa\u00f1eros Argenis Torrealba y Alfredo Chirinos, quienes se encuentran en espera de dicha evaluaci\u00f3n desde el 27 de abril del a\u00f1o en curso, cu\u00e1ndo fueron entregados en la direcci\u00f3n correspondiente del Ministerio de Servicios Penitenciarios los oficios emitidos por el juzgado decimoquinto de primera instancia en funciones de ejecuci\u00f3n del Circuito Judicial Penal del \u00e1rea metropolitana de Caracas.<\/p>\n\n\n\n<p><br><strong>Usted nos recibi\u00f3 dicha solicitud personalmente, y se comprometi\u00f3 a darnos respuesta una vez fuesen revisados los casos.<\/strong>&nbsp;Ha pasado una semana y vemos con preocupaci\u00f3n que no hemos tenido respuesta alguna.<br><br><strong>\u00a1Lo injusto no nos es indiferente!<\/strong><br><br><strong>Comit\u00e9 de Familiares y Amigxs por la libertad de lxs trabajadorxs presxs<\/strong><\/p>\n","protected":false},"excerpt":{"rendered":"<p>Ciudadana Ministra, el pasado martes 22 de noviembre del presente a\u00f1o, siendo las 10:30 am, los miembros del Comit\u00e9 de Familiares y Amigxs por la Libertad de lxs trabajadorxs presxs, junto al esposo y padre de la compa\u00f1era Johana Gonz\u00e1lez, nos dirigimos a las instalaciones del ministerio que usted preside, para hacer entrega de un escrito en el que le solicitamos revisara el caso de la compa\u00f1era Johana Gonz\u00e1lez.<\/p>\n","protected":false},"author":5,"featured_media":11064,"comment_status":"open","ping_status":"open","sticky":false,"template":"","format":"standard","meta":{"footnotes":""},"categories":[41,483],"tags":[991,990],"post_format":[],"flags":[],"class_list":["post-11063","post","type-post","status-publish","format-standard","has-post-thumbnail","hentry","category-colaboraciones","category-principales","tag-carta-publica","tag-comite-de-familiares-y-amigxs-por-la-libertad-de-lxs-trabajadorxs-presxs"],"jetpack_featured_media_url":"https:\/\/luchadeclases.com\/wp-content\/uploads\/2022\/11\/comite.webp","_links":{"self":[{"href":"https:\/\/luchadeclases.com\/index.php?rest_route=\/wp\/v2\/posts\/11063","targetHints":{"allow":["GET"]}}],"collection":[{"href":"https:\/\/luchadeclases.com\/index.php?rest_route=\/wp\/v2\/posts"}],"about":[{"href":"https:\/\/luchadeclases.com\/index.php?rest_route=\/wp\/v2\/types\/post"}],"author":[{"embeddable":true,"href":"https:\/\/luchadeclases.com\/index.php?rest_route=\/wp\/v2\/users\/5"}],"replies":[{"embeddable":true,"href":"https:\/\/luchadeclases.com\/index.php?rest_route=%2Fwp%2Fv2%2Fcomments&post=11063"}],"version-history":[{"count":2,"href":"https:\/\/luchadeclases.com\/index.php?rest_route=\/wp\/v2\/posts\/11063\/revisions"}],"predecessor-version":[{"id":11067,"href":"https:\/\/luchadeclases.com\/index.php?rest_route=\/wp\/v2\/posts\/11063\/revisions\/11067"}],"wp:featuredmedia":[{"embeddable":true,"href":"https:\/\/luchadeclases.com\/index.php?rest_route=\/wp\/v2\/media\/11064"}],"wp:attachment":[{"href":"https:\/\/luchadeclases.com\/index.php?rest_route=%2Fwp%2Fv2%2Fmedia&parent=11063"}],"wp:term":[{"taxonomy":"category","embeddable":true,"href":"https:\/\/luchadeclases.com\/index.php?rest_route=%2Fwp%2Fv2%2Fcategories&post=11063"},{"taxonomy":"post_tag","embeddable":true,"href":"https:\/\/luchadeclases.com\/index.php?rest_route=%2Fwp%2Fv2%2Ftags&post=11063"},{"taxonomy":"post_format","embeddable":true,"href":"https:\/\/luchadeclases.com\/index.php?rest_route=%2Fwp%2Fv2%2Fpost_format&post=11063"},{"taxonomy":"flags","embeddable":true,"href":"https:\/\/luchadeclases.com\/index.php?rest_route=%2Fwp%2Fv2%2Fflags&post=11063"}],"curies":[{"name":"wp","href":"https:\/\/api.w.org\/{rel}","templated":true}]}}