{"id":11248,"date":"2023-03-20T17:40:03","date_gmt":"2023-03-20T22:10:03","guid":{"rendered":"https:\/\/luchadeclases.org.ve\/?p=11248"},"modified":"2023-03-20T17:40:07","modified_gmt":"2023-03-20T22:10:07","slug":"kosovo-y-la-situacion-actual-en-los-balcanes","status":"publish","type":"post","link":"https:\/\/luchadeclases.com\/?p=11248","title":{"rendered":"Kosovo y la situaci\u00f3n actual en los Balcanes"},"content":{"rendered":"\n<p>Desde hace varios meses, nos bombardean con im\u00e1genes sobre una supuesta e inminente escalada militar entre Kosovo y Serbia. Con la guerra de Ucrania como tel\u00f3n de fondo, se habla de la posibilidad de que se reabran viejas heridas.<\/p>\n\n\n\n<p><em>Nota: este art\u00edculo fue escrito originalmente en enero de 2023<\/em><\/p>\n\n\n\n<p>Sin embargo, para evaluar con precisi\u00f3n la probabilidad de que se produzcan estos nuevos conflictos en el sudeste de Europa, es necesario partir de un an\u00e1lisis de la situaci\u00f3n econ\u00f3mica y de los intere ses de las clases dominantes en la regi\u00f3n, as\u00ed como de los intereses del imperialismo.<\/p>\n\n\n\n<h2 class=\"wp-block-heading\">Los Balcanes en manos de los imperialistas<\/h2>\n\n\n\n<p>Comenzaremos con la situaci\u00f3n en Serbia. Adem\u00e1s de Turqu\u00eda, Serbia es el \u00fanico pa\u00eds candidato a la UE que no ha impuesto sanciones a Rusia. La principal raz\u00f3n para abstenerse de imponer sanciones reside en el hecho de que Serbia depende completamente del gas ruso, as\u00ed como en el hecho de que Rusia apoya la posici\u00f3n serbia respecto a Kosovo. Aunque hemos visto intentos de diversificaci\u00f3n, como recurrir al suministro de gas de Azerbaiy\u00e1n, la situaci\u00f3n actual revela un panorama claro.<\/p>\n\n\n\n<p>Todas las grandes centrales t\u00e9rmicas de Pan\u010devo, Novi Sad y Zrenjanin dependen del gas ruso. Incluso la infraestructura de gasoductos es propiedad de la empresa energ\u00e9tica estatal rusa Gazprom. Serbia recibe gas ruso a trav\u00e9s del gasoducto Turkstream, que atraviesa Bulgaria hasta llegar a Serbia. La mayor parte del gas ruso que llega a Serbia lo hace a trav\u00e9s del llamado \u00abTok balc\u00e1nico\u00bb, que es una prolongaci\u00f3n del gasoducto Turkstream. En el futuro existe la posibilidad de adquirir parte de esas reservas en otros lugares, pero por ahora no hay otra opci\u00f3n: las cantidades ofrecidas por Azerbaiy\u00e1n no son suficientes.<\/p>\n\n\n\n<p>Por tanto, imponer sanciones a Rusia significar\u00eda arriesgarse a una escasez de gas en Serbia y, por tanto, a un aumento del precio al consumo. Todo ello en un momento en que los precios inmobiliarios y los alquileres en Belgrado son los m\u00e1s altos de toda la regi\u00f3n. El coste de la vida en la capital serbia es insoportable incluso para gran parte de las capas medias de la sociedad, por no hablar de las familias obreras de a pie. Un gran n\u00famero de j\u00f3venes y estudiantes se ven obligados a regresar a casa de sus padres. Muchos incluso abandonan las ciudades y regresan a peque\u00f1os pueblos y aldeas. Junto con el crecimiento de la inflaci\u00f3n, todo esto podr\u00eda amenazar la estabilidad del r\u00e9gimen de Aleksandar Vu\u010di\u0107.<\/p>\n\n\n\n<p>Sin embargo, al propio Vu\u010di\u0107 le gustar\u00eda mucho intensificar la cooperaci\u00f3n con la Uni\u00f3n Europea, como demostr\u00f3 durante la Cumbre \u00abBalcanes abiertos\u00bb celebrada en Belgrado, en la que pidi\u00f3 a los l\u00edderes de la UE que le ayudaran con la obtenci\u00f3n de suministros de energ\u00eda alternativos. Edi Rama, Primer Ministro de Albania, coincidi\u00f3 a gritos con Vu\u010di\u0107, seg\u00fan inform\u00f3&nbsp;<em>Radio Free Europe&nbsp;<\/em>(Radio Slobodna Evropa):<\/p>\n\n\n\n<p>\u00abRecordamos bien c\u00f3mo, al principio de la pandemia, los pa\u00edses de los Balcanes occidentales se vieron obligados a recurrir a China, Rusia, Turqu\u00eda&#8230; porque la Uni\u00f3n Europea s\u00f3lo se miraba a s\u00ed misma\u00bb.<\/p>\n\n\n\n<p>Anunci\u00f3 que los dirigentes de Serbia, Macedonia y Albania se dirigir\u00e1n por escrito a Bruselas y que estar\u00edan \u00abmuy satisfechos\u00bb si los dirigentes de los otros tres pa\u00edses (Bosnia-Herzegovina, Montenegro y Kosovo) se unieran a ellos\u00bb.<\/p>\n\n\n\n<p>El mero hecho de que la Uni\u00f3n Europea no haya impuesto sanciones a Serbia, a pesar de que amenaz\u00f3 con hacerlo hace unos meses, demuestra que los gobernantes europeos son muy conscientes del problema. Les gustar\u00eda mucho acabar con la influencia rusa en los Balcanes, pero simplemente son incapaces de suministrar el gas necesario. Sufren los mismos problemas en sus propios pa\u00edses. No cabe duda de que intentan acercar Serbia a Europa por otros medios, pero esto es tambi\u00e9n lo que Vu\u010di\u0107 ha estado intentando conseguir. Durante los meses anteriores, Vu\u010di\u0107 se volvi\u00f3 hacia la Uni\u00f3n Europea en cada momento importante.<\/p>\n\n\n\n<p>Si examinamos la inversi\u00f3n extranjera directa en Serbia, la raz\u00f3n por la que est\u00e1 tan orientada pol\u00edticamente hacia Europa Occidental se hace evidente: la Uni\u00f3n Europea ha sido el mayor y m\u00e1s importante inversor en Serbia durante a\u00f1os. Esta tendencia ha continuado y se ha intensificado recientemente: solo en 2022, la Uni\u00f3n Europea invirti\u00f3 m\u00e1s dinero en Serbia que China y Rusia juntas. En el periodo de enero a junio de 2022, la UE invirti\u00f3 m\u00e1s de 1.500 millones de euros.<\/p>\n\n\n\n<p>Esto no significa que las inversiones chinas y rusas sean irrelevantes, de hecho, son las justas para que Vu\u010di\u0107 pueda contar con ellas en cierta medida a la hora de negociar con la Uni\u00f3n Europea. Pero la decisi\u00f3n de China de invertir menos en el proyecto \u00abRuta de la Seda\u00bb en la regi\u00f3n revela claramente cu\u00e1les son las principales fuerzas econ\u00f3micas en los Balcanes. Desde el colapso de la antigua Yugoslavia, al que contribuy\u00f3 conscientemente sobre todo el capital alem\u00e1n y austriaco, el capital de Europa Occidental ha sido el factor dominante en esta regi\u00f3n.<\/p>\n\n\n\n<p>Adem\u00e1s de estos procesos, hay que tener en cuenta c\u00f3mo ha evolucionado la situaci\u00f3n en los Balcanes desde los a\u00f1os noventa. Por aquel entonces, la divisi\u00f3n de los nuevos mercados no hab\u00eda hecho m\u00e1s que empezar. Hoy, la divisi\u00f3n se ha completado. Los Estados que se crearon en el suelo de la antigua Yugoslavia atravesaron un largo proceso de reestructuraci\u00f3n, no s\u00f3lo en cuanto a la relaci\u00f3n de propiedad de los medios de producci\u00f3n, sino tambi\u00e9n a trav\u00e9s del proceso de aparici\u00f3n de nuevas potencias regionales.<\/p>\n\n\n\n<p>Serbia, como pa\u00eds con la mayor poblaci\u00f3n, el mayor mercado interior, recursos naturales clave, as\u00ed como regiones industriales, que se extienden desde el granero de Vojvodina hasta los ricos recursos de hierro, cromo, manganeso y el control de una parte importante del Danubio, era un candidato atractivo para diversas inversiones internacionales. Sin embargo, pas\u00f3 alg\u00fan tiempo hasta que se produjo un aumento significativo de las inversiones, solo despu\u00e9s de que Vu\u010di\u0107 llegara al poder fluyeron realmente. El r\u00e9gimen anterior, aunque se declaraba proeuropeo, no demostr\u00f3 ser un socio leal y eficaz de la Uni\u00f3n Europea. Solo Vu\u010di\u0107 consigui\u00f3 preparar un \u00abbuen clima empresarial\u00bb para los imperialistas destruyendo el sector p\u00fablico con medidas de austeridad, concediendo enormes subvenciones a los inversores extranjeros y ofreciendo mano de obra barata. Sobre esa base, se produjo un gran aumento de las inversiones. Serbia se convirti\u00f3 en un pa\u00eds relevante en la regi\u00f3n, y la burgues\u00eda serbia compradora consigui\u00f3 dar un paso adelante sirviendo al capital extranjero.<\/p>\n\n\n\n<p>Serbia se convirti\u00f3 as\u00ed en un factor importante en la regi\u00f3n, y hoy tiene abiertamente grandes intereses econ\u00f3micos propios en establecer una cooperaci\u00f3n de mercado con otros pa\u00edses de la regi\u00f3n. En los pa\u00edses de los \u00abBalcanes abiertos\u00bb, es decir, en Macedonia y Albania, el acuerdo de libre comercio ha cimentado a\u00fan m\u00e1s el predominio de las mercanc\u00edas serbias. Incluso en Kosovo, pa\u00eds que no es miembro de la Iniciativa Balcanes Abiertos, el valor total de las importaciones serbias aument\u00f3 un 27% en 2022 (casi 60 millones de euros). Aunque la actividad econ\u00f3mica entre ambos pa\u00edses se ha visto algo obstaculizada por los recientes conflictos, observamos un proceso de integraci\u00f3n econ\u00f3mica en la regi\u00f3n. La situaci\u00f3n es muy diferente a la de finales de los \u201890, los distintos pa\u00edses est\u00e1n mucho m\u00e1s conectados entre s\u00ed a trav\u00e9s de lazos econ\u00f3micos y de mercado.<\/p>\n\n\n\n<h2 class=\"wp-block-heading\">\u00bfNuevos conflictos en Kosovo?<\/h2>\n\n\n\n<p>Como pa\u00eds, Kosovo es esencialmente un protectorado occidental. Gracias a la presi\u00f3n militar occidental durante la d\u00e9cada de 1990, finalmente pudo declarar su independencia en 2008. En la actualidad, el imperialismo estadounidense sigue desempe\u00f1ando un papel clave en Kosovo, pero incluso aqu\u00ed las principales inversiones proceden ahora de la Uni\u00f3n Europea. La Fuerza para Kosovo (KFOR) es una fuerza armada de \u00abmantenimiento de la paz\u00bb bajo la direcci\u00f3n de la OTAN, fuerzas armadas que protegen eficazmente los intereses del capital estadounidense y europeo. Aunque las instituciones del norte de Kosovo est\u00e1n estrechamente relacionadas con las instituciones de Serbia, Kosovo como pa\u00eds tiene sus \u00abpropias\u00bb instituciones y su \u00abpropio\u00bb aparato estatal. Escribimos \u00abpropio\u00bb entre comillas, porque el monopolio estatal de la violencia depende en gran medida de los imperialistas.<\/p>\n\n\n\n<p>Unos 100.000 serbios (el 6% de la poblaci\u00f3n) viven actualmente en Kosovo. La mitad de ellos vive en el norte de Kosovo, mientras que la otra mitad est\u00e1 en el sur. En general, los serbios del norte de Kosovo tienen sus propias instituciones, independientes de las de Kosovo. Adem\u00e1s, tambi\u00e9n disfrutan de ciertas ventajas, que la burgues\u00eda serbia utiliza para incentivar su permanencia en Kosovo.<\/p>\n\n\n\n<p>La minor\u00eda serbia de Kosovo es un importante instrumento de presi\u00f3n de la burgues\u00eda serbia sobre el gobierno kosovar. No le importan los intereses de la gente corriente de Kosovo. S\u00f3lo utiliza a la minor\u00eda serbia como instrumento para influir en el gobierno kosovar y desviar la atenci\u00f3n de los problemas de Serbia. Siempre que hay una crisis pol\u00edtica en Serbia, siempre que la situaci\u00f3n econ\u00f3mica hace la vida especialmente insoportable, alguna provocaci\u00f3n del gobierno kosovar es muy bienvenida desde el punto de vista de la clase dominante serbia.<\/p>\n\n\n\n<p>Sin embargo, dado el dominio del capital europeo en la regi\u00f3n, es deseable un acercamiento a\u00fan mayor entre Kosovo y Serbia. En ambos pa\u00edses, el capital europeo es el factor dominante. Si bien la negativa de Kosovo a unirse a los \u201cBalcanes abiertos\u201d este verano es una expresi\u00f3n de aut\u00e9ntico desacuerdo entre la Belgrado oficial y la Pristina oficial, declarando el presidente kosovar Albin Kurti que no ve ninguna perspectiva de unirse, sigue existiendo un fuerte inter\u00e9s econ\u00f3mico por parte de la clase dirigente kosovar en participar en la cooperaci\u00f3n:<\/p>\n\n\n\n<p>\u00abDebido a la negativa a unirse a la iniciativa regional \u00abBalcanes abiertos\u00bb, Kosovo pierde en libertad de circulaci\u00f3n tanto de personas como de mercanc\u00edas, as\u00ed como un mercado m\u00e1s amplio para los productores locales, eval\u00faa Visar Imeri, director ejecutivo del Instituto de Pol\u00edtica Social \u00abMusine Kokalari\u00bb, con sede en Pristina\u201d.<\/p>\n\n\n\n<p>En el contexto de todos estos acontecimientos, a finales del a\u00f1o pasado sali\u00f3 a la superficie una cuesti\u00f3n que ya llevaba tiempo desarroll\u00e1ndose: la de las placas de matr\u00edculas de los veh\u00edculos. Esta cuesti\u00f3n parece algo completamente secundario, pero en realidad refleja la naturaleza de todo el proceso. Los habitantes del norte de Kosovo han utilizado durante mucho tiempo placas de matr\u00edculas serbias en sus veh\u00edculos, y no ten\u00edan que quit\u00e1rselas cuando viajaban de Kosovo a Serbia, y viceversa. Sin embargo, las personas con placas de matr\u00edculas kosovares no pod\u00edan entrar en Serbia tan f\u00e1cilmente: ten\u00edan que cubrir sus placas de matr\u00edculas kosovares y a\u00f1adir una etiqueta serbia. Como consecuencia, el gobierno kosovar dictamin\u00f3 finalmente que los conductores serbios tambi\u00e9n tendr\u00edan que hacer lo mismo en Kosovo y que las placas de matr\u00edculas serbias dejar\u00edan de ser reconocidas.<\/p>\n\n\n\n<p>La administraci\u00f3n de Belgrado se indign\u00f3 por esta decisi\u00f3n, hubo movilizaciones de la minor\u00eda serbia en el norte y bloqueos de carreteras. En respuesta, el gobierno de Kosovo envi\u00f3 unidades de la ROSU para aplicar la medida de cubrir y marcar las placas de matr\u00edculas. Justo en el momento en que Pristina quer\u00eda empezar a multar a los conductores con placas de matr\u00edculas serbias, apareci\u00f3 la \u00abvieja y buena voz\u00bb de la conciencia: en forma de llamada de la Casa Blanca con la petici\u00f3n de aplazar la aplicaci\u00f3n de las multas. La Uni\u00f3n Europea agradeci\u00f3 en voz alta a sus socios estadounidenses su cooperaci\u00f3n. Y cuando por fin pas\u00f3 ese nuevo plazo, se alcanz\u00f3 un nuevo acuerdo bajo los auspicios de la Uni\u00f3n Europea.<\/p>\n\n\n\n<p>La situaci\u00f3n no se resolvi\u00f3 con este acuerdo: sigue pendiente una soluci\u00f3n a largo plazo con el fin de \u00abnormalizar\u00bb las relaciones entre Serbia y Kosovo. Tras alcanzar el acuerdo, la situaci\u00f3n volvi\u00f3 a recrudecerse varias veces: hubo una concentraci\u00f3n de personas en el norte, se volvieron a levantar barricadas e incluso se dispar\u00f3 contra un ni\u00f1o y un joven serbios. Sin embargo, estas \u00abescaladas\u00bb no son el comienzo de un nuevo conflicto militar. Al contrario. Todos estos conflictos menores reflejan el proceso de aproximaci\u00f3n a un acuerdo. Cada una de las partes intenta obtener de la otra el mayor n\u00famero posible de concesiones.<\/p>\n\n\n\n<p>Las autoridades de Belgrado, por ejemplo, est\u00e1 hablando de la creaci\u00f3n de la \u00abComunidad de Municipios Serbios\u00bb (ZSO) en Kosovo, que mientras tanto \u00a1est\u00e1 siendo incluso abiertamente apoyada por el imperialismo americano! El s\u00e1bado 21 de enero, el enviado de EEUU para los Balcanes Occidentales, Gabriel Escobar, anunci\u00f3 que \u00abAlbin Kurti no tiene que estar de acuerdo. Kosovo ha aceptado\u00bb. El viernes 20 de enero, incluso Vu\u010di\u0107 dijo que estaban \u00abdispuestos\u00bb a aceptar la nueva propuesta de acuerdo.<\/p>\n\n\n\n<p>Es ciertamente dif\u00edcil evaluar c\u00f3mo ser\u00e1 el acuerdo final. Lo que es seguro es que no estamos hablando de la soluci\u00f3n de la cuesti\u00f3n de Kosovo, sino m\u00e1s bien del proceso de acercamiento entre las burgues\u00edas kosovar y serbia, bajo los auspicios del imperialismo occidental, a expensas de los trabajadores de ambos pa\u00edses. Sigue siendo un conflicto enquistado, con su propia din\u00e1mica, que nunca podr\u00e1 ser controlado completamente por ninguna de las partes.<\/p>\n\n\n\n<p>Aun as\u00ed, los intereses materiales son claros: la burgues\u00eda serbia quiere tener la oportunidad de influir directamente en el gobierno de Kosovo mediante el establecimiento de la ZSO. La pr\u00e1ctica debe mostrar c\u00f3mo ser\u00e1 realmente un acuerdo, pero un instrumento fuerte de dominio directo ser\u00eda mucho mejor para la burgues\u00eda serbia que barricadas regulares o amenazas. El presidente Kurti, por supuesto, no quiere que se establezca la ZSO.<\/p>\n\n\n\n<p>Pero si tenemos en cuenta los intereses econ\u00f3micos, los intereses de los grandes grupos imperialistas y la situaci\u00f3n general de la regi\u00f3n, la cuesti\u00f3n no es si se llegar\u00e1 a un acuerdo, sino cu\u00e1ndo. S\u00f3lo sobre la base de un acuerdo es posible la integraci\u00f3n econ\u00f3mica de Kosovo y la integraci\u00f3n adicional de Serbia. Ambos pa\u00edses est\u00e1n en la esfera de influencia del capital estadounidense y europeo, y el acuerdo bajo la tutela de la Uni\u00f3n Europea revelar\u00e1 la pol\u00edtica servil de las clases dominantes serbia y kosovar.<\/p>\n\n\n\n<p>En cuanto a los serbios de Kosovo, mientras s\u00f3lo sean peones en el juego de la burgues\u00eda serbia su posici\u00f3n material no mejorar\u00e1 en absoluto. La Lista Serbia, el mayor partido serbio en Kosovo, no es m\u00e1s que un instrumento de control del norte de Kosovo por parte del Partido Progresista Serbio. Los serbios de Kosovo ya lo han entendido hasta cierto punto, como demuestran las recientes protestas del 8 de enero frente al edificio de la Lista Serbia en Mitrovica Norte, con lemas como \u00ab\u00a1Vu\u010di\u0107, Kosmet no te quiere!\u00bb. \u00ab\u00a1Nos has traicionado!\u00bb \u00ab\u00a1Ni siquiera queremos tu &#8216;ZSO&#8217;!\u00bb. \u00ab\u00a1Nos has vendido!\u00bb Tenemos que decir que este eslogan se mantiene dentro del marco del nacionalismo serbio y puede desarrollarse f\u00e1cilmente en: \u00abno queremos s\u00f3lo la ZSO, queremos todo Kosovo, porque Kosovo es Serbia\u00bb. Pero sigue siendo notable que este grupo insista en la paz y la cooperaci\u00f3n con los albaneses, y se dirija a Kurti mucho m\u00e1s que a Vu\u010di\u0107.<\/p>\n\n\n\n<p>En cuanto a los albaneses de Kosovo, nosotros, como marxistas, apoyamos su derecho a la autodeterminaci\u00f3n, vemos las pretensiones de la burgues\u00eda serbia de dominar Kosovo, y decimos abiertamente que ning\u00fan acuerdo traer\u00e1 una soluci\u00f3n a la cuesti\u00f3n nacional. El acuerdo con Serbia s\u00f3lo significa que la burgues\u00eda serbia se unir\u00e1 a las burgues\u00edas estadounidense y europea para dictar el curso del pa\u00eds.<\/p>\n\n\n\n<p>Los problemas econ\u00f3micos b\u00e1sicos de Serbia y Kosovo son los mismos. Ambos pa\u00edses est\u00e1n dominados por el capital imperialista. Los burgueses de ambos pa\u00edses venden \u00absu\u00bb mano de obra barata a los imperialistas. De hecho, el desarrollo econ\u00f3mico est\u00e1 bloqueado por la fragmentaci\u00f3n en pa\u00edses peque\u00f1os. La subida de los precios, el insoportable coste de la vida, la destrucci\u00f3n de todas las viejas conquistas sociales de Yugoslavia, todos estos fen\u00f3menos son id\u00e9nticos en Serbia y Kosovo.<\/p>\n\n\n\n<p>Los trabajadores de ambos pa\u00edses tienen los mismos problemas, sufren las mismas dificultades y, por tanto, tienen el mismo inter\u00e9s en luchar contra la dominaci\u00f3n del imperialismo y de las burgues\u00edas nacionales que aplican sus pol\u00edticas. Acabar con la subida de precios, superar las fronteras, crear buenas condiciones de vida, desarrollar econ\u00f3micamente los Balcanes, reconstruir la industria tras la destrucci\u00f3n durante las guerras de los a\u00f1os 90 (la mayor mina de Kosovo no se ha reconstruido hasta hoy), utilizar los recursos naturales en inter\u00e9s de la mayor\u00eda de la sociedad, resolver la cuesti\u00f3n nacional, todo esto es posible. Pero s\u00f3lo sobre la base de la toma de los medios de producci\u00f3n en manos de la clase obrera y la superaci\u00f3n del Estado-naci\u00f3n: en una Federaci\u00f3n Socialista Balc\u00e1nica. S\u00f3lo en el marco del socialismo es posible resolver todos estos problemas. Dimitrije Tucovi\u0107 pint\u00f3 la visi\u00f3n de tal federaci\u00f3n balc\u00e1nica hace m\u00e1s de 100 a\u00f1os:<\/p>\n\n\n\n<p>\u00abLos Balcanes sin peque\u00f1os Estados ni fronteras trazadas artificialmente, sin guerras fratricidas, liberados del dominio de los grandes capitalistas europeos, una rep\u00fablica balc\u00e1nica libre e independiente y unida, unos Balcanes desarrollados, en un alto nivel de desarrollo cultural, t\u00e9cnico y cient\u00edfico, y unos Balcanes que no pertenecieran al dominio de los reyes, sino s\u00f3lo al pueblo, al socialismo.\u00bb (Dimitrije Tucovi\u0107 (1975):&nbsp;<em>Sabrana Dela<\/em>, 2. 426-430. Beograd:&nbsp;<em>Rad<\/em>.)<\/p>\n","protected":false},"excerpt":{"rendered":"<p>Desde hace varios meses, nos bombardean con im\u00e1genes sobre una supuesta e inminente escalada militar entre Kosovo y Serbia. Con la guerra de Ucrania como tel\u00f3n de fondo, se habla de la posibilidad de que se reabran viejas heridas.Sin embargo, para evaluar con precisi\u00f3n la probabilidad de que se produzcan estos nuevos conflictos en el sudeste de Europa, es necesario partir de un an\u00e1lisis de la situaci\u00f3n econ\u00f3mica y de los intere ses de las clases dominantes en la regi\u00f3n, as\u00ed como de los intereses del imperialismo.<\/p>\n","protected":false},"author":5,"featured_media":11249,"comment_status":"open","ping_status":"open","sticky":false,"template":"","format":"standard","meta":{"footnotes":""},"categories":[1027,1026,483],"tags":[1028,1029,253],"post_format":[],"flags":[],"class_list":["post-11248","post","type-post","status-publish","format-standard","has-post-thumbnail","hentry","category-balcanes","category-kosovo","category-principales","tag-balcanes","tag-kosovo","tag-perspectivas"],"jetpack_featured_media_url":"https:\/\/luchadeclases.com\/wp-content\/uploads\/2023\/03\/KFOR_soldiers_Image_Nick_Macdonald.jpeg","_links":{"self":[{"href":"https:\/\/luchadeclases.com\/index.php?rest_route=\/wp\/v2\/posts\/11248","targetHints":{"allow":["GET"]}}],"collection":[{"href":"https:\/\/luchadeclases.com\/index.php?rest_route=\/wp\/v2\/posts"}],"about":[{"href":"https:\/\/luchadeclases.com\/index.php?rest_route=\/wp\/v2\/types\/post"}],"author":[{"embeddable":true,"href":"https:\/\/luchadeclases.com\/index.php?rest_route=\/wp\/v2\/users\/5"}],"replies":[{"embeddable":true,"href":"https:\/\/luchadeclases.com\/index.php?rest_route=%2Fwp%2Fv2%2Fcomments&post=11248"}],"version-history":[{"count":1,"href":"https:\/\/luchadeclases.com\/index.php?rest_route=\/wp\/v2\/posts\/11248\/revisions"}],"predecessor-version":[{"id":11250,"href":"https:\/\/luchadeclases.com\/index.php?rest_route=\/wp\/v2\/posts\/11248\/revisions\/11250"}],"wp:featuredmedia":[{"embeddable":true,"href":"https:\/\/luchadeclases.com\/index.php?rest_route=\/wp\/v2\/media\/11249"}],"wp:attachment":[{"href":"https:\/\/luchadeclases.com\/index.php?rest_route=%2Fwp%2Fv2%2Fmedia&parent=11248"}],"wp:term":[{"taxonomy":"category","embeddable":true,"href":"https:\/\/luchadeclases.com\/index.php?rest_route=%2Fwp%2Fv2%2Fcategories&post=11248"},{"taxonomy":"post_tag","embeddable":true,"href":"https:\/\/luchadeclases.com\/index.php?rest_route=%2Fwp%2Fv2%2Ftags&post=11248"},{"taxonomy":"post_format","embeddable":true,"href":"https:\/\/luchadeclases.com\/index.php?rest_route=%2Fwp%2Fv2%2Fpost_format&post=11248"},{"taxonomy":"flags","embeddable":true,"href":"https:\/\/luchadeclases.com\/index.php?rest_route=%2Fwp%2Fv2%2Fflags&post=11248"}],"curies":[{"name":"wp","href":"https:\/\/api.w.org\/{rel}","templated":true}]}}