{"id":11383,"date":"2023-06-07T19:16:49","date_gmt":"2023-06-07T23:46:49","guid":{"rendered":"https:\/\/luchadeclases.org.ve\/?p=11383"},"modified":"2023-06-07T19:16:52","modified_gmt":"2023-06-07T23:46:52","slug":"solidaridad-con-la-juventud-comunista-no-a-las-expulsiones-burocraticas","status":"publish","type":"post","link":"https:\/\/luchadeclases.com\/?p=11383","title":{"rendered":"Solidaridad con la Juventud Comunista \u00a1No a las expulsiones burocr\u00e1ticas!"},"content":{"rendered":"\n<p>La Corriente Marxista Internacional se solidariza con los camaradas de la direcci\u00f3n de la Uni\u00f3n de Juventudes Comunistas de Espa\u00f1a (UJCE) que han sido expulsados burocr\u00e1ticamente por la mayor\u00eda del Comit\u00e9 Central del Partido Comunista de Espa\u00f1a (PCE).<\/p>\n\n\n\n<p>Esto se ha producido tras un per\u00edodo en el que la direcci\u00f3n de la UJCE, rama juvenil del partido, ha venido haciendo cr\u00edticas muy duras a la direcci\u00f3n del PCE por la deriva socialdem\u00f3crata de su pol\u00edtica desde hace a\u00f1os. La UJCE ha criticado la implicaci\u00f3n del partido en la pol\u00edtica del gobierno PSOE-UP que, al final, ha terminado cediendo en las cuestiones fundamentales para los intereses de la clase dominante y del aparato del Estado (reforma laboral, ley Mordaza, pol\u00edtica de vivienda, reforma fiscal, guerra de Ucrania, etc.). Tambi\u00e9n se ha desmarcado del proyecto SUMAR, de Yolanda D\u00edaz, al cual se ha integrado el PCE, y que acertadamente es calificado de en\u00e9simo proyecto socialdem\u00f3crata condenado a fracasar.<\/p>\n\n\n\n<p>Muy correctamente, meses atr\u00e1s, la direcci\u00f3n de la UJCE tambi\u00e9n hizo una&nbsp;<a href=\"https:\/\/www.juventudes.org\/critica-a-la-iii-republica-como-via-al-socialismo\/\">aguda cr\u00edtica de la teor\u00eda de las dos etapas que defiende la direcci\u00f3n del PCE en su defensa de la rep\u00fablica<\/a>, y que \u00e9ste desliga de la lucha por el socialismo.<\/p>\n\n\n\n<p>En definitiva, la direcci\u00f3n de la UJCE ha venido criticando a la direcci\u00f3n del PCE por contentarse con una pol\u00edtica que se resume en tratar de repartir las migajas que caen del plato del gran capital, abandonando completamente cualquier perspectiva de transformaci\u00f3n socialista de la sociedad.<\/p>\n\n\n\n<p>La CMI comparte esta caracterizaci\u00f3n de la pol\u00edtica del PCE que, lamentablemente, ha frustrado a miles de militantes comunistas a lo largo de los a\u00f1os.<\/p>\n\n\n\n<p>Frente a esto, la direcci\u00f3n del PCE, en vez de oponer argumentos pol\u00edticos, ha recurrido a medidas organizativas de represi\u00f3n interna. Una aut\u00e9ntica direcci\u00f3n comunista, que conf\u00eda en su pol\u00edtica y sus argumentos, no debe recurrir a expulsiones para \u201cresolver\u201d diferencias pol\u00edticas. Justamente, eso refleja falta de confianza en sus propias posiciones. M\u00e1s a\u00fan cuando cerca de la mitad del Comit\u00e9 Central del PCE se opuso a la expulsi\u00f3n de estos compa\u00f1eros. En esta situaci\u00f3n, una verdadera direcci\u00f3n comunista abrir\u00eda el debate m\u00e1s amplio dentro del partido, para que fuera el conjunto de la militancia quien tuviera la \u00faltima palabra sobre los puntos en disputa.<\/p>\n\n\n\n<p>No cabe ninguna duda del agudo malestar que existe en gran parte de la base hacia la pol\u00edtica de la direcci\u00f3n agrupada alrededor de su secretario General, Enrique Santiago. Hoy pueden \u201czanjar\u201d diferencias pol\u00edticas con expulsiones y exclusiones, pero nuevas diferencias surgir\u00e1n, ya que est\u00e1n enraizadas en la pol\u00edtica equivocada de la direcci\u00f3n del PCE. Y si el aparato contin\u00faa por esta senda represiva eso solo puede conducir a la destrucci\u00f3n del partido mismo. Es hora de que los militantes honestos del partido den la voz de alarma y exijan una revisi\u00f3n completa de la pol\u00edtica y los fundamentos ideol\u00f3gicos del actual PCE, tan alejados de sus principios fundadores.<\/p>\n\n\n\n<p>Al final, la deriva socialdem\u00f3crata que ha conducido al PCE a esta situaci\u00f3n, y que los j\u00f3venes comunistas han criticado tan resueltamente, no ha sido ning\u00fan accidente. Pese a que el PCE conoci\u00f3 per\u00edodos heroicos e inspiradores, su historia de los \u00faltimos 95 a\u00f1os est\u00e1 enraizada en la degeneraci\u00f3n estalinista y burocr\u00e1tica de la antigua URSS y de la Internacional Comunista bajo Stalin. Dicha degeneraci\u00f3n condujo a la transformaci\u00f3n de los partidos comunistas de cada pa\u00eds en agencias nacionales de la burocracia sovi\u00e9tica, certificando su degeneraci\u00f3n nacional-reformista, que ha emergido una y otra vez, frustrando las energ\u00edas revolucionarias de la clase obrera, a lo largo de d\u00e9cadas.<\/p>\n\n\n\n<p>Los j\u00f3venes comunistas deben exigir cuentas al pasado y estudiar muy cuidadosamente ese periodo hist\u00f3rico, y en particular la revoluci\u00f3n espa\u00f1ola de los a\u00f1os 30 del siglo pasado, pues es all\u00ed donde debe buscarse la ra\u00edz de la deriva socialdem\u00f3crata que hoy ensombrece el destino de un partido, como el PCE, que ha jugado un papel transcendental en la historia del movimiento obrero espa\u00f1ol.<\/p>\n\n\n\n<p>Animamos, por \u00faltimo, a los j\u00f3venes comunistas a que mantengan su organizaci\u00f3n y su lucha. Estamos seguros de que ser\u00e1 as\u00ed. Desde la Corriente Marxista Internacional les tendemos nuestra mano y apoyo, con la seguridad de que nos encontrar\u00e1n participando codo con codo en el proceso para aportar al desarrollo de una aut\u00e9ntica alternativa comunista en el seno de nuestra clase.<\/p>\n","protected":false},"excerpt":{"rendered":"<p>La Corriente Marxista Internacional se solidariza con los camaradas de la direcci\u00f3n de la Uni\u00f3n de Juventudes Comunistas de Espa\u00f1a (UJCE) que han sido expulsados burocr\u00e1ticamente por la mayor\u00eda del Comit\u00e9 Central del Partido Comunista de Espa\u00f1a (PCE). <\/p>\n","protected":false},"author":5,"featured_media":11384,"comment_status":"open","ping_status":"open","sticky":false,"template":"","format":"standard","meta":{"footnotes":""},"categories":[351,4,483],"tags":[402,260],"post_format":[],"flags":[],"class_list":["post-11383","post","type-post","status-publish","format-standard","has-post-thumbnail","hentry","category-corriente-marxista-internacional","category-internacionales","category-principales","tag-corriente-marxista-internacional","tag-estado-espanol"],"jetpack_featured_media_url":"https:\/\/luchadeclases.com\/wp-content\/uploads\/2023\/06\/JC_Image_fair_use.jpeg","_links":{"self":[{"href":"https:\/\/luchadeclases.com\/index.php?rest_route=\/wp\/v2\/posts\/11383","targetHints":{"allow":["GET"]}}],"collection":[{"href":"https:\/\/luchadeclases.com\/index.php?rest_route=\/wp\/v2\/posts"}],"about":[{"href":"https:\/\/luchadeclases.com\/index.php?rest_route=\/wp\/v2\/types\/post"}],"author":[{"embeddable":true,"href":"https:\/\/luchadeclases.com\/index.php?rest_route=\/wp\/v2\/users\/5"}],"replies":[{"embeddable":true,"href":"https:\/\/luchadeclases.com\/index.php?rest_route=%2Fwp%2Fv2%2Fcomments&post=11383"}],"version-history":[{"count":2,"href":"https:\/\/luchadeclases.com\/index.php?rest_route=\/wp\/v2\/posts\/11383\/revisions"}],"predecessor-version":[{"id":11386,"href":"https:\/\/luchadeclases.com\/index.php?rest_route=\/wp\/v2\/posts\/11383\/revisions\/11386"}],"wp:featuredmedia":[{"embeddable":true,"href":"https:\/\/luchadeclases.com\/index.php?rest_route=\/wp\/v2\/media\/11384"}],"wp:attachment":[{"href":"https:\/\/luchadeclases.com\/index.php?rest_route=%2Fwp%2Fv2%2Fmedia&parent=11383"}],"wp:term":[{"taxonomy":"category","embeddable":true,"href":"https:\/\/luchadeclases.com\/index.php?rest_route=%2Fwp%2Fv2%2Fcategories&post=11383"},{"taxonomy":"post_tag","embeddable":true,"href":"https:\/\/luchadeclases.com\/index.php?rest_route=%2Fwp%2Fv2%2Ftags&post=11383"},{"taxonomy":"post_format","embeddable":true,"href":"https:\/\/luchadeclases.com\/index.php?rest_route=%2Fwp%2Fv2%2Fpost_format&post=11383"},{"taxonomy":"flags","embeddable":true,"href":"https:\/\/luchadeclases.com\/index.php?rest_route=%2Fwp%2Fv2%2Fflags&post=11383"}],"curies":[{"name":"wp","href":"https:\/\/api.w.org\/{rel}","templated":true}]}}