{"id":11439,"date":"2023-06-26T11:13:17","date_gmt":"2023-06-26T15:43:17","guid":{"rendered":"https:\/\/luchadeclases.org.ve\/?p=11439"},"modified":"2023-06-26T11:13:20","modified_gmt":"2023-06-26T15:43:20","slug":"horror-en-el-mediterraneo-un-crimen-racista-del-capitalismo-europeo","status":"publish","type":"post","link":"https:\/\/luchadeclases.com\/?p=11439","title":{"rendered":"Horror en el Mediterr\u00e1neo: un crimen racista del capitalismo europeo"},"content":{"rendered":"\n<p>En estos d\u00edas, los titulares de noticias que dominan en todo el mundo son la gran operaci\u00f3n de b\u00fasqueda y rescate para recuperar a un pu\u00f1ado de turistas adinerados, incluido un multimillonario brit\u00e1nico, que desaparecieron en el Atl\u00e1ntico en una aventura submarina para explorar el naufragio del Titanic. Mientras tanto, hay una conspiraci\u00f3n de silencio en los medios internacionales sobre los detalles de la muerte de 700 inmigrantes a bordo de una embarcaci\u00f3n en el Mediterr\u00e1neo la semana pasada, el resultado directo de un descuido deliberado e insensible hacia la vida humana.<\/p>\n\n\n\n<p>Si bien estos sucesos tr\u00e1gicos se han vuelto demasiado comunes, la magnitud de la tragedia del pasado mi\u00e9rcoles 14 de junio en el Mediterr\u00e1neo, cerca de la ciudad costera griega de Pylos, ha sacudido a millones de personas. Un barco de pesca sobrecargado de migrantes se hundi\u00f3 por razones que a\u00fan no se han establecido por completo. Ya se ha confirmado la muerte de 79 personas, pero eso es solo una fracci\u00f3n de las v\u00edctimas reales. Se estima que&nbsp;<a href=\"https:\/\/www.usnews.com\/news\/world\/articles\/2023-06-19\/fourteen-suspects-arrested-in-pakistan-over-greece-boat-disaster\">hasta 800 personas migrantes estaban a bordo&nbsp;<\/a>y, sin embargo, solo se han rescatado a 104 supervivientes. Seg\u00fan el testimonio de muchos de ellos, mujeres y hasta 100 ni\u00f1os viajaban en la bodega. Ninguno sobrevivi\u00f3.<\/p>\n\n\n\n<p>Se trata de uno de los naufragios m\u00e1s mort\u00edferos y tr\u00e1gicos del Mediterr\u00e1neo de los \u00faltimos a\u00f1os, en un mar que muchas veces se ha descrito, no sin raz\u00f3n, como un cementerio de almas. Seg\u00fan la Organizaci\u00f3n Internacional para las Migraciones, al menos 27.000 personas se han perdido en el Mediterr\u00e1neo desde que comenzaron los registros en 2014. 2.000 migrantes perdieron la vida en 2021 y 2.400 en 2022. Estas estimaciones, de hecho, se refieren al&nbsp;<em>m\u00ednimo<\/em>&nbsp;n\u00famero de muertos y desaparecidos.<\/p>\n\n\n\n<p>Si bien contin\u00faa apareciendo nueva informaci\u00f3n sobre las circunstancias del naufragio, una cosa est\u00e1 clara: los testimonios de los supervivientes y activistas est\u00e1n totalmente en desacuerdo con la versi\u00f3n &#8216;oficial&#8217; de la Guardia Costera griega. Se nos revela una imagen de cientos de vidas perdidas como resultado directo de la repugnante pol\u00edtica deliberada y dirigida por el gobierno de ignorar, acosar y &#8216;rechazar&#8217; a los migrantes en peligro en el mar.<\/p>\n\n\n\n<h2 class=\"wp-block-heading\">La historia oficial<\/h2>\n\n\n\n<p>Seg\u00fan los informes, la embarcaci\u00f3n parti\u00f3 de Tobruk, Libia, en direcci\u00f3n a Italia. Seg\u00fan la Guardia Costera griega, vieron el barco por primera vez al mediod\u00eda del martes 13 de junio. Afirman que luego ofrecieron ayuda, a lo que recibieron respuesta negativa, adem\u00e1s de una solicitud de abastecimiento de agua y alimentos. La embarcaci\u00f3n, nuevamente, seg\u00fan la afirmaci\u00f3n de la Guardia Costera, estaba \u00aben condiciones de navegar\u00bb y continu\u00f3 su curso, bajo la monitorizaci\u00f3n \u201cdiscreta\u201d de la Guardia Costera hasta que dej\u00f3 de moverse alrededor de las 2 am, y luego volc\u00f3, hundi\u00e9ndose por completo en minutos. En ese momento, la Guardia Costera lanz\u00f3 una operaci\u00f3n de b\u00fasqueda y rescate.<\/p>\n\n\n\n<p>Sin embargo, el testimonio de un activista que fue contactado varias veces por los ocupantes de la embarcaci\u00f3n, as\u00ed como la informaci\u00f3n publicada por el grupo Watch The Med Alarm Phone (una l\u00ednea directa autoorganizada para refugiados y migrantes en peligro en el mar Mediterr\u00e1neo) contradicen la versi\u00f3n de los hechos de la Guardia Costera. Seg\u00fan estos testimonios, el barco hab\u00eda dejado de moverse y estaba claramente en peligro desde las 5 p.m. (unas 9 horas antes de que volcara).&nbsp;<a href=\"https:\/\/www.bbc.com\/news\/world-europe-65942426\">esto fue confirmado por el an\u00e1lisis de la BBC&nbsp;<\/a>), poco despu\u00e9s hab\u00eda sido abandonado por el capit\u00e1n y los ocupantes hab\u00edan pedido \u00abcualquier ayuda\u00bb.<\/p>\n\n\n\n<p>Al mismo tiempo, la propia Guardia Costera admite que, si bien Frontex (Agencia Europea de la Guardia Costera y de Fronteras) le inform\u00f3 sobre el barco a las 11 de la ma\u00f1ana del martes (15 horas antes de que se produjera la tragedia), solo hizo un esfuerzo por confirmar su existencia tres horas despu\u00e9s (\u00a1a las 14:00!) cuando envi\u00f3 un helic\u00f3ptero (!), \u00a1que despeg\u00f3 de la isla de Lesbos, a m\u00e1s de 550 km del lugar donde se hundi\u00f3 el barco!<\/p>\n\n\n\n<p>La versi\u00f3n de los hechos de la Guardia Costera griega se contradice a\u00fan m\u00e1s por los supervivientes, algunos de los cuales afirman que fue el intento de remolcar el barco lo que provoc\u00f3 que volcara, algo que los primeros niegan haber intentado.<\/p>\n\n\n\n<p>La Guardia Costera griega ha mentido claramente para encubrir su papel en la causa de esta tragedia. Cada vez est\u00e1 m\u00e1s claro que la Guardia Costera retras\u00f3 deliberadamente su respuesta y acci\u00f3n (como parte de una estrategia que&nbsp;<a href=\"https:\/\/www.aljazeera.com\/opinions\/2023\/5\/17\/the-eu-is-weaponising-time-against-refugees-lives-be\">se denomina &#8216;tiempo de armamento&#8217;&nbsp;<\/a>), y cuando qued\u00f3 claro que el barco no pod\u00eda moverse (qued\u00e1ndose, por lo tanto, varado permanentemente en un \u00e1rea de responsabilidad griega) intentaron violentamente un &#8216;empuje&#8217;, que sali\u00f3 terriblemente mal.&nbsp;<a href=\"https:\/\/twitter.com\/brirmijihed\/status\/1670571137766510593\">Seg\u00fan un superviviente&nbsp;<\/a>, la Guardia Costera griega les dijo expl\u00edcitamente a los que estaban en el barco que los iban a empujar de regreso a aguas italianas.<\/p>\n\n\n\n<p>Esta es una de las tragedias m\u00e1s mort\u00edferas como resultado de la consumaci\u00f3n generalizada de la pol\u00edtica ilegal e inhumana del Estado capitalista griego y del gobierno de Mitsotakis hacia los migrantes y, en particular, la pol\u00edtica de \u00abretrocesos\u00bb de la Guardia Costera griega, mediante la cual los migrantes son devueltos por la fuerza a aguas internacionales y abandonados a su suerte.<\/p>\n\n\n\n<p>El gobierno griego ha intentado durante mucho tiempo negar que tiene una pol\u00edtica de &#8216;retrocesos&#8217;, pero el mes pasado se vio obligado a responder a las im\u00e1genes que mostraban a la Guardia Costera capturando a la fuerza a migrantes que hab\u00edan tocado tierra, coloc\u00e1ndolos en embarcaciones de la Guardia Costera y luego devolvi\u00e9ndolos a una balsa endeble, en alta mar. Otras im\u00e1genes han mostrado a la Guardia Costera griega embistiendo embarcaciones, tratando de perforar balsas inflables e incluso disparando municiones en las proximidades de los migrantes.<\/p>\n\n\n\n<p>La pura insensibilidad de la burgues\u00eda griega se puso de manifiesto&nbsp;<a href=\"https:\/\/www.theguardian.com\/global-development\/2023\/jan\/13\/long-awaited-trial-of-24-aid-workers-accused-of-espionage-starts-in-lesbos\">a principios de este a\u00f1o&nbsp;<\/a>con el juicio a 24 trabajadores de rescate de migrantes. \u00a1Estos trabajadores humanitarios est\u00e1n siendo criminalizados por salvar vidas humanas, y presentados perversamente como una red criminal de contrabando de migrantes! Es un claro intento de evitar el trabajo de salvar vidas.<\/p>\n\n\n\n<p>Los contrabandistas, como resultado, est\u00e1n recurriendo a viajes m\u00e1s largos y eligiendo rutas m\u00e1s arriesgadas, multiplicando el peligro para los migrantes.<\/p>\n\n\n\n<h2 class=\"wp-block-heading\">El &#8216;fort\u00edn europeo&#8217; racista<\/h2>\n\n\n\n<p>Por supuesto, la pol\u00edtica del Estado burgu\u00e9s griego es una extensi\u00f3n de la pol\u00edtica racista contra la inmigraci\u00f3n de la Uni\u00f3n Europea en su conjunto. El capitalismo europeo, que junto con el imperialismo estadounidense es el principal responsable de la ocupaci\u00f3n imperialista y las intervenciones militares en los pa\u00edses africanos y asi\u00e1ticos, est\u00e1 tratando a las v\u00edctimas inocentes de su pol\u00edtica exterior con vil brutalidad, convirtiendo el continente en un &#8216;fort\u00edn&#8217; y adoptando medidas tan vergonzosas como&nbsp;<a href=\"https:\/\/www.marxist.com\/eu-turkey-refugee-deal-of-shame.htm\">el acuerdo UE-Turqu\u00eda&nbsp;<\/a>.<\/p>\n\n\n\n<p>As\u00ed, los migrantes se enfrentan en sus pa\u00edses de origen a la manifestaci\u00f3n m\u00e1s salvaje de las contradicciones inherentes al capitalismo, un sistema en una crisis constante y cada vez m\u00e1s profunda. Como resultado, se ven obligados a elegir entre una vida de miseria y guerra en casa, y un viaje que, en el peor de los casos, quiz\u00e1s nunca completen y, en el mejor de los casos, los lleva a una vida de explotaci\u00f3n como trabajadores de segunda clase, blanco para siempre de los elementos m\u00e1s reaccionarios del pa\u00eds en el que intentan buscar &#8216;refugio&#8217;.<\/p>\n\n\n\n<p>La migraci\u00f3n no es solo un subproducto no deseado del sistema para los capitalistas, sino una herramienta muy \u00fatil y bienvenida. Las clases dominantes se aprovechan de trabajadores baratos tanto como necesiten. A medida que las condiciones pol\u00edticas, socioecon\u00f3micas y ambientales desplazan cada vez m\u00e1s seres humanos, las pol\u00edticas de cierre de fronteras y la misantrop\u00eda del capitalismo amenazar\u00e1n constantemente con crear cada vez m\u00e1s tragedias.<\/p>\n\n\n\n<p>Los trabajadores y j\u00f3venes en Grecia han demostrado una gran solidaridad desde el tr\u00e1gico naufragio. El 16 de junio, miles de personas se manifestaron en Atenas y Tesal\u00f3nica, con lemas como \u201cel gobierno y la Uni\u00f3n Europea matan\u201d y \u201cNo al fort\u00edn europeo, solidaridad con los refugiados\u201d.<\/p>\n\n\n\n<p>A ra\u00edz de esta tragedia, es deber de cada militante de izquierda, del movimiento obrero y de la juventud defender a los migrantes y refugiados. Hay una necesidad urgente de iniciativas concretas y unidas de la izquierda y de las organizaciones de masas de trabajadores y j\u00f3venes. Decimos:<\/p>\n\n\n\n<ul class=\"wp-block-list\">\n<li>\u00a1No a los retrocesos, no a las vallas! \u00a1Por la disoluci\u00f3n de Frontex! Abrir las fronteras europeas a los migrantes y refugiados. \u00a1Asilo para quienes lo soliciten y la concesi\u00f3n de documentos de viaje para viajar a los pa\u00edses europeos de su elecci\u00f3n!<\/li>\n\n\n\n<li>\u00a1No a la histeria c\u00ednica y xen\u00f3foba de la clase dominante y del gobierno griegos! \u00a1Abajo la Nueva Democracia racista, la derecha mis\u00e1ntropa y la extrema derecha! Fuera los apologistas y perpetradores en el gobierno de los cr\u00edmenes de la UE.<\/li>\n\n\n\n<li>\u00a1Por la solidaridad internacionalista y proletaria con los migrantes! \u00a1No son invasores, son v\u00edctimas del imperialismo: de la guerra, de la violencia, \u00a1de la explotaci\u00f3n y opresi\u00f3n capitalista! \u00a1Son hermanos de los trabajadores y de la juventud griega, y nuestros aliados en la causa de la lucha com\u00fan contra la barbarie capitalista!<\/li>\n\n\n\n<li>\u00a1Iniciativas inmediatas de los partidos de izquierda, organizaciones juveniles y sindicatos de masas, en coordinaci\u00f3n con el movimiento obrero europeo, para poner fin a las operaciones de guerra y retirar todos los ej\u00e9rcitos extranjeros de los pa\u00edses de \u00c1frica y Asia! \u00a1Por la apertura de las fronteras de todos los Estados europeos para recibir refugiados, ofrecerles atenci\u00f3n, asilo y asistencia en la integraci\u00f3n social!<\/li>\n<\/ul>\n","protected":false},"excerpt":{"rendered":"<p>En estos d\u00edas, los titulares de noticias que dominan en todo el mundo son la gran operaci\u00f3n de b\u00fasqueda y rescate para recuperar a un pu\u00f1ado de turistas adinerados, incluido un multimillonario brit\u00e1nico, que desaparecieron en el Atl\u00e1ntico en una aventura submarina para explorar el naufragio del Titanic. Mientras tanto, hay una conspiraci\u00f3n de silencio en los medios internacionales sobre los detalles de la muerte de 700 inmigrantes a bordo de una embarcaci\u00f3n en el Mediterr\u00e1neo la semana pasada, el resultado directo de un descuido deliberado e insensible hacia la vida humana.<\/p>\n","protected":false},"author":5,"featured_media":11440,"comment_status":"open","ping_status":"open","sticky":false,"template":"","format":"standard","meta":{"footnotes":""},"categories":[52,4,483],"tags":[962,1312,309],"post_format":[],"flags":[],"class_list":["post-11439","post","type-post","status-publish","format-standard","has-post-thumbnail","hentry","category-europa-2","category-internacionales","category-principales","tag-europa","tag-mediterraneo","tag-migracion"],"jetpack_featured_media_url":"https:\/\/luchadeclases.com\/wp-content\/uploads\/2023\/06\/Boat_disaster_Image_Hellenic_Coast_Guard.jpeg","_links":{"self":[{"href":"https:\/\/luchadeclases.com\/index.php?rest_route=\/wp\/v2\/posts\/11439","targetHints":{"allow":["GET"]}}],"collection":[{"href":"https:\/\/luchadeclases.com\/index.php?rest_route=\/wp\/v2\/posts"}],"about":[{"href":"https:\/\/luchadeclases.com\/index.php?rest_route=\/wp\/v2\/types\/post"}],"author":[{"embeddable":true,"href":"https:\/\/luchadeclases.com\/index.php?rest_route=\/wp\/v2\/users\/5"}],"replies":[{"embeddable":true,"href":"https:\/\/luchadeclases.com\/index.php?rest_route=%2Fwp%2Fv2%2Fcomments&post=11439"}],"version-history":[{"count":2,"href":"https:\/\/luchadeclases.com\/index.php?rest_route=\/wp\/v2\/posts\/11439\/revisions"}],"predecessor-version":[{"id":11442,"href":"https:\/\/luchadeclases.com\/index.php?rest_route=\/wp\/v2\/posts\/11439\/revisions\/11442"}],"wp:featuredmedia":[{"embeddable":true,"href":"https:\/\/luchadeclases.com\/index.php?rest_route=\/wp\/v2\/media\/11440"}],"wp:attachment":[{"href":"https:\/\/luchadeclases.com\/index.php?rest_route=%2Fwp%2Fv2%2Fmedia&parent=11439"}],"wp:term":[{"taxonomy":"category","embeddable":true,"href":"https:\/\/luchadeclases.com\/index.php?rest_route=%2Fwp%2Fv2%2Fcategories&post=11439"},{"taxonomy":"post_tag","embeddable":true,"href":"https:\/\/luchadeclases.com\/index.php?rest_route=%2Fwp%2Fv2%2Ftags&post=11439"},{"taxonomy":"post_format","embeddable":true,"href":"https:\/\/luchadeclases.com\/index.php?rest_route=%2Fwp%2Fv2%2Fpost_format&post=11439"},{"taxonomy":"flags","embeddable":true,"href":"https:\/\/luchadeclases.com\/index.php?rest_route=%2Fwp%2Fv2%2Fflags&post=11439"}],"curies":[{"name":"wp","href":"https:\/\/api.w.org\/{rel}","templated":true}]}}