{"id":11503,"date":"2023-07-17T15:26:27","date_gmt":"2023-07-17T19:56:27","guid":{"rendered":"https:\/\/luchadeclases.org.ve\/?p=11503"},"modified":"2023-07-17T15:26:31","modified_gmt":"2023-07-17T19:56:31","slug":"cumbre-de-la-otan-zelenski-llama-a-la-puerta-y-esta-permanece-cerrada","status":"publish","type":"post","link":"https:\/\/luchadeclases.com\/?p=11503","title":{"rendered":"Cumbre de la OTAN: Zelenski llama a la puerta y \u00e9sta permanece cerrada"},"content":{"rendered":"\n<p>La \u00faltima cumbre de la OTAN en Vilna (Lituania) est\u00e1 siendo anunciada por sus miembros como un gran \u00e9xito y un nuevo paso en el proceso de fortalecimiento de la alianza militar.\u00a0Sin embargo, debemos separar los hechos de las declaraciones de la conferencia de prensa.<\/p>\n\n\n\n<p>Si echamos un vistazo a lo que sucede detr\u00e1s de la escena, podemos obtener una visi\u00f3n de las divisiones reales, las rupturas y los desaf\u00edos a que se enfrenta la organizaci\u00f3n imperialista.<\/p>\n\n\n\n<p>Una de las cuestiones clave de la Cumbre de Vilna fue la pertenencia de Ucrania a la OTAN.&nbsp;Durante semanas, el presidente ucraniano Zelenski hab\u00eda estado presionando a los miembros de la OTAN para obtener un compromiso firme y un cronograma claro para que su pa\u00eds se uniera a la alianza.&nbsp;Esta posici\u00f3n tambi\u00e9n cont\u00f3 con el apoyo de los pa\u00edses b\u00e1lticos y del Reino Unido, pero se enfrent\u00f3 a la oposici\u00f3n frontal de los EE.&nbsp;UU.&nbsp;y Alemania.<\/p>\n\n\n\n<p>El texto final de la declaraci\u00f3n de la cumbre fue muy decepcionante para el presidente ucraniano.&nbsp;Dice, en t\u00e9rminos extremadamente vagos: \u201cEstaremos en condiciones de extender una invitaci\u00f3n a Ucrania para unirse a la Alianza cuando los Aliados est\u00e9n de acuerdo y se cumplan las condiciones\u201d.&nbsp;Entonces, si bien se elimin\u00f3 formalmente la necesidad de un Plan de Acci\u00f3n de Membres\u00eda, en la pr\u00e1ctica se agregaron condiciones adicionales que no se hab\u00edan mencionado antes.&nbsp;Adem\u00e1s, estas \u00abcondiciones\u00bb no se especifican, aparte de la ch\u00e1chara general sobre \u00abreformas democr\u00e1ticas y del sector de la seguridad adicionales que se requieren\u00bb.<\/p>\n\n\n\n<p>\u00bfQu\u00e9 quiere decir esto?&nbsp;En teor\u00eda, todo el mundo est\u00e1 de acuerdo en que Ucrania \u201cse desconcert\u00f3 en miembro de la OTAN\u201d, la verdad es que ese es el compromiso que se hizo en la Cumbre de la OTAN de Bucarest\u2026 \u00a1hace 15 a\u00f1os, en 2008!&nbsp;En la pr\u00e1ctica, como subray\u00f3 el presidente estadounidense Biden en las v\u00edsperas de la reuni\u00f3n, Ucrania no puede unirse a la OTAN mientras haya una guerra y mientras parte de su territorio est\u00e9 en disputa, ya que esto conducir\u00eda, seg\u00fan el art\u00edculo 5 del tratado de la alianza, a un conflicto directo entre la OTAN y Rusia con armas nucleares.<\/p>\n\n\n\n<h2 class=\"wp-block-heading\">compromisos vagos<\/h2>\n\n\n\n<p>Seg\u00fan los informes de los medios sobre las discusiones entre bastidores, fueron los EE.&nbsp;UU.&nbsp;y Alemania los que insistieron en diluir el lenguaje sobre la membres\u00eda de Ucrania, para hacerlo m\u00e1s vago.&nbsp;<a href=\"https:\/\/www.bloomberg.com\/news\/articles\/2023-07-12\/nato-is-papering-over-the-cracks-after-zelenskiy-loses-his-cool\" target=\"_blank\" rel=\"noreferrer noopener\">Seg\u00fan&nbsp;<em>Bloomberg<\/em><\/a>&nbsp;: \u201cLos borradores anteriores del comunicado recomendaron un camino m\u00e1s claro para que Ucrania finalmente se uniera, pero Biden y el canciller Olaf Scholz desconfiaban de ir demasiado lejos.&nbsp;Sus equipos exigieron cambios en los \u00faltimos d\u00edas antes de la cumbre, lo que molest\u00f3 a muchas otras naciones europeas, as\u00ed como a los ucranianos\u201d.<\/p>\n\n\n\n<p>Al enterarse de esto, Zelenski recurri\u00f3 a Twitter para criticar la redacci\u00f3n de la declaraci\u00f3n propuesta.&nbsp;\u201cUcrania tambi\u00e9n merece respeto\u201d, dijo, \u201crecibimos se\u00f1ales de que se est\u00e1 discutiendo cierta redacci\u00f3n sin Ucrania\u2026 sobre la invitaci\u00f3n para convertirse en miembro de la OTAN, no sobre la membres\u00eda de Ucrania\u201d.&nbsp;Esto, agreg\u00f3, \u201cno tiene precedentes y es absurdo al no establecerse un marco de tiempo ni para la invitaci\u00f3n ni para la integraci\u00f3n de Ucrania\u201d.&nbsp;En un tono muy enojado, dijo: \u00abal mismo tiempo, se agrega una redacci\u00f3n vaga sobre las &#8216;condiciones&#8217; incluso para invitar a Ucrania\u00bb.&nbsp;Su conclusi\u00f3n fue: \u201cParece que no hay disposici\u00f3n ni para invitar a Ucrania a la OTAN ni para convertirla en miembro de la Alianza\u201d.<\/p>\n\n\n\n<p>Por supuesto, Zelenski es un maestro en el uso de los medios y, en gran medida, este estallido fue dise\u00f1ado para presionar a los miembros de la OTAN para que cambien la declaraci\u00f3n.&nbsp;Pero no lo hicieron.&nbsp;Por otro lado, el presidente ucraniano probablemente tambi\u00e9n est\u00e9 tratando de establecer un precedente para el futuro.&nbsp;Si se ve obligado por la realidad de la guerra a una situaci\u00f3n en la que tiene que intercambiar territorios por alg\u00fan tipo de paz o conflicto congelado, entonces puede darse cuenta de la vuelta y decir: fueron los aliados quienes no dieron los medios para derrotar a los rusos.<\/p>\n\n\n\n<p>El secretario de Defensa del Reino Unido, Ben Wallace, no conocido por su delicadeza diplom\u00e1tica, refut\u00f3 a Zelenski diciendo que Ucrania deber\u00eda mostrar m\u00e1s \u00abgratitud\u00bb y que el Reino Unido no era su \u00abservicio de entrega de armas de Amazon\u00bb.&nbsp;Esta declaraci\u00f3n muestra, adem\u00e1s de la falta de ingenio del se\u00f1or Wallace, la verdadera actitud arrogante del imperialismo hacia Ucrania.&nbsp;\u201cEst\u00e1is luchando por nosotros y en defensa de nuestros valores\u201d, les dicen, \u201cpero deber\u00edais decir &#8216;gracias&#8217; por el privilegio de poder enviar a vuestros hijos a morir en primera l\u00ednea por nosotros\u201d.&nbsp;O m\u00e1s bien: \u201cc\u00e1llate, siervo, y no saques los pies del plato\u201d.<\/p>\n\n\n\n<p>Lo que Wallace dijo p\u00fablicamente, otros l\u00edderes occidentales se lo dijeron a Zelenski en privado.&nbsp;Seg\u00fan&nbsp;<em>Bloomberg<\/em>&nbsp;: \u201cDurante la cena en Vilna\u2026 los otros l\u00edderes entregaron un mensaje claro a Zelenski, seg\u00fan una persona que estaba presente.&nbsp;<em>Tienes que calmarte<\/em>&nbsp;y mirar el paquete completo, le dijeron a Zelenski\u201d [\u00e9nfasis nuestro].<\/p>\n\n\n\n<p>Habiendo llevado a un futuro distante la cuesti\u00f3n de la integraci\u00f3n de Ucrania en la OTAN, el imperialismo occidental procedi\u00f3 a hacer algunas ofertas en otros frentes para suavizar el golpe.&nbsp;El grupo G7 present\u00f3 una declaraci\u00f3n en la que promet\u00eda garant\u00edas de seguridad para Ucrania despu\u00e9s de la guerra.&nbsp;Esto, de hecho, refuerza el mensaje de que Ucrania no se destruir\u00e1 en miembro de la OTAN, porque si fuera miembro de la OTAN estar\u00eda autom\u00e1ticamente cubierto por el compromiso de autodefensa mutua en el art\u00edculo 5 del tratado de alianza.&nbsp;Estas garant\u00edas de seguridad alternativas se han comparado con las existentes entre EE.&nbsp;UU.&nbsp;e Israel, donde a este \u00faltimo se le ofrece asistencia militar y financiera, pero no hay ning\u00fan compromiso de involucrarse directamente con las botas sobre el terreno en una guerra real.<\/p>\n\n\n\n<p>Otro hueso arrojado a Ucrania con fines propagand\u00edsticos fue la creaci\u00f3n del Consejo OTAN-Ucrania, que se mantuvo&nbsp;<em>in situ<\/em>&nbsp;en su primera reuni\u00f3n.&nbsp;De hecho, esto no es nada nuevo, sino solo un cambio de marca de la Comisi\u00f3n OTAN-Ucrania, que se estableci\u00f3 en 1997. Una caja de vino a\u00f1ejo en una botella nueva.<\/p>\n\n\n\n<p>Hasta aqu\u00ed, todo confuso.<\/p>\n\n\n\n<p>En relaci\u00f3n con la asistencia inmediata real, tambi\u00e9n hay problemas.&nbsp;Europa y EE.&nbsp;UU.&nbsp;no pueden producir munici\u00f3n lo suficientemente r\u00e1pido para cubrir las necesidades del ej\u00e9rcito ucraniano, ahora embarcado en una guerra de desgaste que dura m\u00e1s de 500 d\u00edas.&nbsp;Desde que comenz\u00f3 la contraofensiva ucraniana, ha estado consumiendo municiones a un ritmo a\u00fan m\u00e1s r\u00e1pido, sin lograr avances.&nbsp;Los contratistas militares desconf\u00edan de expandir la capacidad, a menos que los Estados les ofrecen contratos firmes a mediano y largo plazo.&nbsp;Aparte de eso, la capacidad de producci\u00f3n actual est\u00e1 en sus l\u00edmites.<\/p>\n\n\n\n<p>Esto es lo que empuj\u00f3 a Biden a tomar la decisi\u00f3n de enviar bombas de racimo a Ucrania, las \u00fanicas grandes reservas de municiones que a\u00fan no han aprovechado, por obvias razones pol\u00edticas.&nbsp;Esto ha dividido la opini\u00f3n entre los partidos capitalistas en los EE.&nbsp;UU.&nbsp;y con sus aliados en Europa, con Alemania expresando su malestar.&nbsp;Por supuesto, todo esto es muy hip\u00f3crita.&nbsp;Las bombas de racimo se han utilizado en la guerra de Ucrania desde el primer d\u00eda, tanto por parte de Rusia como por parte de Ucrania.&nbsp;De hecho, seg\u00fan Human Rights Watch, Kiev los us\u00f3 antes de la guerra real,&nbsp;<a href=\"https:\/\/www.hrw.org\/news\/2014\/10\/20\/ukraine-widespread-use-cluster-munitions\" target=\"_blank\" rel=\"noreferrer noopener\">incluso en \u00e1reas densamente pobladas en Donetsk<\/a>&nbsp;en 2014. Ni EE.&nbsp;UU., ni Rusia ni Ucrania son signatarios de tratados que proh\u00edben su uso.<\/p>\n\n\n\n<p>Estados Unidos nunca ha dudado en usar armas t\u00e9cnicamente \u201cilegales\u201d en anteriores aventuras imperialistas.&nbsp;El verdadero punto que ha revelado la disputa sobre las bombas de racimo es la enorme presion ejercida sobre las reservas de armas y municiones de los imperialistas occidentales por la prolongacion de la guerra en Ucrania.&nbsp;Durante meses, estuvimos sujetos a una dosis diaria de la historia de que las reservas rusas se hab\u00edan agotado y que su esfuerzo b\u00e9lico estaba a punto de colapsar.&nbsp;Ahora descubrimos que, de hecho, son las reservas occidentales las que est\u00e1n al m\u00ednimo de su capacidad.<\/p>\n\n\n\n<p>Adem\u00e1s, enviar bombas de racimo es un acto un poco desesperado por parte de EE.UU.&nbsp;Este es un tipo de bomba muy poco fiable.&nbsp;<a href=\"https:\/\/www.nytimes.com\/2023\/07\/07\/us\/cluster-weapons-duds-ukraine.html\" target=\"_blank\" rel=\"noreferrer noopener\">Seg\u00fan un estudio del&nbsp;<em>NY Times<\/em><\/a>&nbsp;, su tasa de fracaso llega al 14 por ciento.&nbsp;Incluso dejando de lado la mayor tasa de v\u00edctimas civiles causadas por las bombas de racimo y el hecho de que las minibombas sin estallar quedar\u00e1n en el suelo causando muertes de civiles en las pr\u00f3ximas d\u00e9cadas, no es dif\u00edcil entender que, si Ucrania alguna vez las sacar\u00e1 para debilitar las fuertes atrincheradas defensas rusas, cuando finalmente los soldados ucranianos logren hacer un gran avance, tendr\u00e1n que avanzar a trav\u00e9s de un terreno salpicado de piezas de artiller\u00eda sin detonar.<\/p>\n\n\n\n<p>La verdad es que la tan publicitada contraofensiva ucraniana, ahora en su sexta semana, ha logrado muy poco.&nbsp;La contraofensiva es importante, no s\u00f3lo desde el punto de vista puramente militar, sino sobre todo desde el punto de vista pol\u00edtico.&nbsp;Est\u00e1 claro que el imperialismo estadounidense y sus aliados europeos est\u00e1n cada vez m\u00e1s presionados por el costo de la guerra.&nbsp;Si Ucrania no puede mostrar ning\u00fan progreso claro, o al menos la perspectiva de progreso en el campo de batalla, se secar\u00e1 el apetito por continuar el suministro de millas de millones de d\u00f3lares, libras y euros en equipos, municiones, etc.<\/p>\n\n\n\n<p>Biden tambi\u00e9n est\u00e1 entrando ya en el pr\u00f3ximo ciclo electoral en EE.&nbsp;UU., donde la cuesti\u00f3n del dinero gastado en la lucha contra Rusia en Ucrania ser\u00e1 un factor importante.&nbsp;Si no hay cambios significativos en la l\u00ednea del frente antes del invierno, la presi\u00f3n para las negociaciones se intensificar\u00e1 nuevamente.<\/p>\n\n\n\n<p>La falta de compromisos sobre la integraci\u00f3n en la OTAN pero con ayuda militar y financiera continua, en medio de constantes disputas sobre la entrega de nuevos tipos de armas, subraya una caracter\u00edstica fundamental de este conflicto.&nbsp;Los objetivos de los militares EE.&nbsp;UU.&nbsp;(debilitar decisivamente a Rusia, pero no escalar hacia un conflicto abierto entre la OTAN y Rusia) no son los mismos que los objetivos declarados de Ucrania (victoria militar total con la expulsi\u00f3n de Rusia de todos los territorios ocupados, incluida Crimea).&nbsp;).&nbsp;En alg\u00fan momento, esta divisi\u00f3n puede convertirse en un conflicto abierto.<\/p>\n\n\n\n<h2 class=\"wp-block-heading\">Traici\u00f3n a los kurdos<\/h2>\n\n\n\n<p>El otro paso importante que se dio en la cumbre de la OTAN fue en relaci\u00f3n con la integraci\u00f3n de Suecia.&nbsp;Desde que esto se anunci\u00f3 por primera vez en la Cumbre de Madrid (ver &#8216;&nbsp;<a href=\"https:\/\/www.luchadeclases.org\/internacional\/4165-cumbre-de-la-otan-china-en-el-punto-de-mira.html\" target=\"_blank\" rel=\"noreferrer noopener\">Cumbre de la OTAN: China en el punto de mira<\/a>&nbsp;&#8216;), Turqu\u00eda hab\u00eda utilizado el hecho de que la decisi\u00f3n requer\u00eda un voto un\u00e1nime como palanca para obtener concesiones de sus &#8216;socios&#8217;.<\/p>\n\n\n\n<p>En primer lugar, oblig\u00f3 a Suecia a colaborar en el enjuiciamiento por parte de Turqu\u00eda de las organizaciones kurdas (tanto las vinculadas al PKK como a las YPG sirias);&nbsp;en segundo lugar, exigi\u00f3 el fin del embargo de armas de Suecia sobre Turqu\u00eda;&nbsp;y finalmente quer\u00eda que EE.&nbsp;UU.&nbsp;renovara las ventas de cazas F16 y kits de modernizaci\u00f3n de cazas F16, que se suspendieron cuando Turqu\u00eda compr\u00f3 sistemas de defensa a\u00e9rea rusos.<\/p>\n\n\n\n<p>Erdogan es un h\u00e1bil maniobrero y se asegura de retrasar el proceso lo m\u00e1s posible para obtener satisfacci\u00f3n en todas sus demandas\u2026 y luego agreg\u00f3 otra: la integraci\u00f3n de Turqu\u00eda en la UE.&nbsp;As\u00ed, en v\u00edsperas de la cumbre,&nbsp;<a href=\"https:\/\/www.nato.int\/cps\/en\/natohq\/news_217147.htm\" target=\"_blank\" rel=\"noreferrer noopener\">hubo una reuni\u00f3n tripartita entre la OTAN, Suecia y Turqu\u00eda<\/a>&nbsp;, que emiti\u00f3 un comunicado cediendo al chantaje de Erdogan.&nbsp;La declaraci\u00f3n es escandalosa y vale la pena citarla extensamente.<\/p>\n\n\n\n<p>\u201cDesde la \u00faltima Cumbre de la OTAN, Suecia y Turqu\u00eda han trabajado en estrecha colaboraci\u00f3n para abordar&nbsp;<em>las pruebas de seguridad leg\u00edtimas de Turqu\u00eda<\/em>&nbsp;.&nbsp;Como parte de ese proceso,&nbsp;<em>Suecia modific\u00f3 su constituci\u00f3n, cambi\u00f3 sus leyes, ampli\u00f3 significativamente su cooperaci\u00f3n antiterrorista contra el PKK y reanud\u00f3 las exportaciones de armas a Turqu\u00eda<\/em>&nbsp;, todos los pasos establecidos en el Memor\u00e1ndum Trilateral acordado en 2022\u201d [\u00e9nfasis nuestro].<\/p>\n\n\n\n<p>Leelo de nuevo.&nbsp;La Suecia escandinava, agradable y democr\u00e1tica, no solo vendi\u00f3 y traicion\u00f3 a los kurdos a cambio de ser miembro de una alianza imperialista militar agresi\u00f3n, sino que incluso ha llegado a enmendar su constituci\u00f3n (anulando las objeciones legales y acelerando el proceso) y cambiado sus leyes .&nbsp;Este es un caso de la actitud hacia los principios de Groucho Marx: \u201cestos son mis principios, pero si no te gustan, tengo otros\u201d.<\/p>\n\n\n\n<p>En cuanto a las relaciones UE-Turqu\u00eda, la declaraci\u00f3n tambi\u00e9n obliga a Suecia:<\/p>\n\n\n\n<p>\u201cSuecia apoyar\u00e1 activamente los esfuerzos para revitalizar el proceso de adhesi\u00f3n de Turqu\u00eda a la UE, incluida la modernizaci\u00f3n de la Uni\u00f3n Aduanera UE-Turqu\u00eda y la liberalizaci\u00f3n de visados\u201d.<\/p>\n\n\n\n<p>Todo este s\u00f3rdido asunto es muy instructivo, en tanto revela el contenido real de la diplomacia imperialista burguesa.&nbsp;En la superficie, siempre hay una cobertura de legalidad democr\u00e1tica, humanitaria e internacional para las decisiones que se toman.&nbsp;En realidad, prevalece el inter\u00e9s propio desnudo, las ganancias y la defensa del capitalismo en casa y en el exterior.<\/p>\n\n\n\n<p>La Uni\u00f3n Europea no tuvo reparos en llegar a un acuerdo con Erdogan para que vigile las fronteras del bloque y mantenga alejados a los inmigrantes.&nbsp;La opresi\u00f3n nacional de los kurdos en Turqu\u00eda no entraba en sus c\u00e1lculos.&nbsp;Cuando el imperialismo estadounidense utiliz\u00f3 a los kurdos sirios para sus propias multas, todo lo que se habl\u00f3 fue sobre la opresi\u00f3n nacional.&nbsp;Suecia hizo lo mismo.&nbsp;Cuando dejaron de ser \u00fatiles, fueron abandonados a su suerte a cambio de un trato con la m\u00e1s poderosa Turqu\u00eda.<\/p>\n\n\n\n<p>Esto deber\u00eda servir como advertencia para cualquiera que se haga ilusiones de que el imperialismo estadounidense est\u00e1 defendiendo la soberan\u00eda nacional en la guerra de Ucrania.<\/p>\n\n\n\n<p>Adem\u00e1s, dos d\u00edas antes de la apertura de la cumbre, EE.&nbsp;UU.&nbsp;prometi\u00f3 vender los cazas F16 y los kits de actualizaci\u00f3n que Turqu\u00eda quer\u00eda, sellando el trato.&nbsp;La otra cara de este repugnante acuerdo es la forma en que Turqu\u00eda utiliza la rivalidad entre las distintas potencias imperialistas (en este caso, EE. UU. y Rusia) para tratar de equilibrarse entre una y otra para obtener el mejor trato posible (sistemas de defensa a\u00e9rea de un lado contra aviones de combate del otro, en este caso).<\/p>\n\n\n\n<h2 class=\"wp-block-heading\">Negociar con Rusia y China<\/h2>\n\n\n\n<p>Finalmente, vale la pena mencionar parte del lenguaje del comunicado final de la cumbre de la OTAN, que es la siguiente del nuevo documento del Concepto Estrat\u00e9gico de la OTAN aprobado en la Cumbre de Madrid.&nbsp;Utilizando terminolog\u00eda c\u00ednica sobre \u00abvalores democr\u00e1ticos\u00bb, \u00abderechos humanos\u00bb, \u00abnuestros valores compartidos\u00bb y un \u00aborden mundial basado en normas\u00bb, la OTAN dice muy claramente: \u00abRusia y China son nuestros enemigos y tenemos que dar un paso al frente para enfrentarnos a ellos&#8217;. Esto en cuanto a una alianza &#8216;puramente defensiva&#8217; que &#8216;no es una amenaza&#8217; para nadie.<\/p>\n\n\n\n<p>Si bien el nombre de la organizaci\u00f3n menciona el Atl\u00e1ntico Norte, las declaraciones de la cumbre enumeran las \u00e1reas del mundo que son importantes para la OTAN o de \u00abinter\u00e9s estrat\u00e9gico\u00bb, incluidas, entre otras, Oriente Medio, \u00c1frica, \u00c1frica del Norte y las regiones del Sahel, el Indo-Pac\u00edfico \u00a1e incluso el espacio exterior!&nbsp;Todas estas \u00e1reas deben estar cubiertas por lo que la OTAN describe como un \u00abenfoque de 360 \u200b\u200bgrados\u00bb.&nbsp;En otras palabras, por su propia admisi\u00f3n, la OTAN quiere controlar el mundo entero (y m\u00e1s all\u00e1).<\/p>\n\n\n\n<p>Al hacerlo, entra en conflicto con Rusia y China.&nbsp;Se describe a la primera diciendo que ha \u00abincrementado su acumulaci\u00f3n militar multidominio y su presencia en las regiones del Mar B\u00e1ltico, Negro y Mediterr\u00e1neo, y mantiene capacidades militares significativas en el \u00c1rtico\u00bb.&nbsp;La OTAN se queja de \u201cla postura m\u00e1s asertiva de Rusia, de sus nuevas capacidades militares y sus actividades provocadoras, incluso cerca de las fronteras de la OTAN, as\u00ed como como sus ejercicios instant\u00e1neos y sin previo aviso a gran escala\u201d que, dicen, \u201csiguen amenazando la seguridad de la zona euroatl\u00e1ntica\u201d.<\/p>\n\n\n\n<p>En otras palabras, la OTAN reconoce al imperialismo ruso y su \u201cpostura m\u00e1s asertiva\u201d como una amenaza a sus propios intereses imperialistas, en varias regiones del mundo.<\/p>\n\n\n\n<p>En referencia a China, el documento dice que sus \u201cambiciones declaradas y pol\u00edticas coercitivas desaf\u00edan nuestros intereses, seguridad y valores\u201d.&nbsp;La declaraci\u00f3n agrega que: \u00abla Rep\u00fablica Popular China emplea una amplia gama de herramientas pol\u00edticas, econ\u00f3micas y militares para aumentar su presencia global y poder de proyecto\u00bb.&nbsp;M\u00e1s tarde acusa a China de buscar \u201ccontrolar sectores tecnol\u00f3gicos e industriales clave, infraestructura cr\u00edtica y materiales y cadenas de suministro estrat\u00e9gico\u201d, y de usar \u201csu influencia econ\u00f3mica para crear dependencias estrat\u00e9gicas y aumentar su influencia\u201d.<\/p>\n\n\n\n<p>Lo que dice la OTAN es: \u201cChina es una potencia imperialista.&nbsp;Est\u00e1 actuando de la misma manera que lo hacemos nosotros, y no estamos preparados para permitirlo\u00bb. Est\u00e1n particularmente preocupados por la creciente colaboraci\u00f3n entre Rusia y China (que se ha visto muy reforzada por las sanciones occidentales contra Rusia): \u00abLa profundizaci\u00f3n de la asociaci\u00f3n estrat\u00e9gica entre la Rep\u00fablica Popular China y Rusia y sus intentos de socavar el orden internacional basado en reglas, que se refuerzan bajo, van en contra de nuestros valores e intereses\u201d.<\/p>\n\n\n\n<p>En caso de que alguien est\u00e9 preocupado por el lenguaje agresivo belicista de la declaraci\u00f3n de la cumbre de la OTAN, los aliados se apresuran a agregar que: \u201cpromover\u00e1n la igualdad de g\u00e9nero e integrar\u00e1n las perspectivas de g\u00e9nero\u2026 en todo lo que hacemos\u201d, adem\u00e1s de estar \u201ccomprometidos a reducir significativamente las emisiones de gases de efecto invernadero por parte de las estructuras e instalaciones pol\u00edticas y militares de la OTAN\u201d;&nbsp;y \u201ccontribuir a combatir el cambio clim\u00e1tico mejorando la eficiencia energ\u00e9tica, transitando hacia fuentes de energ\u00eda limpia\u201d.&nbsp;\u00a1Ah\u00ed tienes!&nbsp;\u00a1El imperialismo occidental ahora integrar\u00e1 perspectivas de g\u00e9nero cuando invada una tierra extranjera y usar\u00e1 energ\u00eda limpia cuando participe en un cambio de r\u00e9gimen!&nbsp;\u00bfQu\u00e9 m\u00e1s puedes pedir?<\/p>\n\n\n\n<p>La conclusi\u00f3n de todo esto es que los Estados miembros deben aumentar el gasto militar incluso m\u00e1s all\u00e1 del objetivo acordado del 2 por ciento del PIB: \u201cen muchos casos, se requerir\u00e1&nbsp;<em>un gasto superior al 2 por ciento del PIB<\/em>&nbsp;para remediar los d\u00e9ficits existentes y cumplir con los requisitos en todos los dominios que surjan de un orden de seguridad m\u00e1s cuestionado\u201d [\u00e9nfasis nuestro].<\/p>\n\n\n\n<p>Esta es la voz de EE.UU.&nbsp;exigiendo que sus socios contribuyan m\u00e1s a esta pol\u00edtica imperialista de rearme, para estar a la altura de China y Rusia.&nbsp;Estados Unidos ya gasta casi el 3,5 por ciento del PIB en defensa, mientras que la mayor\u00eda de los dem\u00e1s miembros de la OTAN solo gastan alrededor del 1,5 por ciento.<\/p>\n\n\n\n<p>Aqu\u00ed podemos ver claramente d\u00f3nde est\u00e1n las prioridades de la clase capitalista.&nbsp;El reciente presupuesto alem\u00e1n es un ejemplo evidente, con recortes masivos por valor de 31.000 millones de euros, que afectaron particularmente a la educaci\u00f3n, la atenci\u00f3n m\u00e9dica, el cuidado de los ni\u00f1os y otros gastos sociales, pero no afectaron a la defensa.<\/p>\n\n\n\n<p>El imperialismo yanqui, a trav\u00e9s de la OTAN, se prepara para defender los intereses de sus empresas capitalistas multinacionales, en competencia con los intereses imperialistas de China y Rusia.&nbsp;A la clase obrera de todo el mundo se le pedir\u00e1 que pague, como de costumbre.<\/p>\n\n\n\n<p>La \u00fanica forma de escapar de la perspectiva de pesadilla del conflicto interimperialista, la guerra y los ataques a los niveles de vida y los derechos de los trabajadores que tanto cuesta ganar es poner fin a este podrido sistema capitalista.&nbsp;A los que dicen \u201cqueremos la paz\u201d, respondemos: \u201c\u00a1lucha por el socialismo!\u201d.<\/p>\n","protected":false},"excerpt":{"rendered":"<p>La \u00faltima cumbre de la OTAN en Vilna (Lituania) est\u00e1 siendo anunciada por sus miembros como un gran \u00e9xito y un nuevo paso en el proceso de fortalecimiento de la alianza militar.\u00a0Sin embargo, debemos separar los hechos de las declaraciones de la conferencia de prensa.<\/p>\n","protected":false},"author":5,"featured_media":11504,"comment_status":"open","ping_status":"open","sticky":false,"template":"","format":"standard","meta":{"footnotes":""},"categories":[4,483],"tags":[782,945],"post_format":[],"flags":[],"class_list":["post-11503","post","type-post","status-publish","format-standard","has-post-thumbnail","hentry","category-internacionales","category-principales","tag-otan","tag-zelensky"],"jetpack_featured_media_url":"https:\/\/luchadeclases.com\/wp-content\/uploads\/2023\/07\/Nato_main_Image_own_work.jpeg","_links":{"self":[{"href":"https:\/\/luchadeclases.com\/index.php?rest_route=\/wp\/v2\/posts\/11503","targetHints":{"allow":["GET"]}}],"collection":[{"href":"https:\/\/luchadeclases.com\/index.php?rest_route=\/wp\/v2\/posts"}],"about":[{"href":"https:\/\/luchadeclases.com\/index.php?rest_route=\/wp\/v2\/types\/post"}],"author":[{"embeddable":true,"href":"https:\/\/luchadeclases.com\/index.php?rest_route=\/wp\/v2\/users\/5"}],"replies":[{"embeddable":true,"href":"https:\/\/luchadeclases.com\/index.php?rest_route=%2Fwp%2Fv2%2Fcomments&post=11503"}],"version-history":[{"count":1,"href":"https:\/\/luchadeclases.com\/index.php?rest_route=\/wp\/v2\/posts\/11503\/revisions"}],"predecessor-version":[{"id":11505,"href":"https:\/\/luchadeclases.com\/index.php?rest_route=\/wp\/v2\/posts\/11503\/revisions\/11505"}],"wp:featuredmedia":[{"embeddable":true,"href":"https:\/\/luchadeclases.com\/index.php?rest_route=\/wp\/v2\/media\/11504"}],"wp:attachment":[{"href":"https:\/\/luchadeclases.com\/index.php?rest_route=%2Fwp%2Fv2%2Fmedia&parent=11503"}],"wp:term":[{"taxonomy":"category","embeddable":true,"href":"https:\/\/luchadeclases.com\/index.php?rest_route=%2Fwp%2Fv2%2Fcategories&post=11503"},{"taxonomy":"post_tag","embeddable":true,"href":"https:\/\/luchadeclases.com\/index.php?rest_route=%2Fwp%2Fv2%2Ftags&post=11503"},{"taxonomy":"post_format","embeddable":true,"href":"https:\/\/luchadeclases.com\/index.php?rest_route=%2Fwp%2Fv2%2Fpost_format&post=11503"},{"taxonomy":"flags","embeddable":true,"href":"https:\/\/luchadeclases.com\/index.php?rest_route=%2Fwp%2Fv2%2Fflags&post=11503"}],"curies":[{"name":"wp","href":"https:\/\/api.w.org\/{rel}","templated":true}]}}