{"id":11649,"date":"2023-09-15T05:33:06","date_gmt":"2023-09-15T10:03:06","guid":{"rendered":"https:\/\/luchadeclases.org.ve\/?p=11649"},"modified":"2023-09-15T05:33:10","modified_gmt":"2023-09-15T10:03:10","slug":"la-podredumbre-del-nuevo-pacto-europeo-sobre-refugiados","status":"publish","type":"post","link":"https:\/\/luchadeclases.com\/?p=11649","title":{"rendered":"La podredumbre del nuevo pacto europeo sobre refugiados"},"content":{"rendered":"\n<p>El Mediterr\u00e1neo puede ser un para\u00edso para los turistas, pero es al mismo tiempo un cementerio, donde al menos 27.000 inmigrantes han muerto en intentos de cruzar la frontera desde que comenzaron los registros en 2014. El nuevo acuerdo de migraci\u00f3n de la UE se nos vende como la mejor oportunidad para una soluci\u00f3n \u00abm\u00e1s estructurada\u00bb a este \u00abproblema\u00bb: distribuir a los inmigrantes de manera m\u00e1s equitativa en todo el continente. En realidad, no har\u00e1 nada para aliviar la pesadilla y simplemente equilibrar\u00e1 mejor los intereses reaccionarios de las potencias europeas.<\/p>\n\n\n\n<p>A medida que la crisis del capitalismo contin\u00faa haciendo mella, las clases dominantes de Europa han achacado cada vez m\u00e1s los problemas sociales y econ\u00f3micos de sus pa\u00edses a un \u00abaluvi\u00f3n\u00bb de inmigrantes que buscan refugio en el continente, huyendo de las aventuras militares imperialistas y de la pobreza extrema en Oriente Medio y \u00c1frica.<\/p>\n\n\n\n<p>Las pol\u00edticas migratorias de la \u201cEuropa Fortaleza\u201d se han vuelto cada vez m\u00e1s brutales. Mientras tanto, varios gobiernos compiten entre s\u00ed para ver qui\u00e9n puede superarse en el uso de demagogia racista, demostrando que son \u201cduros con la migraci\u00f3n\u201d.<\/p>\n\n\n\n<p>El objetivo de este nuevo acuerdo es cuadrar el c\u00edrculo entre los pa\u00edses fronterizos exteriores, donde los refugiados suelen desembarcar, y que exigen m\u00e1s recursos para gestionar la situaci\u00f3n; y aquellos en el centro de Europa que exigen l\u00edmites m\u00e1s estrictos a la migraci\u00f3n. La firme negativa de los pa\u00edses de esta \u00faltima categor\u00eda, como Polonia, a aceptar refugiados de Oriente Medio o \u00c1frica contrasta marcadamente con su actitud acogedora hacia los refugiados de Ucrania tras la invasi\u00f3n de Rusia.<\/p>\n\n\n\n<h2 class=\"wp-block-heading\">Controles m\u00e1s estrictos<\/h2>\n\n\n\n<p>En la pr\u00e1ctica, el acuerdo significa que los pa\u00edses en las fronteras exteriores de la UE tendr\u00e1n que poner en pr\u00e1ctica un procedimiento fronterizo m\u00e1s estricto para aquellos que no reciban el&nbsp;<em>estatus<\/em>&nbsp;de refugiado. A otros pa\u00edses se les dar\u00e1 la opci\u00f3n de acoger a algunos refugiados o pagar 20.000 euros por cada migrante que se nieguen a acoger. Esta cantidad se transferir\u00e1 a un fondo conjunto de la UE.<\/p>\n\n\n\n<p>La clave del nuevo procedimiento est\u00e1 entonces en la frontera: un control preliminar determinar\u00e1 ad\u00f3nde ser\u00e1 enviado el migrante. Si los funcionarios creen que el migrante tiene posibilidades de ser aceptado como refugiado, se le permitir\u00e1 continuar; de lo contrario, se le rechazar\u00e1. Este tr\u00e1mite deber\u00e1 completarse en un plazo de 12 semanas, que incluye un per\u00edodo de detenci\u00f3n.<\/p>\n\n\n\n<p>Los rechazados son enviados fuera de Europa, y no necesariamente al pa\u00eds donde resid\u00edan anteriormente. Hay desacuerdos sobre este asunto, ya que a Italia le gustar\u00eda tener m\u00e1s opciones en t\u00e9rminos de d\u00f3nde enviar inmigrantes, mientras que Alemania considera que la UE no puede enviar personas a pa\u00edses donde \u201clos derechos humanos no se respetan plenamente\u201d (\u00a1como si estos derechos se respetaran en los miserables campos de detenci\u00f3n donde se retiene a los inmigrantes despu\u00e9s de su llegada a Europa!)<\/p>\n\n\n\n<p>Oficialmente, el pa\u00eds de destino debe ser uno con el que la persona tenga una conexi\u00f3n (un familiar residente, por ejemplo), pero en la pr\u00e1ctica, los gobiernos europeos pueden elegir. La preferencia del gobierno derechista Meloni de Italia, por ejemplo, es enviar gente a T\u00fanez y a otros pa\u00edses del norte de \u00c1frica.<\/p>\n\n\n\n<p>Otro punto de divisi\u00f3n se refiere a las familias que viajan con ni\u00f1os y menores no acompa\u00f1ados. Alemania, Irlanda, Luxemburgo y Portugal quieren que los nuevos procedimientos m\u00e1s estrictos en la frontera no se apliquen a las personas mencionadas. Sin embargo, pudieron superar este escollo en nombre de (como dijo el ministro de Asuntos Exteriores alem\u00e1n) \u201cuna pol\u00edtica europea com\u00fan de asilo basada en la solidaridad\u201d.<\/p>\n\n\n\n<p>As\u00ed que, en aras de la \u201csolidaridad europea\u201d entre las clases dominantes del continente, las familias y los ni\u00f1os desesperados simplemente tendr\u00e1n que aceptar un trato m\u00e1s duro: \u00a1un noble sacrificio en verdad!<\/p>\n\n\n\n<h2 class=\"wp-block-heading\">Viajes a T\u00fanez<\/h2>\n\n\n\n<p>Las negociaciones con los pa\u00edses del norte de \u00c1frica son clave para el nuevo acuerdo. En marzo, el primer ministro holand\u00e9s, Mark Rutte, y la primera ministra italiana, Giorgia Meloni (ambos tienen como prioridad machacar a los migrantes) se reunieron en Roma para discutir c\u00f3mo gestionar los flujos migratorios, entre otras cosas.<\/p>\n\n\n\n<p>A la reuni\u00f3n de Roma le sigui\u00f3 en junio un viaje a T\u00fanez, al que tambi\u00e9n asisti\u00f3 la presidenta de la Comisi\u00f3n Europea, Ursula von der Leyen. El motivo del viaje era llegar a un acuerdo con T\u00fanez, ya que el pa\u00eds se ha convertido en el \u00faltimo a\u00f1o en la principal ruta hacia Europa para inmigrantes del \u00c1frica subsahariana. La ONU estima que de 51.215 inmigrantes que llegaron a Italia este a\u00f1o, 26.555 partieron de T\u00fanez, frente a 3.658 durante el mismo per\u00edodo del a\u00f1o pasado.<\/p>\n\n\n\n<p>A cambio de una inyecci\u00f3n de dinero de la UE, el pa\u00eds tendr\u00e1 que hacer un \u00abselecci\u00f3n\u00bb inicial de refugiados e inmigrantes y devolver a aquellos que probablemente no obtendr\u00e1n asilo en Europa. Despu\u00e9s de algunas semanas de discusi\u00f3n, debido al tira y afloja del presidente tunecino Saied, el tr\u00edo europeo logr\u00f3 que se aprobara un acuerdo el 16 de julio. La UE dar\u00e1 a T\u00fanez 150 millones de euros para apoyar el presupuesto estatal, m\u00e1s 105 millones de euros para la gesti\u00f3n de la migraci\u00f3n y el control de fronteras.<\/p>\n\n\n\n<p>En otras palabras, el r\u00e9gimen tunecino ha llegado a un acuerdo similar al acordado con Erdogan en 2016, para convertirse en uno de los perros guardianes de Europa y en la \u201cprimera l\u00ednea de defensa\u201d contra los inmigrantes. Sin duda, Meloni tambi\u00e9n estar\u00e1 satisfecha con apuntalar los intereses capitalistas italianos en T\u00fanez. Italia es el primer socio comercial de T\u00fanez (con exportaciones estimadas en 4 mil millones de euros), y m\u00e1s de 900 empresas italianas de los sectores textil y energ\u00e9tico trabajan en T\u00fanez, explotando a trabajadores con salarios muy bajos.<\/p>\n\n\n\n<h2 class=\"wp-block-heading\">Hipocres\u00eda del r\u00e9gimen tunecino<\/h2>\n\n\n\n<p>Este acuerdo llega en un momento muy oportuno para Saied. T\u00fanez est\u00e1 en riesgo de quiebra: la deuda p\u00fablica es del 80 por ciento del PIB, el d\u00e9ficit presupuestario estatal anual es del 10 por ciento del PIB, la inflaci\u00f3n supera el 10 por ciento y el desempleo supera el 15 por ciento.<\/p>\n\n\n\n<p>En esta situaci\u00f3n, las huelgas han aumentado desde 2022, especialmente en los sectores de salud y transporte. Estallan numerosos conflictos entre los j\u00f3venes y la polic\u00eda.<\/p>\n\n\n\n<p>La crisis econ\u00f3mica tambi\u00e9n tiene consecuencias pol\u00edticas: en las \u00faltimas elecciones parlamentarias de enero, s\u00f3lo el 11 por ciento acudi\u00f3 a las urnas.<\/p>\n\n\n\n<p>Actualmente, Saied est\u00e1 negociando con el FMI un pr\u00e9stamo de 1.900 millones de d\u00f3lares, pero estas negociaciones llevan mucho tiempo y conllevan muchas condiciones: reestructuraci\u00f3n de las empresas p\u00fablicas (es decir, grandes despidos), salarios m\u00e1s bajos y precios m\u00e1s altos para art\u00edculos de primera necesidad como el pan, aceite y az\u00facar. Estas condiciones pueden desatar estallidos sociales en el futuro.<\/p>\n\n\n\n<p>En comparaci\u00f3n, el precio de este nuevo acuerdo con la UE es bastante asumible: \u00a1lo \u00fanico que exige es hacer sufrir a inmigrantes inocentes! Durante las negociaciones, Saied hizo la absurda e hip\u00f3crita declaraci\u00f3n de que T\u00fanez \u00abno jugar\u00e1 con vidas humanas\u00bb. Mientras tanto, est\u00e1 llevando a cabo una campa\u00f1a racista contra los inmigrantes negros para distraer la atenci\u00f3n del enorme desastre que vive el pa\u00eds y justificar este p\u00e9simo acuerdo con Europa.<\/p>\n\n\n\n<p>En febrero dijo que los inmigrantes est\u00e1n \u201cdesestabilizando T\u00fanez con actividades criminales y son parte de un complot para permitir el reemplazo \u00e9tnico\u201d. Parece que ha aprendido algunas frases de sus reaccionarios benefactores europeos. Su pol\u00edtica hacia los inmigrantes est\u00e1 a la altura de su espantosa ret\u00f3rica. Entre el 2 y el 6 de julio, cientos de inmigrantes fueron deportados desde la ciudad portuaria de Sfax a un desierto cerca de la frontera con Argelia y Libia. \u00a1La polic\u00eda incluso arrest\u00f3 a inmigrantes que viv\u00edan en Sfax despu\u00e9s de haber sido v\u00edctimas de la violencia!<\/p>\n\n\n\n<p>Entre los abandonados en el desierto se encuentran ni\u00f1os, mujeres embarazadas y personas que ya tienen el&nbsp;<em>estatus<\/em>&nbsp;de refugiados. Muchos se quejaron de malos tratos por parte de la polic\u00eda durante la deportaci\u00f3n. Este comportamiento vergonzoso del gobierno tunecino es muy apreciado por la UE, que ve a Saied como el hombre que realmente puede detener la ola de migraci\u00f3n hacia Europa.<\/p>\n\n\n\n<h2 class=\"wp-block-heading\">\u00a1Los refugiados son bienvenidos!<\/h2>\n\n\n\n<p>No hace falta decir que este acuerdo no har\u00e1 nada para evitar las numerosas muertes en el mar en las rutas de transporte de migrantes. Se trata de viajes peligrosos, gestionados por traficantes de personas que f\u00e1cilmente extorsionan a los inmigrantes, y que se vuelven a\u00fan m\u00e1s peligrosos por las operaciones asesinas de \u00abrechazo\u00bb de los guardacostas europeos. El horror ocurrido frente a las costas de Grecia en junio, donde cientos de hombres, mujeres y ni\u00f1os se ahogaron, es un ejemplo de esta situaci\u00f3n.<\/p>\n\n\n\n<p>El Mediterr\u00e1neo es s\u00f3lo una ruta que utilizan los refugiados para entrar en Europa. Muchos intentan cruzar la frontera por el este, despu\u00e9s de meses de caminar desde Afganist\u00e1n o Pakist\u00e1n, cruzando regiones monta\u00f1osas, y llegando exhaustos y demacrados.<\/p>\n\n\n\n<p>\u00bfY qu\u00e9 les espera en Europa? Pasan meses o incluso a\u00f1os esperando en los llamados centros de refugiados, superpoblados y con escasez de personal, a veces atacados por matones de extrema derecha y sin claridad sobre lo que les suceder\u00e1. Esto se aplica no s\u00f3lo a los hombres adultos, sino tambi\u00e9n a las familias y a los menores no acompa\u00f1ados.<\/p>\n\n\n\n<p>Seg\u00fan el acuerdo actual, los refugiados y migrantes que logren cruzar las fronteras de forma segura (por mar o tierra) tendr\u00e1n una vida m\u00e1s dif\u00edcil e incierta. Aquellos que sean rechazados y devueltos sufrir\u00e1n malos tratos y crueldad en las c\u00e1rceles de los pa\u00edses en transici\u00f3n, como ya ocurre todos los d\u00edas en Libia, por ejemplo.<\/p>\n\n\n\n<p>Como internacionalistas, rechazamos la idea de que Europa sea una fortaleza que hay que defender. Creemos que los refugiados y migrantes deben ser bienvenidos, sin restricciones, en todo el continente. Sus condiciones, y las de la clase trabajadora en su conjunto, deber\u00edan estar garantizadas mediante la expropiaci\u00f3n de la clase capitalista parasitaria y la gesti\u00f3n democr\u00e1tica de esta riqueza para el bien com\u00fan.<\/p>\n\n\n\n<p>Nos oponemos a la pol\u00edtica migratoria racista de los capitalistas, que s\u00f3lo pretende dividir a la clase trabajadora reforzando la idea de que los refugiados son el enemigo. Y nos oponemos al brutal sistema capitalista responsable de la guerra, el caos y la destrucci\u00f3n que obliga a los migrantes a huir de sus pa\u00edses de origen en primer lugar, y que enfrenta a los migrantes con los trabajadores nativos en una carrera hacia el abismo. Decimos:<\/p>\n\n\n\n<p class=\"has-text-align-center\"><strong>\u00a1Abramos las fronteras!<\/strong><\/p>\n\n\n\n<p class=\"has-text-align-center\"><strong>Los refugiados son bienvenidos, \u00a1que paguen los capitalistas!<\/strong><\/p>\n\n\n\n<p class=\"has-text-align-center\"><strong>\u00a1Por el fin de la guerra imperialista y del saqueo!<\/strong><\/p>\n\n\n\n<p class=\"has-text-align-center\"><strong>\u00a1Abajo la podrida UE capitalista!<\/strong><\/p>\n\n\n\n<p class=\"has-text-align-center\"><strong>\u00a1Abajo el capitalismo: por el comunismo y la solidaridad internacional!<\/strong><\/p>\n","protected":false},"excerpt":{"rendered":"<p>El Mediterr\u00e1neo puede ser un para\u00edso para los turistas, pero es al mismo tiempo un cementerio, donde al menos 27.000 inmigrantes han muerto en intentos de cruzar la frontera desde que comenzaron los registros en 2014. El nuevo acuerdo de migraci\u00f3n de la UE se nos vende como la mejor oportunidad para una soluci\u00f3n \u00abm\u00e1s estructurada\u00bb a este \u00abproblema\u00bb: distribuir a los inmigrantes de manera m\u00e1s equitativa en todo el continente. En realidad, no har\u00e1 nada para aliviar la pesadilla y simplemente equilibrar\u00e1 mejor los intereses reaccionarios de las potencias europeas.<\/p>\n","protected":false},"author":5,"featured_media":11650,"comment_status":"open","ping_status":"open","sticky":false,"template":"","format":"standard","meta":{"footnotes":""},"categories":[52,4,483],"tags":[1356,962],"post_format":[],"flags":[],"class_list":["post-11649","post","type-post","status-publish","format-standard","has-post-thumbnail","hentry","category-europa-2","category-internacionales","category-principales","tag-crisis-de-refugiados","tag-europa"],"jetpack_featured_media_url":"https:\/\/luchadeclases.com\/wp-content\/uploads\/2023\/09\/EU_refugees_Image_Ggia_Wikimedia_Commons.jpeg","_links":{"self":[{"href":"https:\/\/luchadeclases.com\/index.php?rest_route=\/wp\/v2\/posts\/11649","targetHints":{"allow":["GET"]}}],"collection":[{"href":"https:\/\/luchadeclases.com\/index.php?rest_route=\/wp\/v2\/posts"}],"about":[{"href":"https:\/\/luchadeclases.com\/index.php?rest_route=\/wp\/v2\/types\/post"}],"author":[{"embeddable":true,"href":"https:\/\/luchadeclases.com\/index.php?rest_route=\/wp\/v2\/users\/5"}],"replies":[{"embeddable":true,"href":"https:\/\/luchadeclases.com\/index.php?rest_route=%2Fwp%2Fv2%2Fcomments&post=11649"}],"version-history":[{"count":1,"href":"https:\/\/luchadeclases.com\/index.php?rest_route=\/wp\/v2\/posts\/11649\/revisions"}],"predecessor-version":[{"id":11651,"href":"https:\/\/luchadeclases.com\/index.php?rest_route=\/wp\/v2\/posts\/11649\/revisions\/11651"}],"wp:featuredmedia":[{"embeddable":true,"href":"https:\/\/luchadeclases.com\/index.php?rest_route=\/wp\/v2\/media\/11650"}],"wp:attachment":[{"href":"https:\/\/luchadeclases.com\/index.php?rest_route=%2Fwp%2Fv2%2Fmedia&parent=11649"}],"wp:term":[{"taxonomy":"category","embeddable":true,"href":"https:\/\/luchadeclases.com\/index.php?rest_route=%2Fwp%2Fv2%2Fcategories&post=11649"},{"taxonomy":"post_tag","embeddable":true,"href":"https:\/\/luchadeclases.com\/index.php?rest_route=%2Fwp%2Fv2%2Ftags&post=11649"},{"taxonomy":"post_format","embeddable":true,"href":"https:\/\/luchadeclases.com\/index.php?rest_route=%2Fwp%2Fv2%2Fpost_format&post=11649"},{"taxonomy":"flags","embeddable":true,"href":"https:\/\/luchadeclases.com\/index.php?rest_route=%2Fwp%2Fv2%2Fflags&post=11649"}],"curies":[{"name":"wp","href":"https:\/\/api.w.org\/{rel}","templated":true}]}}