{"id":11756,"date":"2023-10-28T19:56:55","date_gmt":"2023-10-29T00:26:55","guid":{"rendered":"https:\/\/luchadeclases.org.ve\/?p=11756"},"modified":"2023-10-28T19:57:05","modified_gmt":"2023-10-29T00:27:05","slug":"israel-en-juicio-la-mentira-del-orden-basado-en-reglas-de-occidente","status":"publish","type":"post","link":"https:\/\/luchadeclases.com\/?p=11756","title":{"rendered":"Israel en juicio: La mentira del orden \u201cbasado en reglas\u201d de Occidente"},"content":{"rendered":"\n<p>\u201cSi permitimos que un pa\u00eds grande intimide a otro m\u00e1s peque\u00f1o, que simplemente lo invada y tome su territorio, entonces abriremos la temporada de caza, no s\u00f3lo en Europa sino en todo el mundo\u00bb. En<a href=\"https:\/\/www.reuters.com\/world\/blinken-says-allowing-russia-bully-ukraine-would-mean-open-season-worldwide-2022-08-08\/\">&nbsp;estos<\/a>&nbsp;t\u00e9rminos denunci\u00f3 el Secretario de Estado estadounidense Anthony Blinken la invasi\u00f3n rusa de Ucrania en agosto del a\u00f1o pasado. Sin embargo, el jueves 12 de octubre -mientras el imperialista Israel, dotado de armas nucleares, segu\u00eda reduciendo a escombros un min\u00fasculo enclave empobrecido- Blinken estuvo al lado de Netanyahu en una conferencia de prensa conjunta y prometi\u00f3 solemnemente: \u00abPuede que se\u00e1is lo bastante fuertes por vosotros mismos para defenderos, pero mientras exista Estados Unidos nunca, nunca tendr\u00e9is que hacerlo\u00bb. S\u00ed, es \u2018temporada de caza\u201d en Palestina.<\/p>\n\n\n\n<p>En Ucrania, los imperialistas occidentales se hacen pasar por defensores de una peque\u00f1a naci\u00f3n. Hoy, en Palestina, las mismas damas y caballeros env\u00edan portaaviones para proteger a Israel mientras masacra a un pueblo en gran medida indefenso. En Ucrania, cada misil ruso que alcanza una infraestructura civil es denunciado como un \u00abcrimen de guerra\u00bb. Hoy, el arrasamiento de barrios enteros en Gaza y el bombardeo de escuelas y hospitales es leg\u00edtima \u00abautodefensa\u00bb.<\/p>\n\n\n\n<p>\u00abTodo debe hacerse dentro del derecho internacional\u00bb, explic\u00f3 ese lacayo de la clase dirigente brit\u00e1nica, Sir Keir Starmer, \u00abpero no quiero alejarme de los principios b\u00e1sicos de que Israel tiene derecho a defenderse.\u00bb<\/p>\n\n\n\n<p>Ah, s\u00ed, el \u00abderecho internacional\u00bb, el \u00aborden internacional basado en normas\u00bb. \u00c9stas marcan la delgada l\u00ednea que separa al Occidente civilizado de nuestros b\u00e1rbaros enemigos, una l\u00ednea que Rusia, seg\u00fan se nos dice, viola descaradamente y con frecuencia en Ucrania.<\/p>\n\n\n\n<p>En esa guerra, los pol\u00edticos occidentales contabilizaron todas las violaciones cometidas por los rusos -reales o imaginarias- y las recopilaron en un pliego de cargos para llevarlo al Tribunal Penal Internacional. Seg\u00fan el fiscal general ucraniano, el n\u00famero de esos cr\u00edmenes supera los<a href=\"https:\/\/www.cnbc.com\/2023\/02\/01\/ukraine-russia-war-65000-war-crimes-committed-prosecutor-general-says.html\">&nbsp;65.000<\/a>.<\/p>\n\n\n\n<p>Los tribunales burgueses de todo el mundo se basan en la llamada \u00abdoctrina del precedente\u00bb. Pues bien, seguramente ning\u00fan defensor de los \u00abvalores liberales\u00bb pondr\u00e1 objeciones si utilizamos la doctrina del precedente y el pliego de cargos redactado contra Putin para ver cu\u00e1l es la posici\u00f3n de Israel en relaci\u00f3n con su \u00aborden internacional basado en normas\u00bb y su \u00abderecho internacional\u00bb.<\/p>\n\n\n\n<p>O tal vez descubramos, como sospechamos, que todo lo que se dice de \u00abnormas\u00bb, \u00abderecho internacional\u00bb, \u00abvalores liberales\u00bb y dem\u00e1s es una m\u00e1scara hip\u00f3crita de las pol\u00edticas m\u00e1s viles y depredadoras del imperialismo.<\/p>\n\n\n\n<h2 class=\"wp-block-heading\">Cr\u00edmenes de guerra<\/h2>\n\n\n\n<p>A medida que se desarrollaba la guerra de Ucrania, los pol\u00edticos occidentales y la prensa no tardaron en tachar a Putin de criminal de guerra. Lo primero en la lista de acusaciones: que los rusos atacaron deliberadamente a civiles, una pr\u00e1ctica prohibida por la Convenci\u00f3n de Ginebra de 1949. El Secretario de Estado estadounidense enumer\u00f3 los siguientes presuntos cr\u00edmenes:<\/p>\n\n\n\n<p>\u00abLas fuerzas rusas han destruido edificios de apartamentos, escuelas, hospitales, infraestructuras cr\u00edticas, veh\u00edculos civiles, centros comerciales y ambulancias, dejando miles de civiles inocentes muertos o heridos. Muchos de los lugares atacados por las fuerzas rusas eran claramente identificables como lugares utilizados por civiles.\u00bb<\/p>\n\n\n\n<p>Eso fue un mes despu\u00e9s del inicio de la guerra de Ucrania.<\/p>\n\n\n\n<p>Sin embargo, a las<em>&nbsp;pocas horas<\/em>&nbsp;de la campa\u00f1a israel\u00ed, el segundo edificio m\u00e1s alto de la ciudad de Gaza -un bloque de apartamentos residenciales- fue arrasado. Esto no fue m\u00e1s que el preludio de la destrucci\u00f3n de barrios enteros.<\/p>\n\n\n\n<p>Seg\u00fan inform\u00f3 el&nbsp;<em>New York Times&nbsp;<\/em>el 10 de octubre -cuando s\u00f3lo hab\u00edan transcurrido dos d\u00edas de bombardeos-, los ataques a\u00e9reos israel\u00edes hab\u00edan demolido mezquitas, alcanzado al menos dos hospitales, dos centros gestionados por la Media Luna Roja Palestina y dos escuelas donde se hacinaban los refugiados.<\/p>\n\n\n\n<p>Tras s\u00f3lo&nbsp;<em>dos noches&nbsp;<\/em>de bombardeos, 187.000 palestinos hab\u00edan sido desplazados, casi uno de cada diez de los 2 millones de habitantes de Gaza. 130.000 de ellos est\u00e1n alojados en escuelas, el resto con amigos. No conocemos la cifra m\u00e1s reciente.<\/p>\n\n\n\n<p>Sin duda, el n\u00famero de desplazados habr\u00eda sido muy, muy superior si los habitantes de Gaza tuvieran ad\u00f3nde ir. Netanyahu aconsej\u00f3 enfermizamente a los gazat\u00edes que huyeran, pero las Fuerzas de Defensa Israel\u00ed ya hab\u00edan establecido un bloqueo total de la Franja de Gaza, sin que entrara ni saliera nada. Se hab\u00eda cortado el suministro de combustible, alimentos y agua.<\/p>\n\n\n\n<p>Y mientras la gente intentaba huir por el paso fronterizo de Rafah hacia Egipto, las FDI respondieron bombardeando el paso.<\/p>\n\n\n\n<p>\u00abLa depravaci\u00f3n de todo esto es alucinante\u00bb, denunci\u00f3 el embajador estadounidense Michael Carpenter. \u00abPrimero aceptaron abrir un corredor humanitario [&#8230;] pero luego bombardearon el camino de salida justo cuando los civiles estaban huyendo. Es pura maldad\u00bb.<\/p>\n\n\n\n<p>S\u00ed, arremeti\u00f3 contra el bombardeo de un corredor humanitario&#8230; para salir de Mari\u00fapol el a\u00f1o pasado. Cuando Mari\u00fapol estaba sitiada, cuando los puertos ucranianos del Mar Negro estaban sitiados, el imperialismo occidental form\u00f3 un coro \u00fanico de denuncia. El<a href=\"https:\/\/www.state.gov\/secretary-antony-j-blinken-at-the-unsc-meeting-on-food-insecurity-and-conflict\/\">&nbsp;Secretario de Estado de EEUU, Anthony Blinken<\/a>,<a href=\"https:\/\/www.reuters.com\/world\/europe\/russias-blockade-ukrainian-grain-exports-is-war-crime-eus-top-diplomat-2022-06-20\/\">&nbsp;el jefe de pol\u00edtica exterior de la UE<\/a>&nbsp;y muchos, muchos otros, denunciaron estos hechos como \u00abcr\u00edmenes de guerra\u00bb.<\/p>\n\n\n\n<p>La Presidenta de la Comisi\u00f3n Europea, Ursula von der Leyen, explic\u00f3 en un tuit que \u00ablos ataques de Rusia contra las infraestructuras civiles, especialmente la electricidad, son cr\u00edmenes de guerra\u00bb. Pero un d\u00eda despu\u00e9s de que la \u00fanica central el\u00e9ctrica de Gaza se haya quedado sin combustible a causa del bloqueo, y de que se haya ido la luz y empezado a estropearse la comida&#8230; la Presidenta de la CE est\u00e1 en viaje de \u00absolidaridad\u00bb con el pueblo israel\u00ed y a\u00fan no ha tuiteado ni una palabra sobre la dif\u00edcil situaci\u00f3n de los gazat\u00edes. No es que no haya tenido tiempo de conectarse a Twitter, ya que el 10 de octubre tuvo tiempo de tuitear que \u00abcondenaba en\u00e9rgicamente cualquier acto de destrucci\u00f3n de infraestructuras cr\u00edticas\u00bb&#8230; \u00a1Refiri\u00e9ndose a una fuga en un gasoducto entre Estonia y Finlandia!<\/p>\n\n\n\n<p>En vano se buscar\u00eda en Twitter y en los peri\u00f3dicos la condena de los atroces cr\u00edmenes contra los palestinos por parte de secretarios de Estado, embajadores y presidentes de la CE estadounidenses.<\/p>\n\n\n\n<p>Y sin embargo, jur\u00eddicamente hablando, la tarea del fiscal deber\u00eda ser mucho m\u00e1s sencilla en el caso de Israel.<\/p>\n\n\n\n<p>Siempre es m\u00e1s dif\u00edcil que las acusaciones prosperen cuando la parte acusada las niega. Los rusos siempre han negado haber atacado&nbsp;<em>intencionalmente&nbsp;<\/em>objetivos civiles o haber matado de hambre a civiles. El gobierno israel\u00ed, por el contrario, ha sido muy claro al respecto:&nbsp;<em>est\u00e1n&nbsp;<\/em>atacando a todos los habitantes de Gaza, \u00a1y no se disculpan por ello! Como explic\u00f3 el<a href=\"https:\/\/twitter.com\/Israel_katz\/status\/1712356130377113904?s=20\">&nbsp;ministro<\/a>&nbsp;israel\u00ed<a href=\"https:\/\/twitter.com\/Israel_katz\/status\/1712356130377113904?s=20\">&nbsp;de Energ\u00eda<\/a>:<\/p>\n\n\n\n<p>\u00ab\u00bfAyuda humanitaria a Gaza? No se encender\u00e1 ning\u00fan interruptor el\u00e9ctrico, no se abrir\u00e1 ninguna boca de riego ni entrar\u00e1 ning\u00fan cami\u00f3n de combustible hasta que los secuestrados israel\u00edes sean devueltos a sus hogares. Humanitario por humanitario. Y nadie nos predicar\u00e1 la moral\u00bb.<\/p>\n\n\n\n<p>Esto est\u00e1 bastante claro, \u00bfno? Gaza est\u00e1 sitiada y sus&nbsp;<em>2 millones de&nbsp;<\/em>habitantes son rehenes. Sus vidas est\u00e1n en peligro y la cuenta atr\u00e1s ir\u00e1 avanzando hasta que mueran de hambre (si no los matan antes los misiles), hasta que los 200 israel\u00edes secuestrados sean liberados.<\/p>\n\n\n\n<p>El ex primer ministro Naftali Bennet plante\u00f3 la cuesti\u00f3n en t\u00e9rminos bastante descarados en su entrevista, bastante d\u00edscola, con un presentador de Sky News. Refiri\u00e9ndose al corte de electricidad a Gaza, su entrevistador le pregunt\u00f3: \u00ab\u00bfQu\u00e9 pasa con los beb\u00e9s en incubadoras en Gaza a los que se les ha cortado el soporte vital porque los israel\u00edes han cortado la electricidad?\u00bb.<\/p>\n\n\n\n<p>Bennet replic\u00f3: \u00ab\u00bfEn serio preguntas por los civiles palestinos? \u00bfQu\u00e9 te pasa?\u00bb.<\/p>\n\n\n\n<p>Gritando por encima de su entrevistador<em>, que se atrevi\u00f3 incluso a plantear la cuesti\u00f3n&nbsp;<\/em>de si deber\u00edamos considerar la posibilidad de perdonar vidas palestinas inocentes, Bennett compar\u00f3 la campa\u00f1a israel\u00ed con el famoso bombardeo de Dresde, cuando la Royal Air Force brit\u00e1nica utiliz\u00f3 deliberadamente artefactos incendiarios para crear una tormenta de fuego que devor\u00f3 la ciudad y se cobr\u00f3 25.000 vidas de civiles.<\/p>\n\n\n\n<p>Y hablando de armas incendiarias, en la semana transcurrida, Israel ha utilizado<a href=\"https:\/\/www.hrw.org\/news\/2023\/10\/12\/israel-white-phosphorus-used-gaza-lebanon\">&nbsp;f\u00f3sforo blanco<\/a>&nbsp;en zonas densamente pobladas &#8211; y s\u00ed, eso tambi\u00e9n es un crimen de guerra.<\/p>\n\n\n\n<p>M\u00e1s tarde, el Presidente de Israel, Isaac Herzog, dej\u00f3 muy clara<a href=\"https:\/\/www.itv.com\/news\/2023-10-13\/israeli-president-says-gazans-could-have-risen-up-to-fight-hamas\">&nbsp;su actitud<\/a>&nbsp;hacia los palestinos de Gaza. Son colectivamente culpables y, por tanto, se enfrentar\u00e1n a un castigo colectivo:<\/p>\n\n\n\n<p>\u00abNo es cierta esa ret\u00f3rica de que los civiles no [est\u00e1n] al tanto, no participan. Es absolutamente falsa. Podr\u00edan haberse sublevado, podr\u00edan haber luchado contra ese r\u00e9gimen malvado que se apoder\u00f3 de Gaza en un golpe de Estado\u00bb.<\/p>\n\n\n\n<p>Mientras se escriben estas l\u00edneas, el castigo colectivo que se est\u00e1 imponiendo al pueblo palestino se intensifica exponencialmente. Hoy, el gobierno israel\u00ed ha dado a todo el mill\u00f3n de residentes en el norte de Gaza -el 50% de toda la poblaci\u00f3n del enclave- un plazo: evac\u00faen al sur en 24 horas o arriesguen su vida. Estados Unidos ha dado todo su apoyo a los israel\u00edes que, como ven, est\u00e1n desplazando a todo un pueblo s\u00f3lo para salvar vidas.<\/p>\n\n\n\n<p>Es dif\u00edcil encontrar siquiera un precedente de tales delitos.<\/p>\n\n\n\n<h2 class=\"wp-block-heading\">El peor crimen de guerra de todos<\/h2>\n\n\n\n<p>En un ensayo de 2001, la historiadora belga Anne Morelli describi\u00f3 lo que denomin\u00f3 los \u00abdiez mandamientos\u00bb de la propaganda de guerra. El tercero de su lista reza as\u00ed: \u00abEl l\u00edder de nuestro adversario es intr\u00ednsecamente malvado y se parece al diablo\u00bb.<\/p>\n\n\n\n<p>Para conseguir apoyo p\u00fablico para su guerra a distancia en Ucrania, Occidente no consider\u00f3 suficiente acusar a Putin y a Rusia de \u00abcr\u00edmenes de guerra\u00bb. No, de conformidad con este \u00abmandamiento\u00bb, con el fin de hacer que Putin pareciera un&nbsp;<em>verdadero&nbsp;<\/em>demonio, lo acusaron de cometer el&nbsp;<em>peor&nbsp;<\/em>crimen de guerra, el que supera a todos los dem\u00e1s e invoca comparaciones hitlerianas: el genocidio.<\/p>\n\n\n\n<p>Esa acusaci\u00f3n en particular ha ocupado un lugar destacado en la propaganda de Occidente. Como dijo Biden en abril de 2022: \u00abLo llam\u00e9 genocidio porque cada vez est\u00e1 m\u00e1s claro que Putin est\u00e1 intentando eliminar la idea de ser ucraniano\u00bb.<\/p>\n\n\n\n<p>La afirmaci\u00f3n de genocidio est\u00e1 respaldada por la referencia a las justificaciones de Putin para la guerra, en las que afirma que rusos y ucranianos son un solo pueblo, que no existe una naci\u00f3n \u00abucraniana\u00bb separada, que fue una invenci\u00f3n bolchevique. Seg\u00fan Biden, esto constituye un genocidio.<\/p>\n\n\n\n<p>Es m\u00e1s, se ha citado a funcionarios rusos refiri\u00e9ndose a los funcionarios del gobierno ucraniano como \u00abcucarachas\u00bb. Este lenguaje, se nos dice, es \u00abdeshumanizador\u00bb, y por tanto, aparentemente, \u00abgenocida\u00bb. Francamente, ser\u00eda dif\u00edcil argumentar en contra de la descripci\u00f3n rusa, que podr\u00eda extenderse para describir a los funcionarios occidentales. Estos \u00faltimos, mientras tanto, no parecen tener ning\u00fan problema con que el ej\u00e9rcito y el gobierno ucranianos describen a los soldados rusos como \u00aborcos\u00bb.<\/p>\n\n\n\n<p>Pero si quieren un lenguaje deshumanizador realmente&nbsp;<em>colorido<\/em>, remitimos a nuestros lectores al<a href=\"https:\/\/www.aljazeera.com\/program\/newsfeed\/2023\/10\/9\/israeli-defence-minister-orders-complete-siege-on-gaza\">&nbsp;ministro de Defensa israel\u00ed Yoav Gallant<\/a>, que el primer d\u00eda del bombardeo israel\u00ed de Gaza declar\u00f3: \u00abEstamos luchando contra animales humanos\u00bb. Y una vez m\u00e1s, por supuesto, no se ha formulado la m\u00e1s m\u00ednima objeci\u00f3n en Occidente, donde las clases dirigentes han reiterado a cada paso su pleno e imperecedero apoyo al desenfreno israel\u00ed.<\/p>\n\n\n\n<p>Pero dejemos a un lado las palabras duras y fij\u00e9monos en la&nbsp;<em>intenci\u00f3n<\/em>, que en los tribunales penales representa la l\u00ednea divisoria entre homicidio involuntario y asesinato, y entre asesinato en masa y genocidio.<\/p>\n\n\n\n<p>El r\u00e9gimen israel\u00ed ha dejado bien claro cu\u00e1l es su objetivo. Se trata de venganza: venganza colectiva contra todo el pueblo palestino. Un portavoz oficial de las FDI explic\u00f3 al<a href=\"https:\/\/13tv.co.il\/item\/news\/politics\/security\/day-4-903742131\/\">&nbsp;Canal 13<\/a>&nbsp;de Israel cu\u00e1l iba a ser el resultado: \u00abGaza se convertir\u00e1 en una ciudad de tiendas de campa\u00f1a\u00bb.<\/p>\n\n\n\n<p>Mientras tanto, un miembro del Kn\u00e9set (Parlamento) del partido Likud, Revital Gotliv, sugiri\u00f3 utilizar armas nucleares para arrasar Gaza. \u00bfD\u00f3nde est\u00e1 el alboroto entre nuestras damas y caballeros democr\u00e1ticos de Occidente? \u00bfD\u00f3nde est\u00e1 la preocupaci\u00f3n por la humanidad que expresaron con tan aparente sentimiento en Ucrania, cuando los legisladores del partido gobernante israel\u00ed proponen eliminar a millones de personas con bombas nucleares?<\/p>\n\n\n\n<p>Escuchemos los planes de genocidio, m\u00e1s fr\u00edos y cuidadosamente pensados, del actual Ministro de Finanzas israel\u00ed, Bezalel Smotrich.<\/p>\n\n\n\n<p>En 2017, este encantador caballero propuso un \u00ab<a href=\"https:\/\/hashiloach.org.il\/israels-decisive-plan\/\">plan decisivo<\/a>\u00bb para abordar el problema palestino, un plan que en todos los aspectos se parece a la pol\u00edtica del actual gobierno del a\u00f1o pasado. En primer lugar, apoyar plenamente una agresiva pol\u00edtica de asentamientos en Cisjordania. En segundo lugar, imponer violentamente esta pol\u00edtica. Sobre esta base, Smotrich hizo una predicci\u00f3n: \u00abLos esfuerzos terroristas \u00e1rabes no har\u00e1n sino aumentar\u00bb. Pero estos \u00abesfuerzos\u00bb deben ser bienvenidos, porque Israel aplastar\u00e1 a los palestinos sin piedad, y la desesperaci\u00f3n se apoderar\u00e1 de ellos.<\/p>\n\n\n\n<p>\u00abLa afirmaci\u00f3n de que el anhelo \u00e1rabe de expresi\u00f3n nacional en la Tierra de Israel no puede ser &#8216;reprimido&#8217; es incorrecta\u00bb. La soluci\u00f3n de los dos Estados ha fracasado, explic\u00f3, porque \u00abno hay espacio en la Tierra de Israel para dos movimientos nacionales en conflicto.\u00bb<\/p>\n\n\n\n<p>Las aspiraciones nacionales del \u00abpueblo\u00bb palestino (las comillas son de Smotrich) pueden, ser\u00e1n y deben ser aplastadas.<\/p>\n\n\n\n<p>Se mire por donde se mire, se trata de un llamamiento al genocidio mucho m\u00e1s descarado que cualquier cosa que haya salido de los labios de Putin, y constituye la ideolog\u00eda central de los elementos de extrema derecha y fascistas que apuntalan el gobierno de Netanyahu.<\/p>\n\n\n\n<p>\u00bfD\u00f3nde est\u00e1 la denuncia de \u00abgenocidio\u00bb por parte del Occidente civilizado? Esperen sentados.<\/p>\n\n\n\n<p>Una mirada a Nagorno-Karabaj, que en los \u00faltimos meses ha sido testigo de una completa limpieza \u00e9tnica de su poblaci\u00f3n armenia por parte de Azerbaiy\u00e1n, nos dice todo lo que necesitamos saber sobre la actitud de los gobiernos occidentales ante tales cr\u00edmenes contra la humanidad&#8230; cuando son llevados a cabo por nuestros \u00abaliados\u00bb.<\/p>\n\n\n\n<p>En una cosa, sin embargo, tenemos que estar de acuerdo con Smotrich: sobre la base del capitalismo, no puede haber una \u00absoluci\u00f3n\u00bb a la cuesti\u00f3n Israel-Palestina que no implique la limpieza \u00e9tnica y la destrucci\u00f3n del pueblo de Palestina. Una parte significativa de la clase dominante sionista quiere claramente una nueva Nakba y est\u00e1 trabajando con ese fin.<\/p>\n\n\n\n<p>S\u00f3lo una intifada que se extienda mucho m\u00e1s all\u00e1 de Palestina -una revoluci\u00f3n socialista para establecer una federaci\u00f3n socialista de Oriente Medio, derrocando al Estado sionista y a sus aliados regionales y patrocinadores imperialistas internacionales- puede salvaguardar los derechos nacionales del pueblo palestino.<\/p>\n\n\n\n<h2 class=\"wp-block-heading\">Una broma de mal gusto<\/h2>\n\n\n\n<p>Dejemos pues de hablar aqu\u00ed del \u00aborden internacional basado en normas\u00bb. Es una broma de mal gusto por parte de las potencias occidentales, y lo que est\u00e1 ocurriendo actualmente en Gaza no es ninguna broma.<\/p>\n\n\n\n<p>Todo esto apesta a hipocres\u00eda. Los acontecimientos que se est\u00e1n desarrollando en Gaza deber\u00edan dejar claro a todos, excepto a los que deliberadamente cierran los ojos, que los imperialistas occidentales no se inmutan ante la violaci\u00f3n de los derechos de las \u00abnaciones peque\u00f1as\u00bb y la masacre de civiles inocentes. Todas sus afirmaciones de justicia no son m\u00e1s que hojas de parra para cubrir la verg\u00fcenza de sus intereses imperialistas.<\/p>\n\n\n\n<p>Su justa furia contra Putin es relativamente reciente. Hubo un tiempo en que los imperialistas occidentales pensaban que pod\u00edan manipular al hombre del Kremlin, como manipularon a su predecesor, Yeltsin. Pero el gran \u00abcrimen\u00bb de Putin ha sido hacer valer los intereses de la clase dominante rusa&nbsp;<em>frente a&nbsp;<\/em>los del imperialismo occidental: en Georgia, en Siria y en Ucrania.<\/p>\n\n\n\n<p>En ese conflicto, el r\u00e9gimen ucraniano es una mera marioneta, y el pueblo ucraniano mera carne de ca\u00f1\u00f3n, como los propios imperialistas occidentales han declarado expl\u00edcitamente. En palabras del ex candidato presidencial republicano<a href=\"https:\/\/twitter.com\/SenatorRomney\/status\/1632442304131637253\">&nbsp;Mitt Romney<\/a>: \u00abApoyar a Ucrania debilita un adversario, aumenta nuestra ventaja en seguridad nacional y no requiere derramamiento de sangre estadounidense\u00bb.<\/p>\n\n\n\n<p>Tambi\u00e9n dejaremos de hablar de cualquier punto de comparaci\u00f3n entre la guerra de Ucrania y lo que est\u00e1 ocurriendo en Gaza. No hay comparaci\u00f3n, aunque Zelensky insert\u00f3 una broma de mal gusto de las suyas en una reuni\u00f3n de la OTAN el lunes: que hay una equivalencia entre Ucrania e Israel y entre Rusia y Ham\u00e1s: \u00abla esencia es la misma\u00bb.<\/p>\n\n\n\n<p>En este cuento de hadas, Ucrania e Israel se enzarzan en una lucha maniquea entre el Bien y el Mal. Lo \u00fanico que tienen en com\u00fan Ucrania e Israel es que ambos son puestos avanzados del imperialismo occidental: los dos est\u00e1n armados hasta los dientes por Estados Unidos y la OTAN, pero mientras que uno est\u00e1 librando una guerra regular contra un poderoso competidor del imperialismo occidental, el otro est\u00e1 librando una guerra unilateral de venganza contra un pueblo indefenso y empobrecido, sin ej\u00e9rcito, marina ni fuerza a\u00e9rea, sin una econom\u00eda de la que hablar, con s\u00f3lo los medios m\u00e1s primitivos de autodefensa a su disposici\u00f3n.<\/p>\n\n\n\n<p>Israel es importante para Occidente como basti\u00f3n seguro para los intereses del imperialismo estadounidense en una regi\u00f3n de importancia estrat\u00e9gica hist\u00f3rica. Los imperialistas nunca han dejado de intervenir en la regi\u00f3n, mientras Estados Unidos luchaba por establecer un firme dominio, creando un infierno para millones de seres humanos. Y sin embargo, a pesar de sus sangrientos esfuerzos, ha sufrido un rev\u00e9s tras otro en los \u00faltimos a\u00f1os. Cada rev\u00e9s le obliga a apoyarse cada vez m\u00e1s en su aliado, Israel.<\/p>\n\n\n\n<p>Por ello, las masas de la regi\u00f3n consideran la lucha del pueblo palestino por su liberaci\u00f3n como una prolongaci\u00f3n de su propia lucha contra el imperialismo. Por eso la causa palestina goza de una simpat\u00eda tan abrumadora entre los pueblos oprimidos de Oriente Medio y de todo el mundo. Una victoria para los palestinos ser\u00eda una victoria para todos aquellos que, durante generaciones, han sufrido la opresi\u00f3n, la muerte y la destrucci\u00f3n a manos de la fuerza m\u00e1s reaccionaria del planeta: El imperialismo estadounidense y sus aliados regionales.<\/p>\n\n\n\n<p>Pocas veces la historia de la humanidad ha conocido una barbarie tan asim\u00e9trica como la que estamos presenciando. Cuando el ej\u00e9rcito ruso lanz\u00f3 su ofensiva inicial en febrero de 2022, lo hizo con 200.000 soldados repartidos en un frente de 1.000 km de longitud. En Israel, se ha llamado a filas a 380.000 reservistas, adem\u00e1s de los 200.000 soldados ya desplegados, para una guerra contra un enclave del tama\u00f1o de Filadelfia.<\/p>\n\n\n\n<p>Este vasto ej\u00e9rcito -uno de los m\u00e1s avanzados del mundo- se enfrenta a 40.000 hombres, armados con armas ligeras y primitivos artefactos improvisados. En s\u00f3lo seis d\u00edas, Israel ha lanzado<a href=\"https:\/\/www.washingtonpost.com\/world\/2023\/10\/12\/israel-gaza-war-updates-hamas\/#link-36ET66QNF5CKHAYKCYIWED4GOA\">&nbsp;6.000 bombas<\/a>&nbsp;sobre Gaza. Son tantas como las que Estados Unidos lanz\u00f3 en&nbsp;<em>todo un a\u00f1o&nbsp;<\/em>durante la guerra de Afganist\u00e1n.<\/p>\n\n\n\n<p>La maquinaria propagand\u00edstica occidental puede intentar todo lo que quiera convertir esto en una guerra de \u00abautodefensa\u00bb, pero ni siquiera ella es capaz de hacer milagros. Millones de personas ya se han dado cuenta. Millones m\u00e1s lo ver\u00e1n a medida que aumente la barbarie de las FDI en Palestina.<\/p>\n\n\n\n<p>Antes de esta invasi\u00f3n, una persona ingenua pero quiz\u00e1 bienintencionada pod\u00eda hablar de la necesidad de \u00abdiplomacia\u00bb para resolver el conflicto entre Israel y Palestina, de que la \u00abcomunidad internacional\u00bb ejerciera \u00abpresi\u00f3n\u00bb sobre Israel para que respetara el \u00abderecho internacional\u00bb.<\/p>\n\n\n\n<p>Pero ahora, la hipocres\u00eda y la falsedad que rodean estas palabras dejan un sabor amargo en la boca. En cuanto a la \u00abcomunidad internacional\u00bb de gobiernos imperialistas occidentales: a estas alturas deber\u00eda estar bastante claro que son tan culpables, si no m\u00e1s, del caos actual que el propio Estado de Israel.<\/p>\n\n\n\n<p>Para los partidarios de la causa de la liberaci\u00f3n palestina en Occidente, la lucha revolucionaria contra nuestra propia clase dominante representa el \u00fanico medio que puede aportar alguna ayuda a la lucha del pueblo palestino. Corresponde a la clase obrera dictar sentencia contra nuestras propias clases dominantes criminales.<\/p>\n\n\n\n<p>14 de octubre, 2023<\/p>\n","protected":false},"excerpt":{"rendered":"<p>\u201cSi permitimos que un pa\u00eds grande intimide a otro m\u00e1s peque\u00f1o, que simplemente lo invada y tome su territorio, entonces abriremos la temporada de caza, no s\u00f3lo en Europa sino en todo el mundo\u00bb. En\u00a0estos\u00a0t\u00e9rminos denunci\u00f3 el Secretario de Estado estadounidense Anthony Blinken la invasi\u00f3n rusa de Ucrania en agosto del a\u00f1o pasado. Sin embargo, el jueves 12 de octubre -mientras el imperialista Israel, dotado de armas nucleares, segu\u00eda reduciendo a escombros un min\u00fasculo enclave empobrecido- Blinken estuvo al lado de Netanyahu en una conferencia de prensa conjunta y prometi\u00f3 solemnemente: <\/p>\n","protected":false},"author":5,"featured_media":11757,"comment_status":"open","ping_status":"open","sticky":false,"template":"","format":"standard","meta":{"footnotes":""},"categories":[4,86,483],"tags":[1370,191],"post_format":[],"flags":[],"class_list":["post-11756","post","type-post","status-publish","format-standard","has-post-thumbnail","hentry","category-internacionales","category-israel-palestina","category-principales","tag-guerra-israel-palestina","tag-israel"],"jetpack_featured_media_url":"https:\/\/luchadeclases.com\/wp-content\/uploads\/2023\/10\/Netanyahu_criminal_Image_own_work.png","_links":{"self":[{"href":"https:\/\/luchadeclases.com\/index.php?rest_route=\/wp\/v2\/posts\/11756","targetHints":{"allow":["GET"]}}],"collection":[{"href":"https:\/\/luchadeclases.com\/index.php?rest_route=\/wp\/v2\/posts"}],"about":[{"href":"https:\/\/luchadeclases.com\/index.php?rest_route=\/wp\/v2\/types\/post"}],"author":[{"embeddable":true,"href":"https:\/\/luchadeclases.com\/index.php?rest_route=\/wp\/v2\/users\/5"}],"replies":[{"embeddable":true,"href":"https:\/\/luchadeclases.com\/index.php?rest_route=%2Fwp%2Fv2%2Fcomments&post=11756"}],"version-history":[{"count":2,"href":"https:\/\/luchadeclases.com\/index.php?rest_route=\/wp\/v2\/posts\/11756\/revisions"}],"predecessor-version":[{"id":11759,"href":"https:\/\/luchadeclases.com\/index.php?rest_route=\/wp\/v2\/posts\/11756\/revisions\/11759"}],"wp:featuredmedia":[{"embeddable":true,"href":"https:\/\/luchadeclases.com\/index.php?rest_route=\/wp\/v2\/media\/11757"}],"wp:attachment":[{"href":"https:\/\/luchadeclases.com\/index.php?rest_route=%2Fwp%2Fv2%2Fmedia&parent=11756"}],"wp:term":[{"taxonomy":"category","embeddable":true,"href":"https:\/\/luchadeclases.com\/index.php?rest_route=%2Fwp%2Fv2%2Fcategories&post=11756"},{"taxonomy":"post_tag","embeddable":true,"href":"https:\/\/luchadeclases.com\/index.php?rest_route=%2Fwp%2Fv2%2Ftags&post=11756"},{"taxonomy":"post_format","embeddable":true,"href":"https:\/\/luchadeclases.com\/index.php?rest_route=%2Fwp%2Fv2%2Fpost_format&post=11756"},{"taxonomy":"flags","embeddable":true,"href":"https:\/\/luchadeclases.com\/index.php?rest_route=%2Fwp%2Fv2%2Fflags&post=11756"}],"curies":[{"name":"wp","href":"https:\/\/api.w.org\/{rel}","templated":true}]}}