{"id":11783,"date":"2023-11-12T10:31:17","date_gmt":"2023-11-12T15:01:17","guid":{"rendered":"https:\/\/luchadeclases.org.ve\/?p=11783"},"modified":"2023-11-12T10:31:23","modified_gmt":"2023-11-12T15:01:23","slug":"la-union-europea-una-agencia-imperialista-reaccionaria","status":"publish","type":"post","link":"https:\/\/luchadeclases.com\/?p=11783","title":{"rendered":"La Uni\u00f3n Europea: una agencia imperialista reaccionaria"},"content":{"rendered":"\n<p>Editorial del n\u00ba 99 de Lucha de Clases \u2013 La Uni\u00f3n Europea pretende pasar como la ciudadela del progreso, la democracia y la libertad en medio de un mundo inh\u00f3spito y enloquecido. Josep Borrell, ese pedante y c\u00ednico representante de la pol\u00edtica exterior de la UE, lleg\u00f3 a definirla como un \u201cjard\u00edn que debemos preservar\u201d, en contraposici\u00f3n al resto del mundo pobre y asediado por conflictos b\u00e9licos, desastres naturales y olas de refugiados, al que calificaba de \u201cjungla\u201d. Cierto es que esta \u201cjungla\u201d ha sido abonada durante d\u00e9cadas por las multinacionales europeas y sus ej\u00e9rcitos, junto a sus compinches de EEUU, a trav\u00e9s del saqueo econ\u00f3mico e incontables intervenciones militares, principalmente en sus esferas de influencia m\u00e1s importantes, como \u00c1frica, Oriente Medio y Latinoam\u00e9rica.<\/p>\n\n\n\n<h2 class=\"wp-block-heading\">Inmigraci\u00f3n, resultado de la opresi\u00f3n imperialista<\/h2>\n\n\n\n<p>Pese a todo, los indeseables habitantes de la jungla, una vez empobrecidos por nuestras multinacionales y los gobiernos corruptos de sus pa\u00edses, a sueldo de la UE; o masacrados por nuestros ej\u00e9rcitos y los desastres naturales, se empecinan en saltar las vallas de nuestro jard\u00edn. En 2022, seg\u00fan la Comisi\u00f3n Europea, cruzaron ilegalmente la frontera 331.400 personas, un 61% m\u00e1s que en 2021, de los cuales 148.000 lo hicieron por el mar. 77.500 fueron devueltos a sus pa\u00edses de procedencia, y varios cientos miles m\u00e1s tienen orden de abandonar la UE. 2.000 emigrantes se ahogan anualmente en el Mediterr\u00e1neo tratando de llegar a nuestras costas, pero este a\u00f1o 2023 se han batido todos los registros con 2400 ahogamientos hasta comienzos de octubre. El imperialismo europeo es criminalmente responsable de este desastre humanitario.<\/p>\n\n\n\n<p>La Uni\u00f3n Europea est\u00e1 implicando a los pa\u00edses pobres de la periferia, como Turqu\u00eda, T\u00fanez, Libia o Marruecos, para contener la inmigraci\u00f3n \u201cilegal\u201d a cualquier costo, incluso abandon\u00e1ndolos en el desierto del S\u00e1hara sin agua ni comida, como el caso de T\u00fanez, pagando anualmente a estos gobiernos miles de millones de euros. El presupuesto de la UE para estos menesteres asciende a 22.700 millones de euros para el per\u00edodo 2021-2027, incluyendo el sueldo de 10.000 guardafronteras.<\/p>\n\n\n\n<h2 class=\"wp-block-heading\">Hipocres\u00eda moral<\/h2>\n\n\n\n<p>Pero hay inmigrantes e inmigrantes. Por razones pol\u00edticas, cuando les conviene, desaparecen los supuestos problemas sociales, de recursos, laborales y de alojamiento causados por la inmigraci\u00f3n. En 2022, la UE destin\u00f3 17.200 millones de euros para ayudar a los cientos de miles de refugiados ucranianos, a quienes les otorgaron derecho de residencia, de trabajo y vivienda, asistencia medida y educaci\u00f3n.<\/p>\n\n\n\n<p>Y mientras ponen vallas y guardafronteras a los inmigrantes pobres, la UE desarrolla una pol\u00edtica agresiva de captaci\u00f3n de trabajadores inmigrantes altamente cualificados, para ahorrarse el coste de su alimentaci\u00f3n y educaci\u00f3n, dejando con menos recursos a\u00fan a los pa\u00edses pobres de los que proceden.<\/p>\n\n\n\n<p>En septiembre de 2021, el Parlamento Europeo aprob\u00f3 una directiva para simplificar la contrataci\u00f3n de personas de fuera de la UE. Con la llamada \u201ctarjeta azul\u201d, estos trabajadores altamente cualificados de fuera de la UE tienen derecho a vivir y trabajar en cualquier pa\u00eds de la UE, menos en Dinamarca e Irlanda, con procedimientos de reunificaci\u00f3n familiar m\u00e1s r\u00e1pidos. Pero, pese a su alta cualificaci\u00f3n, seguir\u00e1n siendo trabajadores \u201cde segunda,\u201d pues la directiva incluye bajar el umbral del salario m\u00ednimo que los solicitantes deben ganar para conseguir la tarjeta azul. De esta manera, utilizan la mano de obra inmigrante cualificada para golpear los salarios del conjunto de los trabajadores europeos, haci\u00e9ndolos competir entre s\u00ed, mientras que sus partidos de derecha alientan el racismo para dividir y enfrentar mejor a los trabajadores.<\/p>\n\n\n\n<p>La pol\u00edtica migratoria de la UE no es m\u00e1s que una continuaci\u00f3n de su pol\u00edtica imperialista exterior y de su pol\u00edtica capitalista y antiobrera interior.<\/p>\n\n\n\n<p>Y es que, en realidad, nuestro \u201cjard\u00edn\u201d tiene una zona VIP para potentados y un sucio parterre, bien cercado, para los residentes que son considerados vagos y maleantes. Baste recordar el tratamiento que los mandamases de la UE capitalista infligieron al pueblo griego, entre 2012 y 2018, y en general a toda la Europa del sur, con sus pol\u00edticas de austeridad salvaje, tras estimular una pol\u00edtica de endeudamiento p\u00fablico masivo en toda la UE en los a\u00f1os previos a la gran crisis de 2008. Los bancos y grandes empresas fueron salvados con dinero p\u00fablico, pero las familias trabajadoras fueron abandonadas a su suerte y tratadas como parias.<\/p>\n\n\n\n<h2 class=\"wp-block-heading\">Una pol\u00edtica exterior y militar imperialista<\/h2>\n\n\n\n<p>A fin de sostener su imperialismo econ\u00f3mico, la UE se ha desarrollado tambi\u00e9n como una potencia militar agresiva, pese a su papel subalterno al \u201chermano mayor\u201d norteamericano. Desde 2016, la UE registra un incremento hist\u00f3rico, a\u00f1o tras a\u00f1o, en el gasto militar. En 2022, el conjunto de pa\u00edses que forman la UE gastaron 264.000 millones de euros en armamento, un 13% m\u00e1s que en 2021, descontando la inflaci\u00f3n. Los gastos militares de la UE se han incrementado un 62% desde 2014, 102.000 millones de euros m\u00e1s. Junto con EEUU ha intervenido en \u00c1frica, Afganist\u00e1n, Oriente Medio y, ahora, en Ucrania.<\/p>\n\n\n\n<p>En el actual conflicto en Palestina se ha alineado incondicionalmente con el imperialismo sionista de Israel. La presidenta de la Comisi\u00f3n Europea, el gobierno de la UE, \u00darsula von der Leyen, fue tan lejos como para viajar con la presidenta del Parlamento Europeo, Roberta Metsola, a rendirle pleites\u00eda y apoyo incondicional al corrupto y criminal primer ministro israel\u00ed, Benjam\u00edn Netanyahu, solidariz\u00e1ndose abiertamente con la pol\u00edtica de bombardeos y asesinatos practicadas en Gaza. Pero fue tan descarada y servil la manera con la que mostr\u00f3 su apoyo a Israel que, incluso, fue demasiado para los hip\u00f3critas y c\u00ednicos gobiernos y funcionarios europeos.<\/p>\n\n\n\n<p>Como mencionaba&nbsp;<em>El Pa\u00eds<\/em>, en una nota: \u00abLa postura de Von der Leyen y su viaje mientras arrecia la crisis humana en Gaza, suscita preocupaci\u00f3n en Bruselas. Varias fuentes diplom\u00e1ticas y comunitarias sostienen que puede da\u00f1ar el papel de la UE en la regi\u00f3n. \u2018Ha causado un gran da\u00f1o del que va a ser muy dif\u00edcil que la reputaci\u00f3n de la UE se recupere\u2019, se lamenta una alta fuente comunitaria\u00bb (<em>El Pa\u00eds<\/em>, 14\/10\/23).<\/p>\n\n\n\n<p>Hablando en plata: el torpe viaje de Von der Leyen ha arrojado al suelo el velo hip\u00f3crita de paz, progreso y derechos humanos que dice representar la UE ante la poblaci\u00f3n europea, que bascula mayoritariamente al lado del pueblo palestino, y a quien muy pronto se le va a exigir que acepte dolorosas medidas de ajuste para reducir su abultada deuda p\u00fablica; y, adem\u00e1s, ha puesto bajo amenaza los negocios de las multinacionales europeas en Oriente Medio, \u00c1frica, Asia y Latinoam\u00e9rica, ya que muchos gobiernos van a tener dif\u00edcil justificar ante su opini\u00f3n p\u00fablica que otorguen contratos a pa\u00edses que apoyan abiertamente el genocidio israel\u00ed.<\/p>\n\n\n\n<p>Con este ejemplo podemos medir el enfoque de la preocupaci\u00f3n por los derechos humanos en la Uni\u00f3n Europea capitalista. Su moral se nutre exclusivamente de sus intereses econ\u00f3micos y geoestrat\u00e9gicos.<\/p>\n\n\n\n<h2 class=\"wp-block-heading\">La UE amenaza nuestros derechos democr\u00e1ticos<\/h2>\n\n\n\n<p>Las crisis b\u00e9licas en Ucrania y Palestina han servido tambi\u00e9n para poner el foco en la amenaza a nuestros derechos democr\u00e1ticos. Ya con la guerra de Ucrania fueron proscritos todos aquellos que se pronunciaban contra la guerra en los medios de comunicaci\u00f3n convencionales, y se prohibieron webs, cuentas de redes sociales, pel\u00edculas y obras de teatro de procedencia rusa. Pero lo sucedido con el conflicto actual en Palestina ha superado todo lo imaginable.<\/p>\n\n\n\n<p>Se ha prohibido exhibir banderas palestinas en eventos deportivos, en Francia se llegaron a prohibir las manifestaciones de apoyo a Palestina, aunque las masas rompieron la prohibici\u00f3n con la acci\u00f3n directa. Se cancel\u00f3 la entrega de un premio a la escritora palestina Adania Shibli en la Feria del Libro de Frankfurt, por relatar en su obra un caso real de violaci\u00f3n y asesinato de una chica palestina por soldados israel\u00edes. Numerosos actos de solidaridad con Palestina han sido prohibidos con el argumento de \u201cincitar el terrorismo\u201d. En Francia, el dirigente sindical de la CGT en el departamento del norte, Jean-Paul Delescaut, fue detenido tras publicar el sindicato un comunicado pidiendo el cese del fuego en Gaza. Fuera de la UE, nuestros camaradas brit\u00e1nicos vieron prohibidos sus actos en la Universidad, a trav\u00e9s de las Sociedades Marxistas que impulsan, a favor de Palestina. En Suiza, la prensa burguesa present\u00f3 a nuestros camaradas como \u201csimpatizantes de Ham\u00e1s\u201d, tras pegar carteles en apoyo a la resistencia palestina.<\/p>\n\n\n\n<p>Estas pol\u00edticas contra los derechos democr\u00e1ticos revelan, en realidad, el enorme miedo de los grandes banqueros y empresarios europeos a la movilizaci\u00f3n popular y al estallido de tensiones sociales, inherentes en la sociedad europea, por las propias consecuencias de la crisis capitalista, de precariedad, empobrecimiento y falta de futuro que genera el mismo capitalismo en el continente.<\/p>\n\n\n\n<p>Frente a esta UE capitalista e imperialista, los comunistas oponemos unos Estados Unidos Socialistas de Europa sobre bases voluntarias y democr\u00e1ticas, una vez la clase obrera europea arrebate al gran capital el dominio de la sociedad, como un primer paso a una federaci\u00f3n socialista mundial, que saque al planeta de la barbarie y pesadilla actual.<\/p>\n","protected":false},"excerpt":{"rendered":"<p>Editorial del n\u00ba 99 de Lucha de Clases \u2013 La Uni\u00f3n Europea pretende pasar como la ciudadela del progreso, la democracia y la libertad en medio de un mundo inh\u00f3spito y enloquecido. Josep Borrell, ese pedante y c\u00ednico representante de la pol\u00edtica exterior de la UE, lleg\u00f3 a definirla como un \u201cjard\u00edn que debemos preservar\u201d, en contraposici\u00f3n al resto del mundo pobre y asediado por conflictos b\u00e9licos, desastres naturales y olas de refugiados, al que calificaba de \u201cjungla\u201d. Cierto es que esta \u201cjungla\u201d ha sido abonada durante d\u00e9cadas por las multinacionales europeas y sus ej\u00e9rcitos, junto a sus compinches de EEUU, a trav\u00e9s del saqueo econ\u00f3mico e incontables intervenciones militares, principalmente en sus esferas de influencia m\u00e1s importantes, como \u00c1frica, Oriente Medio y Latinoam\u00e9rica.<\/p>\n","protected":false},"author":5,"featured_media":11784,"comment_status":"open","ping_status":"open","sticky":false,"template":"","format":"standard","meta":{"footnotes":""},"categories":[52,4,483],"tags":[962,103,232],"post_format":[],"flags":[],"class_list":["post-11783","post","type-post","status-publish","format-standard","has-post-thumbnail","hentry","category-europa-2","category-internacionales","category-principales","tag-europa","tag-imperialismo","tag-union-europea"],"jetpack_featured_media_url":"https:\/\/luchadeclases.com\/wp-content\/uploads\/2023\/11\/EU_Image_fair_use.jpeg","_links":{"self":[{"href":"https:\/\/luchadeclases.com\/index.php?rest_route=\/wp\/v2\/posts\/11783","targetHints":{"allow":["GET"]}}],"collection":[{"href":"https:\/\/luchadeclases.com\/index.php?rest_route=\/wp\/v2\/posts"}],"about":[{"href":"https:\/\/luchadeclases.com\/index.php?rest_route=\/wp\/v2\/types\/post"}],"author":[{"embeddable":true,"href":"https:\/\/luchadeclases.com\/index.php?rest_route=\/wp\/v2\/users\/5"}],"replies":[{"embeddable":true,"href":"https:\/\/luchadeclases.com\/index.php?rest_route=%2Fwp%2Fv2%2Fcomments&post=11783"}],"version-history":[{"count":1,"href":"https:\/\/luchadeclases.com\/index.php?rest_route=\/wp\/v2\/posts\/11783\/revisions"}],"predecessor-version":[{"id":11785,"href":"https:\/\/luchadeclases.com\/index.php?rest_route=\/wp\/v2\/posts\/11783\/revisions\/11785"}],"wp:featuredmedia":[{"embeddable":true,"href":"https:\/\/luchadeclases.com\/index.php?rest_route=\/wp\/v2\/media\/11784"}],"wp:attachment":[{"href":"https:\/\/luchadeclases.com\/index.php?rest_route=%2Fwp%2Fv2%2Fmedia&parent=11783"}],"wp:term":[{"taxonomy":"category","embeddable":true,"href":"https:\/\/luchadeclases.com\/index.php?rest_route=%2Fwp%2Fv2%2Fcategories&post=11783"},{"taxonomy":"post_tag","embeddable":true,"href":"https:\/\/luchadeclases.com\/index.php?rest_route=%2Fwp%2Fv2%2Ftags&post=11783"},{"taxonomy":"post_format","embeddable":true,"href":"https:\/\/luchadeclases.com\/index.php?rest_route=%2Fwp%2Fv2%2Fpost_format&post=11783"},{"taxonomy":"flags","embeddable":true,"href":"https:\/\/luchadeclases.com\/index.php?rest_route=%2Fwp%2Fv2%2Fflags&post=11783"}],"curies":[{"name":"wp","href":"https:\/\/api.w.org\/{rel}","templated":true}]}}