{"id":12088,"date":"2024-03-06T19:55:05","date_gmt":"2024-03-07T00:25:05","guid":{"rendered":"https:\/\/luchadeclases.org.ve\/?p=12088"},"modified":"2024-03-06T19:55:09","modified_gmt":"2024-03-07T00:25:09","slug":"manos-fuera-de-nuestros-camaradas-el-estado-austriaco-ataca-a-la-imt-por-su-solidaridad-con-palestina-una-actualizacion","status":"publish","type":"post","link":"https:\/\/luchadeclases.com\/?p=12088","title":{"rendered":"\u00a1Manos fuera de nuestros camaradas! El estado austriaco ataca a la IMT por su solidaridad con Palestina &#8211; una actualizaci\u00f3n"},"content":{"rendered":"\n<p>Como&nbsp;<a href=\"https:\/\/www.marxist.com\/el-estado-austriaco-ataca-a-la-cmi-por-su-solidaridad-con-palestina.htm\">informamos recientemente<\/a>, los camaradas de la Corriente Marxista Internacional en Austria est\u00e1n siendo atacados por el estado por oponerse a la opresi\u00f3n del pueblo palestino. Dos camaradas han sido falsamente acusados de \u00abapoyo al terrorismo\u00bb por promover la&nbsp;<a href=\"https:\/\/www.marxist.com\/abajo-la-hipocresia-defender-gaza-declaracion-de-la-cmi.htm\">declaraci\u00f3n de la CMI<\/a>&nbsp;contra la guerra en Gaza. A continuaci\u00f3n se ofrece informaci\u00f3n actualizada sobre la causa judicial contra nuestros camaradas Alex y Sonja.&nbsp;<\/p>\n\n\n\n<p><em>Nuestros camaradas de Austria est\u00e1n siendo perseguidos por el Estado porque son los defensores m\u00e1s coherentes y decididos del pueblo palestino, en contraste con cualquier otro grupo de izquierda organizado del pa\u00eds. En todo el mundo, los comunistas est\u00e1n luchando no s\u00f3lo para oponerse a la matanza de Gaza, sino para defender el derecho democr\u00e1tico b\u00e1sico a protestar contra los cr\u00edmenes de Israel. Nos negamos a que nos intimiden. Si t\u00fa tambi\u00e9n est\u00e1s enfurecido por el ba\u00f1o de sangre en Gaza y la complicidad de tu clase dominante, \u00a1\u00fanete a los comunistas! Vamos a lanzar la Internacional Comunista Revolucionaria (ICR) en junio:&nbsp;<\/em><a href=\"https:\/\/schoolofcommunism.com\/\"><em>\u00a1haz clic aqu\u00ed e inscr\u00edbete para asistir!<\/em><\/a><\/p>\n\n\n\n<h2 class=\"wp-block-heading\">Palestina libre, manos fuera de Sonja y Alex: un balance provisional<\/h2>\n\n\n\n[<a href=\"https:\/\/derfunke.at\/21187-free-palestine-haende-weg-von-sonja-und-alex-eine-zwischenbilanz\">Publicado originalmente en alem\u00e1n en derfunke.at<\/a>]\n\n\n\n<p>Los camaradas Sonja y Alex, presidenta y vicepresidente de las Juventudes Socialistas (JS) de Vorarlberg, fueron interrogados por la fiscal\u00eda de Feldkirch el lunes entre las 16:00 y las 17:30 en un caso que s\u00f3lo puede verse como un indignante ataque a toda solidaridad con Palestina y al derecho democr\u00e1tico b\u00e1sico a la libertad de expresi\u00f3n.<\/p>\n\n\n\n<p>Durante las dos \u00faltimas semanas, hemos organizado una importante campa\u00f1a de solidaridad en su defensa. En s\u00f3lo 6 d\u00edas desde el inicio de la campa\u00f1a, en Viena, Vorarlberg, Estiria, Alta Austria, Carintia y Tirol, los comunistas revolucionarios organizaron 35 mesas informativas y participaron en 9 manifestaciones y m\u00edtines. Los camaradas llamaron constantemente la atenci\u00f3n sobre la actual guerra de Israel contra Gaza y la relacionaron con los ataques del Estado contra Sonja y Alex como defensores consecuentes del pueblo palestino. Vendimos 225 ejemplares de Der Funke, el peri\u00f3dico de la Corriente Marxista Internacional (CMI) en Austria, y contactamos con 59 posibles comunistas interesados en organizarse con nosotros.<\/p>\n\n\n\n<p>Tambi\u00e9n recibimos decenas de mensajes de solidaridad de organizaciones de izquierda (con la notable excepci\u00f3n de la direcci\u00f3n de las Juventudes Socialistas) y de personas de toda Austria y del mundo entero. Recaudamos alrededor de 3.000 euros en donaciones para apoyo jur\u00eddico desde dentro de Austria en menos de una semana.&nbsp;<\/p>\n\n\n\n<p>Esta campa\u00f1a tambi\u00e9n ha demostrado la importancia y el poder de una internacional revolucionaria. Los camaradas de la secci\u00f3n canadiense de la CMI no s\u00f3lo enviaron un v\u00eddeo de solidaridad de los 600 asistentes a su Escuela de Invierno de Montreal, \u00a1sino que tambi\u00e9n recaudaron casi 1.800 euros en donativos!<\/p>\n\n\n\n<p>Der Funke y SJ Vorarlberg organizaron una concentraci\u00f3n frente a la fiscal\u00eda de Feldkirch al mismo tiempo que el interrogatorio de Alex y Sonja, con una participaci\u00f3n m\u00e1xima de 35 personas. La transcripci\u00f3n del discurso principal de la concentraci\u00f3n puede consultarse en alem\u00e1n aqu\u00ed.<\/p>\n\n\n\n<p>En v\u00edsperas del acto, los medios de comunicaci\u00f3n capitalistas de Vorarlberg volvieron a prestar atenci\u00f3n al caso. A ra\u00edz de un art\u00edculo de Vorarlberg Online, Mario Leiter -actual presidente del Partido Socialdem\u00f3crata de Austria (SP\u00d6) en Vorarlberg- se sinti\u00f3 obligado a declarar p\u00fablicamente que \u00abun comunista no tiene cabida en la socialdemocracia\u00bb y anunci\u00f3 nuevas \u00abconsecuencias\u00bb para JS Vorarlberg.&nbsp;<\/p>\n\n\n\n<p>Adem\u00e1s, el proceso de expulsi\u00f3n de Sonja y Alex del SP\u00d6 se ha pospuesto a la espera de una \u00abdecisi\u00f3n jur\u00eddicamente vinculante del tribunal penal\u00bb. Por lo tanto, no es de extra\u00f1ar que, a pesar de haber sido invitados, ni el l\u00edder ni otros altos cargos del SP\u00d6 en Vorarlberg asistieran a la manifestaci\u00f3n de solidaridad con Sonja y Alex. Prefieren guardar silencio sobre los ataques del aparato estatal y, en su lugar, persiguen las expulsiones y otras \u00abconsecuencias\u00bb.<\/p>\n\n\n\n<p>Sin embargo, la respuesta de los trabajadores y los j\u00f3venes, especialmente los inmigrantes, ha sido completamente diferente. Estas capas durante meses han sido objeto de una campa\u00f1a de difamaci\u00f3n racista por parte de los medios de comunicaci\u00f3n y los pol\u00edticos bajo el pretexto de la lucha contra el antisemitismo.&nbsp;<\/p>\n\n\n\n<p>El contraste entre su respuesta y la de los bur\u00f3cratas del movimiento obrero no podr\u00eda ser m\u00e1s claro. Por citar s\u00f3lo algunos ejemplos del propio Vorarlberg: una familia que vio por casualidad la concentraci\u00f3n frente a la fiscal\u00eda escuch\u00f3 los discursos y expres\u00f3 despu\u00e9s su solidaridad no s\u00f3lo donando espont\u00e1neamente 40 euros a la campa\u00f1a de solidaridad, sino tambi\u00e9n dando a los manifestantes t\u00e9 para refrescarse. En un puesto, un obrero metal\u00fargico tom\u00f3 un mont\u00f3n de folletos para distribuirlos entre sus compa\u00f1eros. Dos j\u00f3venes conocieron a nuestros compa\u00f1eros mientras repart\u00edan folletos, vinieron inmediatamente con ellos a una reuni\u00f3n y ahora quieren darse de alta.<\/p>\n\n\n\n<p>Esto demuestra la verdadera fuerza de la solidaridad obrera. Mientras los bur\u00f3cratas del movimiento obrero se doblegan temerosos ante la burgues\u00eda para no poner en peligro las posibilidades de coalici\u00f3n del SP\u00d6 con la burgues\u00eda, los trabajadores hacen sacrificios continuamente para luchar contra la injusticia, la opresi\u00f3n y la explotaci\u00f3n.&nbsp;<\/p>\n\n\n\n<p>Esta es la \u00fanica manera de avanzar. El ataque por motivos pol\u00edticos del Estado austriaco contra los derechos democr\u00e1ticos y la libertad de expresi\u00f3n a\u00fan no se ha evitado. Tras el interrogatorio del lunes, la fiscal\u00eda decidir\u00e1 ahora si presenta cargos contra Alex y Sonja. Hemos insistido desde el principio en que las acusaciones son totalmente infundadas, lo que los compa\u00f1eros explicaron ampliamente durante la vista.<\/p>\n\n\n\n<p>Al mismo tiempo, este caso va m\u00e1s all\u00e1 de demostrar que los compa\u00f1eros no han hecho nada malo. Hay mucha presi\u00f3n por parte de todos los partidos parlamentarios y de los medios de comunicaci\u00f3n para criminalizar el movimiento de solidaridad con Palestina. Por lo tanto, debemos mantenernos centrados hasta que todas las acusaciones contra Sonja y Alex queden completamente descartadas. Cuando esto se consiga, ser\u00e1 una victoria para la solidaridad con Palestina y para todo el movimiento obrero. Por lo tanto, \u00a1pedimos a nuestros simpatizantes que sigan envi\u00e1ndonos mensajes de solidaridad, que hagan donaciones y que se activen con los comunistas revolucionarios para luchar activamente contra la opresi\u00f3n y la explotaci\u00f3n!<\/p>\n\n\n\n<p>Desde que iniciamos esta campa\u00f1a de solidaridad el 16 de febrero, la oleada de ira sobre este ataque pol\u00edtico en contra de nuestros camaradas ha sido inmensa. Mensajes y donaciones han llegado desde Austria, as\u00ed como B\u00e9lgica, Gran Breta\u00f1a, Canad\u00e1, Suiza, Italia, Polonia, el Estado espa\u00f1ol, Alemania y Suecia.&nbsp;<\/p>\n","protected":false},"excerpt":{"rendered":"<p>Como\u00a0informamos recientemente, los camaradas de la Corriente Marxista Internacional en Austria est\u00e1n siendo atacados por el estado por oponerse a la opresi\u00f3n del pueblo palestino. Dos camaradas han sido falsamente acusados de \u00abapoyo al terrorismo\u00bb por promover la\u00a0declaraci\u00f3n de la CMI\u00a0contra la guerra en Gaza. A continuaci\u00f3n se ofrece informaci\u00f3n actualizada sobre la causa judicial contra nuestros camaradas Alex y Sonja.\u00a0<\/p>\n","protected":false},"author":5,"featured_media":12089,"comment_status":"open","ping_status":"open","sticky":false,"template":"","format":"standard","meta":{"footnotes":""},"categories":[1409,4,483],"tags":[1410,295,157],"post_format":[],"flags":[],"class_list":["post-12088","post","type-post","status-publish","format-standard","has-post-thumbnail","hentry","category-austria","category-internacionales","category-principales","tag-austria","tag-imt","tag-solidaridad"],"jetpack_featured_media_url":"https:\/\/luchadeclases.com\/wp-content\/uploads\/2024\/03\/Alex_and_Sonja_demo_Image_Der_Funke.jpeg","_links":{"self":[{"href":"https:\/\/luchadeclases.com\/index.php?rest_route=\/wp\/v2\/posts\/12088","targetHints":{"allow":["GET"]}}],"collection":[{"href":"https:\/\/luchadeclases.com\/index.php?rest_route=\/wp\/v2\/posts"}],"about":[{"href":"https:\/\/luchadeclases.com\/index.php?rest_route=\/wp\/v2\/types\/post"}],"author":[{"embeddable":true,"href":"https:\/\/luchadeclases.com\/index.php?rest_route=\/wp\/v2\/users\/5"}],"replies":[{"embeddable":true,"href":"https:\/\/luchadeclases.com\/index.php?rest_route=%2Fwp%2Fv2%2Fcomments&post=12088"}],"version-history":[{"count":1,"href":"https:\/\/luchadeclases.com\/index.php?rest_route=\/wp\/v2\/posts\/12088\/revisions"}],"predecessor-version":[{"id":12090,"href":"https:\/\/luchadeclases.com\/index.php?rest_route=\/wp\/v2\/posts\/12088\/revisions\/12090"}],"wp:featuredmedia":[{"embeddable":true,"href":"https:\/\/luchadeclases.com\/index.php?rest_route=\/wp\/v2\/media\/12089"}],"wp:attachment":[{"href":"https:\/\/luchadeclases.com\/index.php?rest_route=%2Fwp%2Fv2%2Fmedia&parent=12088"}],"wp:term":[{"taxonomy":"category","embeddable":true,"href":"https:\/\/luchadeclases.com\/index.php?rest_route=%2Fwp%2Fv2%2Fcategories&post=12088"},{"taxonomy":"post_tag","embeddable":true,"href":"https:\/\/luchadeclases.com\/index.php?rest_route=%2Fwp%2Fv2%2Ftags&post=12088"},{"taxonomy":"post_format","embeddable":true,"href":"https:\/\/luchadeclases.com\/index.php?rest_route=%2Fwp%2Fv2%2Fpost_format&post=12088"},{"taxonomy":"flags","embeddable":true,"href":"https:\/\/luchadeclases.com\/index.php?rest_route=%2Fwp%2Fv2%2Fflags&post=12088"}],"curies":[{"name":"wp","href":"https:\/\/api.w.org\/{rel}","templated":true}]}}