{"id":12196,"date":"2024-04-20T18:43:49","date_gmt":"2024-04-20T23:13:49","guid":{"rendered":"https:\/\/luchadeclases.org.ve\/?p=12196"},"modified":"2024-04-20T18:43:51","modified_gmt":"2024-04-20T23:13:51","slug":"suecia-entra-en-la-otan-una-respuesta-revolucionaria","status":"publish","type":"post","link":"https:\/\/luchadeclases.com\/?p=12196","title":{"rendered":"Suecia entra en la OTAN: una respuesta revolucionaria"},"content":{"rendered":"\n<p>\u00abBlinken estaba tan impaciente que casi le arrebata la carpeta de las manos a Kristersson\u00bb, as\u00ed informaba el peri\u00f3dico burgu\u00e9s sueco\u00a0<em>Aftonbladet\u00a0<\/em>sobre la entrega por parte del Primer Ministro de Suecia de las \u00faltimas firmas de la OTAN al Secretario de Estado de EEUU. Junto con el nuevo Acuerdo de Cooperaci\u00f3n en materia de Defensa (DCA), los halcones de la guerra de Washington han conseguido todo lo que pod\u00edan esperar&#8230; y m\u00e1s.<\/p>\n\n\n\n<p>Kristersson, el gobierno sueco y los socialdem\u00f3cratas estaban visiblemente aliviados por la entrada del pa\u00eds en la OTAN. \u00abPor fin\u00bb, grit\u00f3 el primer ministro, por<em>&nbsp;fin<\/em>&nbsp;se hab\u00eda acabado este circo del proceso de solicitud. Por lo visto, hace falta mucha energ\u00eda para hablar con lengua viperina, difundir mentiras y hacer de apologista de los defensores de las dictaduras y las armas nucleares. Siguieron m\u00e1s apretones de manos, abrazos y una lujosa cena, antes de que Kristersson ocupara su lugar como invitado de honor en el discurso anual del Presidente Joe Biden ante el Congreso. \u00ab\u00a1Bienvenido!\u00bb grit\u00f3 Biden, rompiendo en aplausos para Kristersson. \u00ab\u00a1Esta gente sabe luchar!\u00bb.<\/p>\n\n\n\n<p>En un gesto simb\u00f3lico, los B-52 estadounidenses sobrevolaron Estocolmo, codo con codo con los JAS-Gripen suecos. \u00abHace unas d\u00e9cadas esto era impensable\u00bb, tuite\u00f3 un encantado ex Primer Ministro Carl Bildt con un clip de los aviones. La misma imagen probablemente no provoc\u00f3 tanta alegr\u00eda en Irak y Afganist\u00e1n, ni en Camboya y Vietnam, donde Henry Kissinger, amigo \u00edntimo de Bildt, orden\u00f3 a los mismos aviones bombardear \u00abtodo lo que se moviera\u00bb.<\/p>\n\n\n\n<h2 class=\"wp-block-heading\">Imperialismo en crisis<\/h2>\n\n\n\n<p>Durante los per\u00edodos de auge capitalista, los imperialistas pueden administrar y gestionar m\u00e1s f\u00e1cilmente sus esferas de inter\u00e9s entre ellos, evitando as\u00ed la confrontaci\u00f3n directa y la guerra. Pero en la crisis actual, la competencia entre las burgues\u00edas de los distintos pa\u00edses es cada vez m\u00e1s intensa. El nacionalismo econ\u00f3mico y el proteccionismo est\u00e1n a la orden del d\u00eda en todas partes, as\u00ed como sus hom\u00f3logos militares: el rearme, el militarismo y la guerra.<\/p>\n\n\n\n<p>El imperialismo sueco, que tiene grandes intereses en el Mar B\u00e1ltico, tambi\u00e9n se est\u00e1 armando. Desde la ca\u00edda de la Uni\u00f3n Sovi\u00e9tica, varias grandes empresas suecas han trasladado su producci\u00f3n a los pa\u00edses b\u00e1lticos, donde los salarios son m\u00e1s bajos y se pueden obtener grandes beneficios. En la actualidad, los bancos suecos controlan m\u00e1s de la mitad del sector bancario de los pa\u00edses b\u00e1lticos. La clase dominante desea asegurar militarmente este poder econ\u00f3mico.<\/p>\n\n\n\n<h2 class=\"wp-block-heading\">El papel de Suecia<\/h2>\n\n\n\n<p>El inter\u00e9s de Estados Unidos por reducir la influencia pol\u00edtica y econ\u00f3mica de sus rivales en todo el mundo coincide perfectamente con los intereses de la burgues\u00eda sueca en la regi\u00f3n. Suecia se une a la alianza para reforzar la posici\u00f3n de la OTAN frente a Rusia. El ministro de Defensa, P\u00e5l Jonsson, ha prometido trabajar para garantizar que la OTAN \u00absiga siendo consciente de la amenaza que supone Rusia\u00bb. En el lenguaje pol\u00edtico habitual, esto significa animar a la OTAN a enviar m\u00e1s armas y recursos a las zonas fronterizas de Rusia y a actuar de forma m\u00e1s agresiva.<\/p>\n\n\n\n<p>Con Suecia, la alianza controla ahora pr\u00e1cticamente toda la regi\u00f3n del mar B\u00e1ltico, lo que le ha valido el sobrenombre de \u00ablago de la OTAN\u00bb. Mientras que Finlandia y el B\u00e1ltico son la primera l\u00ednea de la OTAN, Suecia desempe\u00f1ar\u00e1 un papel clave como base de la OTAN para equipos y refuerzos.<\/p>\n\n\n\n<p>\u00abLa zona geogr\u00e1fica de Suecia ser\u00e1 en parte una base de operaciones, que se podr\u00e1 utilizar para reforzar la defensa de los pa\u00edses b\u00e1lticos y tambi\u00e9n de Finlandia\u00bb, declar\u00f3 Jonsson en una entrevista con&nbsp;<em>Svenska Dagbladet<\/em>.<\/p>\n\n\n\n<p>Los medios militares pueden transportarse a Finlandia a trav\u00e9s de Norrbotten y el golfo de Botnia, en el norte de Suecia, y al B\u00e1ltico a trav\u00e9s de Gotland. De este modo, la OTAN puede depender menos del corto corredor de Suwa\u0142ki \u2013la frontera entre Lituania y Polonia\u2013, que est\u00e1 rodeado por Bielorrusia y el enclave ruso de Kaliningrado. No en vano se ha comparado a Gotland con un \u00abenorme portaaviones\u00bb en medio del mar B\u00e1ltico.<\/p>\n\n\n\n<p>Pero Suecia no s\u00f3lo tendr\u00e1 un papel indirecto, sino tambi\u00e9n directo en la defensa del B\u00e1ltico. Suecia no busca simplemente apoyar a otros pa\u00edses en una posible guerra contra Rusia. Al contrario, busca convertirse en parte activa de la l\u00ednea del frente de la OTAN.<\/p>\n\n\n\n<p>\u00abLa capacidad de prestar apoyo militar m\u00e1s all\u00e1 de nuestras fronteras [es] crucial para nuestro futuro papel en la OTAN\u00bb, afirma el general de divisi\u00f3n Jonny Lindfors.<\/p>\n\n\n\n<p>La industria de defensa sueca, relativamente bien desarrollada \u2013creada en la posguerra para resistir ataques menores\u2013 es una incorporaci\u00f3n bienvenida a la alianza. Los aviones JAS-Gripen suecos ya vigilan el espacio a\u00e9reo del B\u00e1ltico y practican aterrizajes en autopistas finlandesas. El a\u00f1o que viene tambi\u00e9n se enviar\u00e1 a Letonia un batall\u00f3n de unas 600 personas. El hecho de que cada vez m\u00e1s j\u00f3venes se vean obligados a realizar el servicio militar obligatorio es una parte importante del rearme contra Rusia.<\/p>\n\n\n\n<p>Del mismo modo, la ret\u00f3rica sobre una \u00abcreciente disposici\u00f3n a defender la naci\u00f3n\u00bb tiene como objetivo reforzar la opini\u00f3n p\u00fablica para futuras aventuras militares. No deber\u00eda sorprendernos que el gobierno sueco haya utilizado c\u00ednicamente la cuesti\u00f3n de la autodefensa nacional para atacar a los inmigrantes, de quienes afirma sin fundamento que carecen de la \u00abvoluntad de defender la naci\u00f3n\u00bb.<\/p>\n\n\n\n<h2 class=\"wp-block-heading\">El DCA<\/h2>\n\n\n\n<p>El ingreso en la OTAN exige que Suecia haga grandes concesiones a la maquinaria b\u00e9lica estadounidense. En diciembre, Jonsson firm\u00f3 un Acuerdo de Cooperaci\u00f3n para la Defensa (DCA) bilateral, en el que el gobierno postr\u00f3 al pa\u00eds ante el ej\u00e9rcito estadounidense de todas las maneras posibles.<\/p>\n\n\n\n<p>El acuerdo concede a EEUU \u00abacceso sin restricciones\u00bb a las 17 alas a\u00e9reas y a las principales bases del ej\u00e9rcito sueco. En algunas de estas bases se establecer\u00e1n zonas a las que \u00abs\u00f3lo tendr\u00e1n acceso y podr\u00e1n utilizar las fuerzas estadounidenses\u00bb y en las que se aplicar\u00e1 la legislaci\u00f3n estadounidense. Las bases tambi\u00e9n podr\u00e1n ampliarse libremente para el almacenamiento de armas. No hay excepciones, ni siquiera para las armas nucleares, que simplemente requieren \u00abconsulta\u00bb.<\/p>\n\n\n\n<p>La Fuerza A\u00e9rea y la Marina estadounidenses pueden utilizar libremente el espacio a\u00e9reo y las aguas territoriales suecas, y el ej\u00e9rcito puede utilizar infraestructuras privadas \u00abprevia solicitud\u00bb. Las autoridades suecas no tienen poder de decisi\u00f3n sobre cu\u00e1ndo y d\u00f3nde el ej\u00e9rcito estadounidense vuela aviones o navega barcos. Los militares estadounidenses no necesitan pasaporte y pueden conducir coches con matr\u00edcula sueca, lo que los hace indistinguibles de los civiles. Gozan de inmunidad y est\u00e1n exentos de impuestos, incluido el IVA sobre las compras ordinarias. Son libres de construir zonas libres de impuestos para compras, ocio, venta de alcohol (sobre la que el Estado sueco ejerce normalmente un estricto control) y mucho m\u00e1s. Y, por supuesto, est\u00e1n exentas de la legislaci\u00f3n sindical sueca.<\/p>\n\n\n\n<p>La ambig\u00fcedad que ha caracterizado todo el proceso de solicitud de la OTAN tambi\u00e9n se refleja en el DCA. Suecia se abstiene de \u00abejercer la jurisdicci\u00f3n penal\u00bb si un soldado estadounidense comete un delito, pero al mismo tiempo dice que \u00absi un miembro o pariente de las fuerzas estadounidenses es procesado por las autoridades suecas, la jurisdicci\u00f3n ser\u00e1 ejercida por los tribunales suecos\u00bb. Esta redacci\u00f3n es sin duda bien recibida por los pol\u00edticos que quieren ocultar el hecho de que el personal militar estadounidense en Suecia goza de total impunidad. El resto del acuerdo hace pr\u00e1cticamente imposible cualquier otra forma de enjuiciamiento. Entre otras cosas, el personal militar estadounidense no puede ser \u00abprocesado en rebeld\u00eda\u00bb ni expulsado de las instalaciones militares suecas. Si los procedimientos judiciales duran m\u00e1s de un a\u00f1o, ser\u00e1n cancelados.<\/p>\n\n\n\n<p>El mismo Kristersson que habla a cada dos frases de \u00abSuecia\u00bb, \u00ablos valores suecos\u00bb, \u00abnuestro modo de vida\u00bb y dem\u00e1s tonter\u00edas nacionalistas, en la pr\u00e1ctica entrega el pa\u00eds entero a la superpotencia m\u00e1s poderosa del mundo. \u00abParecer\u00eda que Suecia haya estado en guerra con EEUU y haya perdido\u00bb, observaba acertadamente Jan Guillou en&nbsp;<em>Aftonbladet<\/em>.<\/p>\n\n\n\n<h2 class=\"wp-block-heading\">Una avalancha de dinero para la industria armament\u00edstica<\/h2>\n\n\n\n<p>Detr\u00e1s de las l\u00edneas militares reforzadas, los bancos y las empresas suecas esperan ampliar su dominio, especialmente en el B\u00e1ltico. Como resultado, los capitalistas del sector armament\u00edstico como Marcus Wallenberg ven sin duda signos de d\u00f3lar. La cotizaci\u00f3n de SAAB (la empresa aeroespacial y armament\u00edstica de Wallenberg) se ha disparado en bolsa, hasta el punto de que el exministro de Defensa Peter Hultqvist est\u00e1 en conversaciones para aumentar la propiedad estatal de la empresa.<\/p>\n\n\n\n<p>Se avecinan grandes contratos, y el gobierno est\u00e1 m\u00e1s que dispuesto a pagar. Entre 2020 y 2024, el Gobierno duplic\u00f3 el presupuesto de defensa, de 60.000 a 119.000 millones de coronas, y se espera m\u00e1s. La ambici\u00f3n es ir m\u00e1s all\u00e1 del requisito de pertenencia a la OTAN de gastar el dos por ciento del PIB en defensa. Seg\u00fan Jonsson, el objetivo es \u00abhasta el 2,5% del PIB\u00bb, lo que en la pr\u00e1ctica supone 30.000 millones de coronas m\u00e1s. El Comandante Supremo de las Fuerzas Armadas suecas, Michael Byd\u00e9n, tambi\u00e9n ha confirmado que la OTAN plantear\u00e1 exigencias \u00abconsiderablemente mayores\u00bb a Suecia, y que el gasto actual no es suficiente.<\/p>\n\n\n\n<p>El gobierno se r\u00ede en la cara de todos los trabajadores de la sanidad, los servicios sociales, las escuelas, etc., a los que sigue mintiendo dici\u00e9ndoles que no hay dinero. Seg\u00fan la Asociaci\u00f3n Sueca de Entidades Locales y Regiones (SKR), habr\u00edan hecho falta 20.000 millones para revertir la serie de recortes que tuvieron lugar en 2022. En lugar de aumentar el gasto en estos \u00e1mbitos, en los \u00faltimos cuatro a\u00f1os solo se han producido m\u00e1s recortes, despidos y diversas \u00abmejoras de eficiencia\u00bb. Las prioridades del gobierno est\u00e1n claras: en la Suecia capitalista, quitamos dinero a los que atienden a las v\u00edctimas de disparos y se lo damos a los due\u00f1os de las f\u00e1bricas de munici\u00f3n.<\/p>\n\n\n\n<h2 class=\"wp-block-heading\">La bancarrota de los reformistas<\/h2>\n\n\n\n<p>Deber\u00eda ser m\u00e1s f\u00e1cil que nunca para la izquierda agitar contra la OTAN, pero la mayor\u00eda ha expuesto totalmente su bancarrota. \u00abEl objetivo de los socialistas\u00bb, dice el redactor jefe del peri\u00f3dico &#8216;socialista&#8217;&nbsp;<em>Flamman<\/em>, Leonidas Aretakis, deber\u00eda ser \u00abdesarrollar su propia l\u00ednea de pol\u00edtica exterior dentro de la OTAN\u00bb. A\u00f1ade que estos socialistas deber\u00edan \u00ableer meticulosamente los art\u00edculos del tratado para ver c\u00f3mo se pueden utilizar para evitar aventuras militares idiotas\u00bb. Ahora se oyen divagaciones similares de la portavoz de Defensa del Partido de Izquierda, Hanna Gunnarsson, que ha ido hasta el final y ha dicho que, en realidad, \u00a1la OTAN puede ser beneficiosa!<\/p>\n\n\n\n<p>\u00abEl Partido de Izquierda no dir\u00eda que no a que la OTAN nos proporcione un mejor ferrocarril en el norte o el oeste de Suecia. Debemos ver que tal vez pueda salir algo bueno de la adhesi\u00f3n\u00bb.<\/p>\n\n\n\n<p>M\u00e1s exactamente, la posici\u00f3n del Partido de Izquierda puede explicarse como: \u00ab\u00bfNo cansa tanto hablar de guerra y armas nucleares? Quiz\u00e1 los EE.UU. terminen de construir el ferrocarril de Norrbotten para transportar tropas y material b\u00e9lico\u00bb. Esta es la conclusi\u00f3n l\u00f3gica de la adaptaci\u00f3n gradual del Partido de Izquierda a la pol\u00edtica de defensa burguesa. Votaron a favor de aumentar el gasto en defensa hasta los requisitos m\u00ednimos de la OTAN, votaron a favor del env\u00edo de armas a Ucrania, cancelaron su participaci\u00f3n en las protestas contra la OTAN y ahora guardan silencio sobre el DCA. La negativa del Partido de Izquierda a enfrentarse a los belicistas en cualquier momento crucial desde su ingreso en la OTAN s\u00f3lo ha servido en \u00faltima instancia para dividir y confundir a la oposici\u00f3n a la OTAN. Sin embargo, sin duda ha ganado puntos con los belicistas liberales y socialdem\u00f3cratas, con los que esperan compartir carteras ministeriales tras las pr\u00f3ximas elecciones.<\/p>\n\n\n\n<p>La idea de que la izquierda podr\u00eda cambiar la OTAN desde dentro es casi m\u00e1s absurda que la idea de que Suecia estar\u00eda de alguna manera \u00abm\u00e1s segura\u00bb o \u00abm\u00e1s protegida\u00bb convirti\u00e9ndose en un ap\u00e9ndice del imperialismo estadounidense. El papel estrat\u00e9gico de Suecia en la alianza est\u00e1 clar\u00edsimo, la idea de que pueda combinarse con una pol\u00edtica exterior independiente (y mucho menos socialista) es absurda. La OTAN es una herramienta del imperialismo yanqui, y Suecia est\u00e1 en la OTAN porque los intereses de la burgues\u00eda sueca coinciden con los de EE.UU. respecto a Rusia.<\/p>\n\n\n\n<h2 class=\"wp-block-heading\">Por una lucha revolucionaria contra el imperialismo<\/h2>\n\n\n\n<p>Nosotros no nos oponemos a la pertenencia a la OTAN proponiendo el retorno a una \u00abneutralidad\u00bb imaginaria que apoye al imperialismo estadounidense tras una m\u00e1scara de \u00abpaz\u00bb y \u00abno alineamiento\u00bb. Bajo el capitalismo, la pol\u00edtica exterior est\u00e1 determinada por los intereses de los capitalistas.<\/p>\n\n\n\n<p>Nuestra respuesta es la lucha de clases. La clase obrera sueca tiene la fuerza para cerrar la industria armament\u00edstica, derrocar al gobierno belicista de Kristersson, tomar el control de las grandes empresas y los bancos, y mucho m\u00e1s.<\/p>\n\n\n\n<p>Pero la lucha contra la OTAN no puede ser emprendida en \u00faltima instancia s\u00f3lo por la clase obrera sueca. El imperialismo es internacional, y la lucha contra el imperialismo tambi\u00e9n lo es. En oposici\u00f3n al nacionalismo y patriotismo de la clase dominante y sus secuaces, los comunistas llamamos al&nbsp;<em>internacionalismo revolucionario<\/em>.<\/p>\n\n\n\n<p>Por eso, de la mano de camaradas de todo el mundo en la Internacional Comunista Revolucionaria, estamos construyendo la direcci\u00f3n que la clase obrera necesita para unir y coordinar esa lucha a escala mundial. No s\u00f3lo luchamos por la retirada de la OTAN, luchamos por la destrucci\u00f3n de la OTAN. No hay imperialismo amigo: hay que aplastar al imperialismo. A los estragos globales del imperialismo, nuestra respuesta es una lucha revolucionaria internacionalista.<\/p>\n\n\n\n<p>Esta es la \u00fanica guerra para la que nos estamos armando: guerra de clases a escala mundial.<\/p>\n\n\n\n<p>\u00a1Abajo la OTAN!<br>\u00a1Abajo el imperialismo!<br>\u00a1Construyamos la Internacional Comunista Revolucionaria!<\/p>\n","protected":false},"excerpt":{"rendered":"<p>\u00abBlinken estaba tan impaciente que casi le arrebata la carpeta de las manos a Kristersson\u00bb, as\u00ed informaba el peri\u00f3dico burgu\u00e9s sueco\u00a0Aftonbladet\u00a0sobre la entrega por parte del Primer Ministro de Suecia de las \u00faltimas firmas de la OTAN al Secretario de Estado de EEUU. Junto con el nuevo Acuerdo de Cooperaci\u00f3n en materia de Defensa (DCA), los halcones de la guerra de Washington han conseguido todo lo que pod\u00edan esperar&#8230; y m\u00e1s.<\/p>\n","protected":false},"author":5,"featured_media":12197,"comment_status":"open","ping_status":"open","sticky":false,"template":"","format":"standard","meta":{"footnotes":""},"categories":[4,483,919],"tags":[782,921],"post_format":[],"flags":[],"class_list":["post-12196","post","type-post","status-publish","format-standard","has-post-thumbnail","hentry","category-internacionales","category-principales","category-suecia","tag-otan","tag-suecia"],"jetpack_featured_media_url":"https:\/\/luchadeclases.com\/wp-content\/uploads\/2024\/04\/Sweden_Nato_Image_NATO_Flickr.png","_links":{"self":[{"href":"https:\/\/luchadeclases.com\/index.php?rest_route=\/wp\/v2\/posts\/12196","targetHints":{"allow":["GET"]}}],"collection":[{"href":"https:\/\/luchadeclases.com\/index.php?rest_route=\/wp\/v2\/posts"}],"about":[{"href":"https:\/\/luchadeclases.com\/index.php?rest_route=\/wp\/v2\/types\/post"}],"author":[{"embeddable":true,"href":"https:\/\/luchadeclases.com\/index.php?rest_route=\/wp\/v2\/users\/5"}],"replies":[{"embeddable":true,"href":"https:\/\/luchadeclases.com\/index.php?rest_route=%2Fwp%2Fv2%2Fcomments&post=12196"}],"version-history":[{"count":1,"href":"https:\/\/luchadeclases.com\/index.php?rest_route=\/wp\/v2\/posts\/12196\/revisions"}],"predecessor-version":[{"id":12198,"href":"https:\/\/luchadeclases.com\/index.php?rest_route=\/wp\/v2\/posts\/12196\/revisions\/12198"}],"wp:featuredmedia":[{"embeddable":true,"href":"https:\/\/luchadeclases.com\/index.php?rest_route=\/wp\/v2\/media\/12197"}],"wp:attachment":[{"href":"https:\/\/luchadeclases.com\/index.php?rest_route=%2Fwp%2Fv2%2Fmedia&parent=12196"}],"wp:term":[{"taxonomy":"category","embeddable":true,"href":"https:\/\/luchadeclases.com\/index.php?rest_route=%2Fwp%2Fv2%2Fcategories&post=12196"},{"taxonomy":"post_tag","embeddable":true,"href":"https:\/\/luchadeclases.com\/index.php?rest_route=%2Fwp%2Fv2%2Ftags&post=12196"},{"taxonomy":"post_format","embeddable":true,"href":"https:\/\/luchadeclases.com\/index.php?rest_route=%2Fwp%2Fv2%2Fpost_format&post=12196"},{"taxonomy":"flags","embeddable":true,"href":"https:\/\/luchadeclases.com\/index.php?rest_route=%2Fwp%2Fv2%2Fflags&post=12196"}],"curies":[{"name":"wp","href":"https:\/\/api.w.org\/{rel}","templated":true}]}}