{"id":12221,"date":"2024-05-03T11:27:21","date_gmt":"2024-05-03T15:57:21","guid":{"rendered":"https:\/\/luchadeclases.org.ve\/?p=12221"},"modified":"2024-05-03T19:47:13","modified_gmt":"2024-05-04T00:17:13","slug":"gobierno-lanza-sus-grupos-de-choque-contra-los-trabajadores-y-la-izquierda-no-nos-amedrentaran","status":"publish","type":"post","link":"https:\/\/luchadeclases.com\/?p=12221","title":{"rendered":"Primero de mayo: Gobierno lanza sus grupos de choque contra los trabajadores y la izquierda \u00a1No nos amedrentar\u00e1n!"},"content":{"rendered":"\n<p>Sectores de la clase trabajadora venezolana y sus organizaciones volvieron a salir a las calles este primero de mayo, D\u00eda Internacional de las y los Trabajadores. Una vez m\u00e1s han decidido reafirmar su voluntad de lucha, tras una d\u00e9cada soportando todo el peso de la crisis del capitalismo sobre sus hombros y una situaci\u00f3n de miseria sin precedentes en nuestra historia reciente.<\/p>\n\n\n\n<p>Bonificaci\u00f3n extrema del salario y sueldos de hambre, precarizaci\u00f3n y flexibilizaci\u00f3n laboral, desconocimiento y anulaci\u00f3n de contratos colectivos, adem\u00e1s de la criminalizaci\u00f3n de la actividad sindical y la judicializaci\u00f3n de las y los trabajadores que luchan, son partes integrantes del nuevo r\u00e9gimen laboral pactado por el gobierno y los empresarios. No obstante, existen sectores, como el magisterio, los petroleros y los sider\u00fargicos que siguen resistiendo esta pol\u00edtica de desposesi\u00f3n. <\/p>\n\n\n\n<p>El D\u00eda Internacional de los Trabajadores de 2024, se desarroll\u00f3 en Caracas una manifestaci\u00f3n que fue amedrentada y agredida por esbirros del gobierno. Sin embargo, tales agresiones se toparon con una respuesta firme.<\/p>\n\n\n\n<p><strong>Concentraci\u00f3n en Plaza Venezuela<\/strong><\/p>\n\n\n\n<p>Los sectores que han mostrado posiciones m\u00e1s combativas frente a la pol\u00edtica de ajuste del gobierno se concentraron en Plaza Venezuela, desde donde estaba previsto marchar hasta la plaza Morelos, como en 2023. La actividad fue convocada por un sector del Comit\u00e9 Nacional de Conflictos de Trabajadores en Lucha, a la que se sumaron diversos factores de izquierda, bajo la premisa t\u00e1ctica de&nbsp;<em>unidad de acci\u00f3n<\/em>.<\/p>\n\n\n\n<p>Por un lado, se concentraron diversos sindicatos del sector p\u00fablico, cuya direcci\u00f3n y bases han tendido hist\u00f3ricamente hacia posiciones de derecha. Posiciones pol\u00edticas lamentablemente atrasadas y reaccionarias, que solo han podido\u00a0exacerbarse ante el recrudecimiento de las brutales medidas antiobreras y la represi\u00f3n por parte de un gobierno bonapartista, que se dice obrerista y revolucionario, y una vez a la cuaresma habla de socialismo. A este respecto destaca la presencia de centrales sindicales como CTV y\u00a0ASI.<\/p>\n\n\n\n<p>En este caso, debemos saludar la disposici\u00f3n de lucha que han tenido las bases de estos sindicatos por defender los derechos y conquistas de la clase trabajadora frente al paquetazo gubernamental. Esta actitud dista mucho de la cobard\u00eda y la contenci\u00f3n ejercida por sus direcciones, que participan en el di\u00e1logo social tripartito \u2013un foro donde se han legitimado las nefastas relaciones laborales actuales\u2013, mientras limitan en todo momento los alcances y el horizonte de las distintas iniciativas obreras. El descontento de las bases frente a sus dirigentes es un hecho latente.<\/p>\n\n\n\n<p>Por otro lado, particip\u00f3 un bloque clasista, conformado por sindicatos y organizaciones de izquierda que se agrupan en el Encuentro Nacional por la Defensa de los Derechos del Pueblo: el Partido Comunista de Venezuela, Patria Para Todos &#8211; APR, Marea Socialista, C-Cura\/Partido Socialismo y Libertad, Liga de Trabajadores por el Socialismo y nuestra organizaci\u00f3n, Lucha de Clases. A este bloque se unieron factores del\u00a0Frenpodes, organizaciones de mujeres (Movimiento de Mujeres Clara Zetkin, Pan y Rosas, Mujeres en Lucha, entre otras) y del colectivo LGBT. Alrededor de una enorme bandera unitaria, agitamos por un salario y pensiones indexadas al costo de la canasta b\u00e1sica y la libertad de las y los trabajadores presos por luchar. Tambi\u00e9n expresamos nuestra solidaridad con el pueblo trabajador de Palestina y planteamos la necesidad de un gobierno de la clase obrera.<\/p>\n\n\n\n<p>Conviene aclarar que previamente, las diferentes alas de este movimiento acordamos movilizarnos sin permitir la participaci\u00f3n con s\u00edmbolos y consignas de partidos pol\u00edticos. Creemos que este acuerdo fue vital en pos de poder materializar la unidad de acci\u00f3n en la protesta. Esta pol\u00edtica tuvo por objeto impedir lo que ha venido ocurriendo entre sectores sindicales afines a la derecha: la dilataci\u00f3n de las reivindicaciones de la clase obrera\u00a0entre el mar de patra\u00f1as y cantos de sirena de las distintas organizaciones pol\u00edticas reaccionarias, que actualmente est\u00e1n en campa\u00f1a electoral.\u00a0<\/p>\n\n\n\n<p>En efecto, para esta ocasi\u00f3n, el bloque de sindicatos orientados hacia el campo derechista estuvo divido en dos grupos. Por un lado, ya mencionamos al que particip\u00f3 en la concentraci\u00f3n de Pza. Venezuela, y por otro uno que mont\u00f3 tienda aparte y se concentr\u00f3 en Chaca\u00edto, conformado principalmente por Coalici\u00f3n Sindical. Esta \u00faltima organizaci\u00f3n est\u00e1 abiertamente comprometida con la campa\u00f1a presidencial de la derecha, al punto que sus dirigentes act\u00faan de forma clara no como sindicalistas, sino como operadores pol\u00edticos que se arrastran ante la burgues\u00eda golpista y proimperialista.<\/p>\n\n\n\n<p>La concentraci\u00f3n en Plaza Venezuela dio inicio a partir de las 9:00 AM. Los asistentes desplegaron sus banderas y pancartas, y agitaron seg\u00fan sus consignas, en la expectativa de realizar luego la marcha hacia la plaza Morelos. Sin embargo, desde tempranas horas la Polic\u00eda Nacional Bolivariana (PNB) hab\u00eda bloqueado el paso hacia la Avenida M\u00e9xico, que es parte de la ruta hacia el destino trazado.<\/p>\n\n\n\n<p>En el bloque de izquierda organizamos un peque\u00f1o mitin que cont\u00f3 con varias intervenciones pol\u00edticas sobre la base de una perspectiva clasista y anticapitalista. Entre otras y otros compa\u00f1eros, William Prieto, militante de Lucha de Clases y dirigente de\u00a0Subtrafogade\u00a0\u2013despedido arbitrariamente hace cuatro a\u00f1os\u2013 plante\u00f3 la importancia de la organizaci\u00f3n de la clase obrera en la perspectiva de un gobierno obrero para avanzar hacia una salida revolucionaria ante la crisis y el agresivo ajuste capitalista del gobierno. Por su parte, \u00c1ngel Arias de la LTS, inici\u00f3 conmemorando la lucha de los m\u00e1rtires de Chicago de 1886. Despu\u00e9s analiz\u00f3 la situaci\u00f3n actual de la clase trabajadora en Venezuela y, finalmente, expres\u00f3 la solidaridad de la izquierda revolucionaria con la resistencia del pueblo palestino. Suhey de Pan y Rosas, as\u00ed como un compa\u00f1ero del Observatorio LGBTIQ<strong>+<\/strong> denunciaron la discriminaci\u00f3n de g\u00e9nero y orientaci\u00f3n sexual que sufren trabajadoras y trabajadores de estos sectores oprimidos. La agitaci\u00f3n sobre estas cuestiones se hace cada vez m\u00e1s necesaria, en un contexto en el cual el gobierno ha forjado una alianza reaccionaria con sectores de las iglesias evang\u00e9licas, que se ha saldado con financiamiento directo a estas instituciones, as\u00ed como con programas gubernamentales de asistencia y colaboraci\u00f3n institucional a las movilizaciones y a la difusi\u00f3n de mensajes de odio antiderechos.<\/p>\n\n\n\n<p><strong>La cobard\u00eda de las burocracias sindicales<\/strong><\/p>\n\n\n\n<p>A un cuarto para las\u00a0doce, la mayor\u00eda de trabajadores decidi\u00f3 marchar hacia plaza Morelos, como se hab\u00eda acordado previamente. En este momento, varias burocracias sindicales, principalmente de la CTV, evidenciaron sus costuras al titubear sobre este respecto por no haber recibido la autorizaci\u00f3n formal de los cuerpos de seguridad. Estamos hablando de aut\u00e9nticos irresponsables que convocan a los trabajadores a una movilizaci\u00f3n, para luego tratar de no realizarla.<\/p>\n\n\n\n<p>La cobard\u00eda de estos sectores ha sido un factor determinante que ha desmovilizado a amplias capas de trabajadores en varias coyunturas. Fueron los mismos que en 2022 estuvieron conteniendo el ascenso de las luchas obreras y del movimiento contra la Onapre, mientras sembraron falsas esperanzas en el di\u00e1logo social tripartito, auspiciado por la OIT. Hablamos de aquellas&nbsp;represas&nbsp;que dilataron la voluntad de lucha del magisterio, durante la huelga docente de 2023 que culmin\u00f3 en derrota.<\/p>\n\n\n\n<p>Se trata de los t\u00edpicos\u00a0<em>lugartenientes obreros del capital<\/em>, como dijo Lenin hace un siglo, afanados en el mantra de la\u00a0<em>respetabilidad de las instituciones<\/em>\u00a0y la\u00a0<em>responsabilidad<\/em>, que en \u00faltima instancia beneficia a los patrones. Nuevamente, han quedado retratados como elementos que la clase obrera debe sobrepasar, derrotar y desechar.<\/p>\n\n\n\n<p><strong>El ataque de motorizados contra la movilizaci\u00f3n<\/strong><\/p>\n\n\n\n<p>Omitiendo la actitud cobarde de las burocracias sindicales, trabajadores y compa\u00f1eros que participamos en el Encuentro, de&nbsp;Frenpodes&nbsp;y de otras organizaciones, tratamos de armar nuestro bloque sobre la calle colocando al frente la pancarta unitaria de la izquierda, detr\u00e1s de un primer grupo de sindicatos que se estaban situando en la primera l\u00ednea.<\/p>\n\n\n\n<p>Apenas minutos despu\u00e9s,\u2013cuando todav\u00eda la totalidad del bloque de izquierda no hab\u00eda abandonado la plaza\u2013, decenas de motorizados progobierno avanz\u00f3 por la retaguardia hacia nuestra movilizaci\u00f3n. Pero, \u00bfc\u00f3mo es que accedi\u00f3 el grupo de motorizados hacia la Plaza Venezuela, si la PNB hab\u00eda bloqueado el acceso vehicular? La respuesta se infiere de forma sencilla.<\/p>\n\n\n\n<p>Posicionados en nuestra retaguardia, estaba claro que quer\u00edan abrirse paso a trav\u00e9s de la movilizaci\u00f3n para provocar conflicto. Buscaron abrirse camino a la fuerza para, en el intento, romper nuestra movilizaci\u00f3n y generar violencia y miedo entre las y los manifestantes.<\/p>\n\n\n\n<p>En respuesta, varios compa\u00f1eros del bloque de izquierda decidieron hacer frente a los motorizados junto a trabajadores de varios sindicatos. La actitud amenazante de los esbirros llev\u00f3 a que muchos trabajadores terminaran de bajar a la calzada. Los marchistas comenzamos a cantar consignas y se formaron peque\u00f1as cadenas humanas aqu\u00ed y all\u00e1 para bloquear el paso de las motos y proteger a los manifestantes que estaban m\u00e1s adelante \u2013la mayor\u00eda eran personas de la tercera edad\u2013. Entonces comenz\u00f3 la agresi\u00f3n. Los\u00a0copilotos\u00a0se bajaron de algunas motos para confrontar al piquete que la izquierda mont\u00f3 r\u00e1pidamente.<\/p>\n\n\n\n<p>Los compa\u00f1eros en contacto directo con los motorizados resistieron y fueron golpeados. Miembros de estos grupos de choque intentaron arrancar pancartas y golpear a los manifestantes con los palos de los carteles. Hubo compa\u00f1eros lanzados contra el suelo, otros golpeados en el rostro y en la cabeza, tanto con pu\u00f1os como con objetos contundentes.<\/p>\n\n\n\n<figure class=\"wp-block-embed is-type-rich is-provider-twitter wp-block-embed-twitter\"><div class=\"wp-block-embed__wrapper\">\n<blockquote class=\"twitter-tweet\" data-width=\"550\" data-dnt=\"true\"><p lang=\"es\" dir=\"ltr\"><a href=\"https:\/\/twitter.com\/hashtag\/1May?src=hash&amp;ref_src=twsrc%5Etfw\">#1May<\/a> VIDEO | Un grupo de sujetos en moto irrumpi\u00f3 en la concentraci\u00f3n unitaria del movimiento obrero y sindical que se desarrolla en Plaza Venezuela este primero de mayo. <a href=\"https:\/\/t.co\/NFM3RZj9jY\">pic.twitter.com\/NFM3RZj9jY<\/a><\/p>&mdash; Tribuna Popular Web (@_TribunaPopular) <a href=\"https:\/\/twitter.com\/_TribunaPopular\/status\/1785736891897184755?ref_src=twsrc%5Etfw\">May 1, 2024<\/a><\/blockquote><script async src=\"https:\/\/platform.twitter.com\/widgets.js\" charset=\"utf-8\"><\/script>\n<\/div><figcaption class=\"wp-element-caption\">Cuenta oficial en X del \u00f3rgano de prensa del PCV<\/figcaption><\/figure>\n\n\n\n<p>Expresamos nuestra solidaridad con el activista Omar V\u00e1squez, al que le causaron una herida en la cabeza; su compa\u00f1era tambi\u00e9n fue golpeada con objetos contundentes. Igualmente con \u00c1ngel \u00c1rias de la LTS y su hermano, tambi\u00e9n agredidos. De la misma forma lo hacemos con Zapata del PPT-APR, quien fue impactado en la cabeza con un tubo; otros compa\u00f1eros agredidos fueron Miguel Denis, activista de izquierda, Osvaldo Pacheco y Luis del PSL \u2013este \u00faltimo fue golpeado en el rostro por m\u00e1s de cinco sujetos y, al igual que a Oswaldo Pacheco, le destruyeron las gafas\u2013. Varias compa\u00f1eras, tanto del PSL como del PCV y las Comadres P\u00farpuras: Claudia Rodr\u00edguez, Jackelin L\u00f3pez y Francesca P\u00e9rez respectivamente, salieron al frente y dieron pelea, recibiendo tambi\u00e9n golpes por parte de los motorizados y sus copilotos.<\/p>\n\n\n\n<p>Otros compa\u00f1eros que estaban a un lado, algunos militantes de Lucha de Clases y del PPT-APR, forcejearon con algunos de estos esbirros quienes intentaron arrancarles la pancarta principal del bloque clasista. Como no la soltaron, uno de los motorizados hizo un gesto con su mano, amagando como si fuera a\u00a0sacar\u00a0del pantal\u00f3n un arma de fuego. Los compa\u00f1eros jalaron hacia atr\u00e1s la pancarta con fuerza y el agresor resolvi\u00f3 avanzar inmediatamente, pasando las ruedas de su moto sobre los pies de los camaradas.<\/p>\n\n\n\n<p>Cuando la golpiza alcanz\u00f3 su cenit, el conocido comisario C., responsable de controlar las movilizaciones que se dan en la ciudad capital, hac\u00eda gestos con las manos para, in\u00fatilmente, intentar calmar la situaci\u00f3n. Otro de los comisarios jefe hizo lo mismo. Ambas fueron muestras teatrales que intentan disimular del papel c\u00f3mplice desempe\u00f1ado por la PNB en la situaci\u00f3n. Cerca de la plaza hab\u00eda tres camionetas del Sebin, pero los funcionarios que iban en ellas no tomaron ninguna acci\u00f3n cuando se acerc\u00f3 el contingente motorizado hacia la movilizaci\u00f3n.<\/p>\n\n\n\n<p>Debemos resaltar el gran riesgo que represent\u00f3 todo este incidente, porque pudo desencadenar hechos tr\u00e1gicos y a\u00fan m\u00e1s lamentables que los acontecidos. Por ello, repudiamos de forma en\u00e9rgica las \u00f3rdenes y complicidades irresponsables que dieron pie a estos hechos de violencia. Todo el cargo de las agresiones recae sobre aquellos que ordenaron el env\u00edo de estos grupos de choque y la anuencia de los cuerpos represivos estatales.<\/p>\n\n\n\n<p>Pese a las agresiones, y a que al final los motorizados lograron atravesar la manifestaci\u00f3n, las y los trabajadores y sectores de izquierda no abandonaron la calle y siguieron protestando. Cada golpe, empuj\u00f3n y amenaza fue contestado con car\u00e1cter y firmeza. No es menos cierto tambi\u00e9n que la izquierda revolucionaria fue el sector m\u00e1s consecuente al momento de luchar y hacer frente a las agresiones. Esta actitud dice mucho sobre el tipo de direcci\u00f3n que necesita la clase trabajadora para conducir sus luchas a la victoria.<\/p>\n\n\n\n<p>Al final, la marcha no pudo tomar rumbo hacia la plaza Morelos ante el bloqueo de la ruta impuesto por los contingentes antimotines de la polic\u00eda, que aqu\u00ed s\u00ed se mostr\u00f3 impenetrable.<\/p>\n\n\n\n<p><strong>Breve balance y perspectivas&nbsp;&nbsp;<\/strong><\/p>\n\n\n\n<p>El gobierno nacional hab\u00eda convocado a una manifestaci\u00f3n en el centro de Caracas, cuya ruta no coincid\u00eda en ning\u00fan momento con la trayectoria de la marcha que aspiraba a llegar a plaza Morelos. Esto desmonta cualquier argumento que apunte a justificar el bloqueo vehicular y peatonal que la polic\u00eda nos impuso en Plaza Venezuela.<\/p>\n\n\n\n<p>Realmente se trat\u00f3 de una violaci\u00f3n al derecho que tenemos las y los trabajadores en general a la protesta. Tal hecho se torna m\u00e1s escandaloso precisamente un D\u00eda Internacional de los Trabajadores. De esta manera, la direcci\u00f3n del PSUV refrenda su total distanciamiento en los hechos con las tradiciones y las banderas hist\u00f3ricas de la izquierda.<\/p>\n\n\n\n<p>Est\u00e1 claro que la convocatoria gubernamental para este primero de mayo, lejos de ser una jornada de conmemoraci\u00f3n, se trat\u00f3 principalmente un acto de campa\u00f1a con miras a las presidenciales\u00a0el 28\u00a0de julio. Para los prop\u00f3sitos de la c\u00fapula del PSUV, impedir cualquier protesta que opacara su movilizaci\u00f3n pas\u00f3 a ser una necesidad. Lo \u00faltimo supone una motivaci\u00f3n de peso que explica al env\u00edo de esbirros a violentar nuestra marcha.<\/p>\n\n\n\n<p>En comparaci\u00f3n con la violaci\u00f3n flagrante y escandalosa de derechos democr\u00e1ticos y sociales de la clase trabajadora, que el gobierno acomete cotidianamente, prohibir una movilizaci\u00f3n leg\u00edtimamente reivindicativa&nbsp; \u2013por dem\u00e1s no muy grande-, no es nada para el gobierno.<\/p>\n\n\n\n<p>En efecto, prohibir el paso a las movilizaciones de la clase trabajadora y la izquierda se ha convertido en una pol\u00edtica rutinaria en el \u00faltimo lustro. Con un discurso manipulador, el gobierno justifica su accionar represivo contra la clase obrera recordando la violencia salvaje de las guarimbas promovidas por la oposici\u00f3n de derecha en 2017.\u00a0 Desde entonces, ante manifestaciones pac\u00edficas de contenido reivindicativo leg\u00edtimo, se ordena el establecimiento de piquetes de la PNB u otros cuerpos para bloquearlas, adem\u00e1s del env\u00edo de grupos parapoliciales para romperlas.<\/p>\n\n\n\n<p>Sin embargo, con la acci\u00f3n de hoy fueron m\u00e1s all\u00e1. El bloque de motorizados lleg\u00f3 justo en el momento en el que los manifestantes decidimos marchar. <\/p>\n\n\n\n<p>M\u00e1s all\u00e1 de toda la represi\u00f3n pol\u00edtica y civil de la que ha sido objeto la izquierda \u2013como la usurpaci\u00f3n de todas sus tarjetas electorales y la prohibici\u00f3n de participaci\u00f3n electoral a cualquiera de sus candidatos-, hasta ahora no se hab\u00eda ejercido represi\u00f3n violenta contra la izquierda al nivel que observamos el pasado primero de mayo. S\u00ed contra sectores del movimiento obrero que pertenecen al campo amplio de la izquierda, pero no contra la izquierda pol\u00edtica propiamente hablando, salvo casos puntuales: el ataque de los CUPAZ contra una manifestaci\u00f3n de la APR en la Plaza La Candelaria en 2020, y una acci\u00f3n de amedrentamiento por parte de estos grupos en 2022, en medio de una protesta contra el Instructivo ONAPRE. Sin embargo, en los casos que acabamos de mencionar no hubo golpes y amenazas al grado visto el primero de mayo. En t\u00e9rminos de agresi\u00f3n y violencia, los hechos acaecidos representan cierto salto de cualidad.<\/p>\n\n\n\n<p>En su inter\u00e9s de preservar el poder como un fin en s\u00ed mismo, la c\u00fapula del partido de gobierno ha fortalecido el poder represivo del Estado, adem\u00e1s de los grupos de choque paraestatales para intimidar e infundir miedo. En el transcurso de una d\u00e9cada, el gobierno Maduro ha pasado de ser un r\u00e9gimen reformista \u2013sumamente cobarde y conciliador en sus inicios\u2013 a convertirse en uno bonapartista, abiertamente contrarrevolucionario y represivo. Un gobierno que emplea a estos sectores lumpenizados de la sociedad como un ej\u00e9rcito de disciplinamiento social, ya no s\u00f3lo contra la derecha, sino tambi\u00e9n contra las y los trabajadores y sectores populares.<\/p>\n\n\n\n<p>Se trata del mismo m\u00e9todo bastardo empleado por los gobiernos adecos y la burocracia sindical oficialista en la cuarta rep\u00fablica, con los famosos\u00a0\u00ab<em>cabilleros<\/em>\u00ab. Un m\u00e9todo que en cierto modo tambi\u00e9n fue empleado por la derecha en las calles contra el chavismo y la clase trabajadora a trav\u00e9s de bandas armadas, y que mostr\u00f3 rasgos fascistas \u2013lo cual, no obstante, vale aclarar, no es suficiente para caracterizar a un movimiento de fascista-. Esto pudo verse en 2002 durante el golpe de abril y en 2003 durante el paro petrolero, as\u00ed como en las guarimbas de 2004, 2014 y 2017.<\/p>\n\n\n\n<p>Las pr\u00f3ximas elecciones presidenciales tendr\u00e1n lugar el pr\u00f3ximo 28 de julio, y Nicol\u00e1s Maduro participar\u00e1 con el nivel de popularidad m\u00e1s bajo desde que asumi\u00f3 el gobierno en 2013. En este contexto, los grupos de poder gubernamental est\u00e1n haciendo todo lo que pueden para seguir sosteni\u00e9ndose en el poder, mientras negocian con el imperialismo estadounidense.<\/p>\n\n\n\n<p>Tratan de lavarse las caras enjuiciando a Tareck El Aissami y sus colaboradores por corrupci\u00f3n, para dar la imagen al pa\u00eds de que ahora s\u00ed, de verdad, se ha decidido limpiar al Estado de este flagelo \u2013un flagelo con el que es imposible acabar en el marco del capitalismo-. Asimismo, ordenan detenciones selectivas, no para frenar delitos en curso sino para golpear facciones pol\u00edticas de cualquier tendencia que se les oponga. En estos casos, el debido proceso es violado de forma sistem\u00e1tica y la tortura se aplica de forma indiscriminada.<\/p>\n\n\n\n<p>Todo este accionar\u00a0devela\u00a0desesperaci\u00f3n por parte de la capa dirigente del PSUV. No es descartable pues, que como parte de todas esas medidas, ahora decidan dar un salto de calidad en su pol\u00edtica de agresi\u00f3n continuada contra el \u00fanico bloque de fuerzas pol\u00edticas que se oponen, desde una posici\u00f3n clasista, a su pol\u00edtica de desastroso ajuste capitalista, ya sea por la v\u00eda la judicializaci\u00f3n individual, o mediante la violencia f\u00edsica directa contra nuestras compa\u00f1eras y compa\u00f1eros.<\/p>\n\n\n\n<p>Aunque toda esta pol\u00edtica de terror y represi\u00f3n en su conjunto tenga un impacto favorable en sus prop\u00f3sitos en el corto y mediano plazo, el viento de la historia barrer\u00e1 tarde o temprano toda la podredumbre pol\u00edtica que encarnan estos infames traidores del pueblo humilde. Pero en lugar de esperar hasta que otro bloque de la clase dominante sea el que tome para s\u00ed el poder, y as\u00ed valerse de las mismas armas econ\u00f3micas y represivas creadas por Maduro con el fin de seguir sometiendo y estrangulando al pueblo trabajador, es necesario que la clase obrera se organice para constituir una sociedad que priorice la satisfacci\u00f3n de las necesidades sociales y el desarrollo de todo el potencial humano, limitado y explotado actualmente por el capitalismo.<\/p>\n\n\n\n<p><strong>C\u00f3mo cambiar la situaci\u00f3n<\/strong><\/p>\n\n\n\n<p>Es necesario que la clase obrera recupere sus sindicatos para orientarlos hacia una tradici\u00f3n clasista y revolucionaria. Para ello es necesario librar una batalla sin cuartel por ganarle las direcciones de estos instrumentos de lucha a aquellas burocracias que permanentemente contienen y frenan a los trabajadores. Asimismo, es vital avanzar en el agrupamiento local, regional y nacional de los distintos sectores de la clase obrera que se encuentran en lucha, con miras a levantar una poderosa subjetividad que posicione los intereses del pueblo trabajador en la sociedad, frente a los viejos y nuevos ricos.<\/p>\n\n\n\n<p>La acumulaci\u00f3n de fuerzas de nuestra clase&nbsp;solo&nbsp;ser\u00e1 fruct\u00edfera si se desarrolla con aut\u00e9ntica independencia de clases. Debemos avanzar hacia un agrupamiento donde toda actitud o acci\u00f3n que est\u00e9 encaminada a beneficiar directa o indirectamente a los patrones, sea repelida, repudiada y contestada con movilizaci\u00f3n y lucha. Para ser efectivo lo que proponemos, es necesaria la discusi\u00f3n y definici\u00f3n de un pliego de reivindicaciones del pueblo trabajador, vinculadas a las tareas de transformaci\u00f3n revolucionaria de la sociedad.<\/p>\n\n\n\n<p>Aunque la lucha reivindicativa puede, potencialmente, poner en pie las fuerzas de la clase obrera en un primer momento, por su propia naturaleza es limitada. La lucha econ\u00f3mica es un paso necesario en el tr\u00e1nsito de las capas avanzadas de la clase obrera hacia una conciencia revolucionaria. En t\u00e9rminos de cristalizar la combatividad proletaria en los esfuerzos por una aut\u00e9ntica revoluci\u00f3n socialista, debemos construir un partido revolucionario que dinamice todos estos procesos. Invitamos a todo aquel que est\u00e9 de acuerdo con nosotros a que nos apoye en la edificaci\u00f3n de la organizaci\u00f3n que necesitamos los revolucionarios.<\/p>\n\n\n\n<p>Con la mira puesta en tal horizonte, las y los comunistas de la CMI seguiremos luchando en las calles, por la reconquista de los derechos y reivindicaciones que nos han arrancado. Continuaremos participando en la batalla pol\u00edtica cotidiana con la perspectiva hist\u00f3rica de construir el partido revolucionario que necesita el proletariado para, m\u00e1s temprano que tarde, establecer su propio poder y su propio gobierno, y poner fin de una vez por todas con el horror y a la miseria a los que nos somete el capitalismo.<\/p>\n","protected":false},"excerpt":{"rendered":"<p>Sectores de la clase trabajadora venezolana y sus organizaciones volvieron a salir a las calles este primero de mayo, D\u00eda Internacional de las y los Trabajadores. Una vez m\u00e1s han decidido reafirmar su voluntad de lucha, a pesar de que todo el peso de la crisis del capitalismo criollo ha sido descargado sobre sus hombros durante una d\u00e9cada entera, y se les ha obligado a soportar una situaci\u00f3n de miseria sin precedentes en nuestra historia reciente.<\/p>\n","protected":false},"author":5,"featured_media":12222,"comment_status":"open","ping_status":"open","sticky":false,"template":"","format":"standard","meta":{"footnotes":""},"categories":[48,483,2],"tags":[181,1440,259,1442],"post_format":[],"flags":[],"class_list":["post-12221","post","type-post","status-publish","format-standard","has-post-thumbnail","hentry","category-lucha-obrera-2","category-principales","category-venezuela","tag-lucha-obrera","tag-primero-de-mayo","tag-represion","tag-violencia"],"jetpack_featured_media_url":"https:\/\/luchadeclases.com\/wp-content\/uploads\/2024\/05\/protesta-trabajadores-plaza-venezuela.jpeg","_links":{"self":[{"href":"https:\/\/luchadeclases.com\/index.php?rest_route=\/wp\/v2\/posts\/12221","targetHints":{"allow":["GET"]}}],"collection":[{"href":"https:\/\/luchadeclases.com\/index.php?rest_route=\/wp\/v2\/posts"}],"about":[{"href":"https:\/\/luchadeclases.com\/index.php?rest_route=\/wp\/v2\/types\/post"}],"author":[{"embeddable":true,"href":"https:\/\/luchadeclases.com\/index.php?rest_route=\/wp\/v2\/users\/5"}],"replies":[{"embeddable":true,"href":"https:\/\/luchadeclases.com\/index.php?rest_route=%2Fwp%2Fv2%2Fcomments&post=12221"}],"version-history":[{"count":14,"href":"https:\/\/luchadeclases.com\/index.php?rest_route=\/wp\/v2\/posts\/12221\/revisions"}],"predecessor-version":[{"id":12249,"href":"https:\/\/luchadeclases.com\/index.php?rest_route=\/wp\/v2\/posts\/12221\/revisions\/12249"}],"wp:featuredmedia":[{"embeddable":true,"href":"https:\/\/luchadeclases.com\/index.php?rest_route=\/wp\/v2\/media\/12222"}],"wp:attachment":[{"href":"https:\/\/luchadeclases.com\/index.php?rest_route=%2Fwp%2Fv2%2Fmedia&parent=12221"}],"wp:term":[{"taxonomy":"category","embeddable":true,"href":"https:\/\/luchadeclases.com\/index.php?rest_route=%2Fwp%2Fv2%2Fcategories&post=12221"},{"taxonomy":"post_tag","embeddable":true,"href":"https:\/\/luchadeclases.com\/index.php?rest_route=%2Fwp%2Fv2%2Ftags&post=12221"},{"taxonomy":"post_format","embeddable":true,"href":"https:\/\/luchadeclases.com\/index.php?rest_route=%2Fwp%2Fv2%2Fpost_format&post=12221"},{"taxonomy":"flags","embeddable":true,"href":"https:\/\/luchadeclases.com\/index.php?rest_route=%2Fwp%2Fv2%2Fflags&post=12221"}],"curies":[{"name":"wp","href":"https:\/\/api.w.org\/{rel}","templated":true}]}}