{"id":12327,"date":"2024-06-10T19:57:35","date_gmt":"2024-06-11T00:27:35","guid":{"rendered":"https:\/\/luchadeclases.org.ve\/?p=12327"},"modified":"2024-06-17T04:02:37","modified_gmt":"2024-06-17T08:32:37","slug":"nace-la-internacional-comunista-revolucionaria","status":"publish","type":"post","link":"https:\/\/luchadeclases.com\/?p=12327","title":{"rendered":"Nace la Internacional Comunista Revolucionaria"},"content":{"rendered":"\n<p>Queremos compartir con todos nuestros lectores, seguidores y amigos una noticia que nos llena de j\u00fabilo: el lunes 10 de junio, ha sido aprobado por unanimidad el Manifiesto de la Internacional Comunista Revolucionaria (ICR), lo que marca la refundaci\u00f3n de la antigua Corriente Marxista Internacional.<\/p>\n\n\n\n<p>Este importante evento tuvo lugar en la Conferencia Fundacional de la ICR, celebrada en Italia, que cont\u00f3 con la participaci\u00f3n de 500 comunistas entre delegados e invitados de todo el mundo. Tambi\u00e9n pudo ser visualizada por compa\u00f1eros de m\u00e1s de 120 pa\u00edses, conectados a trav\u00e9s de la web oficial del evento y el canal de Marxist.com en YouTube.<\/p>\n\n\n\n<p>Adem\u00e1s, esta Conferencia marc\u00f3 el comienzo de la Escuela Mundial del Comunismo, que se desarrollar\u00e1 hasta el s\u00e1bado 15 de junio. En ella, se presentar\u00e1n 19 sesiones de teor\u00eda revolucionaria con traducciones para numerosos idiomas. Para el p\u00fablico hispanohablante, dicho evento puede ser visto ingresando al siguiente enlace: https:\/\/schoolofcommunism.com\/es\/watch\/. Siguiendo a Lenin, decimos que sin teor\u00eda revolucionaria no puede haber movimiento revolucionario.<\/p>\n\n\n\n<p>Nuestra internacional se ha refundado a base del crecimiento cualitativo y cuantitativo que venimos registrando en numerosos pa\u00edses. Ya hemos podido fundar Partidos Comunistas Revolucionarios en Estados Unidos, Canad\u00e1, Gran Breta\u00f1a, Suiza, Alemania, Pakist\u00e1n, entre otros pa\u00edses. En varios Estados vamos encaminados a conformar tales partidos en un futuro pr\u00f3ximo. Y nuestra aspiraci\u00f3n es poder edificar las fuerzas del marxismo en Venezuela al punto de poder alcanzar dicho objetivo. \u00a1Todos nuestros esfuerzos est\u00e1n puestos hacia esa direcci\u00f3n!<\/p>\n\n\n\n<p>A partir de hoy, Lucha de Clases pasa a convertirse en la secci\u00f3n venezolana de la Internacional Comunista Revolucionaria. En octubre del presente a\u00f1o celebraremos nuestro Congreso Nacional, con miras a refundar nuestra corriente sobre la base de la experiencia internacional, de la pol\u00edtica que orienta el Manifiesto de la ICR y ante la necesidad de levantar una bandera limpia en medio de la crisis org\u00e1nica del capitalismo venezolano y mundial.<\/p>\n\n\n\n<p>Invitamos a todos aquellos camaradas que se reivindican comunistas, revolucionarios o de izquierda, a que se sumen a nuestro esfuerzo de construcci\u00f3n militante. Necesitamos de la mayor suma de esfuerzos y combatividad para esta tit\u00e1nica tarea.<\/p>\n\n\n\n<p>Compartimos a continuaci\u00f3n el link del Manifiesto de la ICR, aprobado el d\u00eda de hoy: https:\/\/luchadeclases.org.ve\/?p=12104<\/p>\n\n\n\n<p>El capitalismo en crisis amenaza con sumir a la humanidad a la m\u00e1s tormentosa barbarie. La crisis en la econom\u00eda, la pol\u00edtica, la cultura, en las relaciones internacionales y hasta en las artes forma parte de este proceso. Solo la clase obrera organizada en torno a un factor subjetivo internacional puede cortar esta funesta perspectiva. La ICR marcha en direcci\u00f3n a edificar dicho factor subjetivo: un partido revolucionario mundial al servicio de la causa de la clase obrera.<\/p>\n\n\n\n<p>Es por esto que invitamos a todo aquel que est\u00e9 de acuerdo con derrocar el capitalismo y desatar la necesaria revoluci\u00f3n mundial a que nos apoye con la construcci\u00f3n de la ICR. Si deseas unirte, ingresa al siguiente formulario: https:\/\/docs.google.com\/forms\/d\/1fnW49189feBCPMaLyEzxuO_2SCSFNCVw3oUIqLd2q08\/edit<\/p>\n\n\n\n<p><strong>\u00bfEres comunista? Entonces organ\u00edzate<\/strong><\/p>\n\n\n\n<p><strong>\u00a1Construyamos la ICR!<\/strong><\/p>\n\n\n\n<p><strong>\u00a1Bienvenida la nueva Internacional!<\/strong><\/p>\n\n\n\n<p><strong>\u00a1Por la revoluci\u00f3n mundial!<\/strong><\/p>\n","protected":false},"excerpt":{"rendered":"<p>Queremos compartir con todos nuestros lectores, seguidores y amigos una noticia que nos llena de j\u00fabilo: el lunes 10 de junio, ha sido aprobado por unanimidad el Manifiesto de la Internacional Comunista Revolucionaria (ICR), lo que marca la refundaci\u00f3n de la antigua Corriente Marxista Internacional.<\/p>\n","protected":false},"author":5,"featured_media":12328,"comment_status":"open","ping_status":"open","sticky":false,"template":"","format":"standard","meta":{"footnotes":""},"categories":[351,1419,4,483],"tags":[1403],"post_format":[],"flags":[],"class_list":["post-12327","post","type-post","status-publish","format-standard","has-post-thumbnail","hentry","category-corriente-marxista-internacional","category-internacional-comunista-revolucionaria","category-internacionales","category-principales","tag-internacional-comunista-revolucionaria"],"jetpack_featured_media_url":"https:\/\/luchadeclases.com\/wp-content\/uploads\/2024\/06\/photo_2024-06-10_20-28-28.jpg","_links":{"self":[{"href":"https:\/\/luchadeclases.com\/index.php?rest_route=\/wp\/v2\/posts\/12327","targetHints":{"allow":["GET"]}}],"collection":[{"href":"https:\/\/luchadeclases.com\/index.php?rest_route=\/wp\/v2\/posts"}],"about":[{"href":"https:\/\/luchadeclases.com\/index.php?rest_route=\/wp\/v2\/types\/post"}],"author":[{"embeddable":true,"href":"https:\/\/luchadeclases.com\/index.php?rest_route=\/wp\/v2\/users\/5"}],"replies":[{"embeddable":true,"href":"https:\/\/luchadeclases.com\/index.php?rest_route=%2Fwp%2Fv2%2Fcomments&post=12327"}],"version-history":[{"count":1,"href":"https:\/\/luchadeclases.com\/index.php?rest_route=\/wp\/v2\/posts\/12327\/revisions"}],"predecessor-version":[{"id":12329,"href":"https:\/\/luchadeclases.com\/index.php?rest_route=\/wp\/v2\/posts\/12327\/revisions\/12329"}],"wp:featuredmedia":[{"embeddable":true,"href":"https:\/\/luchadeclases.com\/index.php?rest_route=\/wp\/v2\/media\/12328"}],"wp:attachment":[{"href":"https:\/\/luchadeclases.com\/index.php?rest_route=%2Fwp%2Fv2%2Fmedia&parent=12327"}],"wp:term":[{"taxonomy":"category","embeddable":true,"href":"https:\/\/luchadeclases.com\/index.php?rest_route=%2Fwp%2Fv2%2Fcategories&post=12327"},{"taxonomy":"post_tag","embeddable":true,"href":"https:\/\/luchadeclases.com\/index.php?rest_route=%2Fwp%2Fv2%2Ftags&post=12327"},{"taxonomy":"post_format","embeddable":true,"href":"https:\/\/luchadeclases.com\/index.php?rest_route=%2Fwp%2Fv2%2Fpost_format&post=12327"},{"taxonomy":"flags","embeddable":true,"href":"https:\/\/luchadeclases.com\/index.php?rest_route=%2Fwp%2Fv2%2Fflags&post=12327"}],"curies":[{"name":"wp","href":"https:\/\/api.w.org\/{rel}","templated":true}]}}