{"id":12345,"date":"2024-06-23T19:07:52","date_gmt":"2024-06-23T23:37:52","guid":{"rendered":"https:\/\/luchadeclases.org.ve\/?p=12345"},"modified":"2024-06-23T19:07:55","modified_gmt":"2024-06-23T23:37:55","slug":"conferencia-fundacional-de-la-icr-todas-las-sesiones-disponibles","status":"publish","type":"post","link":"https:\/\/luchadeclases.com\/?p=12345","title":{"rendered":"Conferencia fundacional de la ICR: \u00a1Todas las sesiones disponibles!\u00a0"},"content":{"rendered":"\n<p>La semana pasada 500 comunistas de todas partes del mundo, se reunieron en Italia, junto a miles m\u00e1s en l\u00ednea, para fundar una nueva Internacional Comunista Revolucionaria.&nbsp;<\/p>\n\n\n\n<p>La conferencia fue acompa\u00f1ada por una semana de discusiones que cubren todos los fundamentos del marxismo, filosof\u00eda, historia, la construcci\u00f3n de un partido revolucionario y muchos m\u00e1s. Una semana para afilar nuestra arma m\u00e1s poderosa: la teor\u00eda marxista.&nbsp;<\/p>\n\n\n\n<p>Como explic\u00f3 Lenin: \u201cSin teor\u00eda revolucionaria no hay movimiento revolucionario\u201d<\/p>\n\n\n\n<p>Las 19 sesiones han sido grabadas y est\u00e1n disponibles para que puedas escucharlas en cualquier momento.&nbsp;<\/p>\n\n\n\n<p>Si quieres unirte a la lucha por el socialismo en nuestras vidas \u00a1<a href=\"https:\/\/www.marxist.com\/join-us.htm\">\u00fanete a la Internacional Comunista Revolucionaria hoy<\/a>!<\/p>\n\n\n\n<h2 class=\"wp-block-heading\">D\u00eda 1: Charla Inaugural, Lanzamiento de una nueva Internacional<\/h2>\n\n\n\n<p>Parte 1:<\/p>\n\n\n\n<figure class=\"wp-block-embed is-type-video is-provider-youtube wp-block-embed-youtube wp-embed-aspect-16-9 wp-has-aspect-ratio\"><div class=\"wp-block-embed__wrapper\">\n<iframe title=\"Lanzamiento de la nueva Internacional\" width=\"850\" height=\"478\" src=\"https:\/\/www.youtube.com\/embed\/NQo3wvMv-WU?feature=oembed\" frameborder=\"0\" allow=\"accelerometer; autoplay; clipboard-write; encrypted-media; gyroscope; picture-in-picture; web-share\" referrerpolicy=\"strict-origin-when-cross-origin\" allowfullscreen><\/iframe>\n<\/div><\/figure>\n\n\n\n<p>Parte 2:<\/p>\n\n\n\n<figure class=\"wp-block-embed is-type-video is-provider-youtube wp-block-embed-youtube wp-embed-aspect-16-9 wp-has-aspect-ratio\"><div class=\"wp-block-embed__wrapper\">\n<iframe title=\"Lanzamiento de la nueva Internacional (cont.)\" width=\"850\" height=\"478\" src=\"https:\/\/www.youtube.com\/embed\/6B8_V1L2-DM?feature=oembed\" frameborder=\"0\" allow=\"accelerometer; autoplay; clipboard-write; encrypted-media; gyroscope; picture-in-picture; web-share\" referrerpolicy=\"strict-origin-when-cross-origin\" allowfullscreen><\/iframe>\n<\/div><\/figure>\n\n\n\n<h2 class=\"wp-block-heading\">D\u00eda 2:&nbsp;<\/h2>\n\n\n\n<h2 class=\"wp-block-heading\">La necesidad de una filosof\u00eda revolucionaria &#8211; Materialismo Dial\u00e9ctico<\/h2>\n\n\n\n<figure class=\"wp-block-embed is-type-video is-provider-youtube wp-block-embed-youtube wp-embed-aspect-16-9 wp-has-aspect-ratio\"><div class=\"wp-block-embed__wrapper\">\n<iframe title=\"La necesidad de una filosof\u00eda revolucionaria: Materialismo Dial\u00e9ctico\" width=\"850\" height=\"478\" src=\"https:\/\/www.youtube.com\/embed\/Mmpa76R-elo?feature=oembed\" frameborder=\"0\" allow=\"accelerometer; autoplay; clipboard-write; encrypted-media; gyroscope; picture-in-picture; web-share\" referrerpolicy=\"strict-origin-when-cross-origin\" allowfullscreen><\/iframe>\n<\/div><\/figure>\n\n\n\n<p><strong>La Revoluci\u00f3n Rusa &#8211; el mayor acontecimiento de la historia de la humanidad<\/strong><\/p>\n\n\n\n<figure class=\"wp-block-embed is-type-video is-provider-youtube wp-block-embed-youtube wp-embed-aspect-16-9 wp-has-aspect-ratio\"><div class=\"wp-block-embed__wrapper\">\n<iframe title=\"La revoluci\u00f3n rusa: El mayor acontecimiento de la historia de la humanidad\" width=\"850\" height=\"478\" src=\"https:\/\/www.youtube.com\/embed\/F2N7WIiPuzU?feature=oembed\" frameborder=\"0\" allow=\"accelerometer; autoplay; clipboard-write; encrypted-media; gyroscope; picture-in-picture; web-share\" referrerpolicy=\"strict-origin-when-cross-origin\" allowfullscreen><\/iframe>\n<\/div><\/figure>\n\n\n\n<p><strong>C\u00f3mo se construy\u00f3 el partido bolchevique\u00a0<\/strong><\/p>\n\n\n\n<figure class=\"wp-block-embed is-type-video is-provider-youtube wp-block-embed-youtube wp-embed-aspect-16-9 wp-has-aspect-ratio\"><div class=\"wp-block-embed__wrapper\">\n<iframe title=\"C\u00f3mo se construy\u00f3 el Partido Bolchevique\" width=\"850\" height=\"478\" src=\"https:\/\/www.youtube.com\/embed\/v8nFvgAlrK8?feature=oembed\" frameborder=\"0\" allow=\"accelerometer; autoplay; clipboard-write; encrypted-media; gyroscope; picture-in-picture; web-share\" referrerpolicy=\"strict-origin-when-cross-origin\" allowfullscreen><\/iframe>\n<\/div><\/figure>\n\n\n\n<p><strong>\u00bfQu\u00e9 es el capitalismo? Introducci\u00f3n a la econom\u00eda marxista<\/strong><\/p>\n\n\n\n<figure class=\"wp-block-embed is-type-video is-provider-youtube wp-block-embed-youtube wp-embed-aspect-16-9 wp-has-aspect-ratio\"><div class=\"wp-block-embed__wrapper\">\n<iframe title=\"\u00bfQu\u00e9 es el capitalismo? Introducci\u00f3n a la econom\u00eda marxista\" width=\"850\" height=\"478\" src=\"https:\/\/www.youtube.com\/embed\/Tg2lEUeI_fE?feature=oembed\" frameborder=\"0\" allow=\"accelerometer; autoplay; clipboard-write; encrypted-media; gyroscope; picture-in-picture; web-share\" referrerpolicy=\"strict-origin-when-cross-origin\" allowfullscreen><\/iframe>\n<\/div><\/figure>\n\n\n\n<p><strong>\u00bfFracas\u00f3 realmente el comunismo?\u00a0<\/strong><\/p>\n\n\n\n<figure class=\"wp-block-embed is-type-video is-provider-youtube wp-block-embed-youtube wp-embed-aspect-16-9 wp-has-aspect-ratio\"><div class=\"wp-block-embed__wrapper\">\n<iframe title=\"\u00bfFracas\u00f3 realmente el comunismo?\" width=\"850\" height=\"478\" src=\"https:\/\/www.youtube.com\/embed\/GpmnWNPZOxM?feature=oembed\" frameborder=\"0\" allow=\"accelerometer; autoplay; clipboard-write; encrypted-media; gyroscope; picture-in-picture; web-share\" referrerpolicy=\"strict-origin-when-cross-origin\" allowfullscreen><\/iframe>\n<\/div><\/figure>\n\n\n\n<h2 class=\"wp-block-heading\">D\u00eda 3:&nbsp;<\/h2>\n\n\n\n<h2 class=\"wp-block-heading\">Lenin y Trotski &#8211; \u00bfqu\u00e9 defendieron realmente?<\/h2>\n\n\n\n<figure class=\"wp-block-embed is-type-video is-provider-youtube wp-block-embed-youtube wp-embed-aspect-16-9 wp-has-aspect-ratio\"><div class=\"wp-block-embed__wrapper\">\n<iframe title=\"Lenin y Trotsky: qu\u00e9 defendieron realmente\" width=\"850\" height=\"478\" src=\"https:\/\/www.youtube.com\/embed\/WYuV6_3bv7c?feature=oembed\" frameborder=\"0\" allow=\"accelerometer; autoplay; clipboard-write; encrypted-media; gyroscope; picture-in-picture; web-share\" referrerpolicy=\"strict-origin-when-cross-origin\" allowfullscreen><\/iframe>\n<\/div><\/figure>\n\n\n\n<p><strong>C\u00f3mo se cre\u00f3 la Internacional Comunista\u00a0<\/strong><\/p>\n\n\n\n<figure class=\"wp-block-embed is-type-video is-provider-youtube wp-block-embed-youtube wp-embed-aspect-16-9 wp-has-aspect-ratio\"><div class=\"wp-block-embed__wrapper\">\n<iframe title=\"C\u00f3mo se cre\u00f3 la Internacional Comunista\" width=\"850\" height=\"478\" src=\"https:\/\/www.youtube.com\/embed\/5x7FiPOAY44?feature=oembed\" frameborder=\"0\" allow=\"accelerometer; autoplay; clipboard-write; encrypted-media; gyroscope; picture-in-picture; web-share\" referrerpolicy=\"strict-origin-when-cross-origin\" allowfullscreen><\/iframe>\n<\/div><\/figure>\n\n\n\n<p><strong>\u00bfQu\u00e9 es el imperialismo?<\/strong><\/p>\n\n\n\n<figure class=\"wp-block-embed is-type-video is-provider-youtube wp-block-embed-youtube wp-embed-aspect-16-9 wp-has-aspect-ratio\"><div class=\"wp-block-embed__wrapper\">\n<iframe title=\"\u00bfQu\u00e9 es el imperialismo?\" width=\"850\" height=\"478\" src=\"https:\/\/www.youtube.com\/embed\/MYsqkSVKbTA?feature=oembed\" frameborder=\"0\" allow=\"accelerometer; autoplay; clipboard-write; encrypted-media; gyroscope; picture-in-picture; web-share\" referrerpolicy=\"strict-origin-when-cross-origin\" allowfullscreen><\/iframe>\n<\/div><\/figure>\n\n\n\n<p><strong>La dial\u00e9ctica: el \u00e1lgebra de la revoluci\u00f3n\u00a0<\/strong><\/p>\n\n\n\n<figure class=\"wp-block-embed is-type-video is-provider-youtube wp-block-embed-youtube wp-embed-aspect-16-9 wp-has-aspect-ratio\"><div class=\"wp-block-embed__wrapper\">\n<iframe title=\"Dial\u00e9ctica: el \u00e1lgebra de la revoluci\u00f3n\" width=\"850\" height=\"478\" src=\"https:\/\/www.youtube.com\/embed\/92qKLExXwfw?feature=oembed\" frameborder=\"0\" allow=\"accelerometer; autoplay; clipboard-write; encrypted-media; gyroscope; picture-in-picture; web-share\" referrerpolicy=\"strict-origin-when-cross-origin\" allowfullscreen><\/iframe>\n<\/div><\/figure>\n\n\n\n<h2 class=\"wp-block-heading\">D\u00eda 4:&nbsp;<\/h2>\n\n\n\n<h2 class=\"wp-block-heading\">Lucha contra la opresi\u00f3n \u00bfUnidad de la clase obrera o pol\u00edtica de identidad?\u00a0<\/h2>\n\n\n\n<figure class=\"wp-block-embed is-type-video is-provider-youtube wp-block-embed-youtube wp-embed-aspect-16-9 wp-has-aspect-ratio\"><div class=\"wp-block-embed__wrapper\">\n<iframe title=\"La lucha contra la opresi\u00f3n: \u00bfUnidad de la clase obrera o pol\u00edtica de identidad?\" width=\"850\" height=\"478\" src=\"https:\/\/www.youtube.com\/embed\/LSEbp-najyA?feature=oembed\" frameborder=\"0\" allow=\"accelerometer; autoplay; clipboard-write; encrypted-media; gyroscope; picture-in-picture; web-share\" referrerpolicy=\"strict-origin-when-cross-origin\" allowfullscreen><\/iframe>\n<\/div><\/figure>\n\n\n\n<p><strong>Los bolcheviques en el poder<\/strong><\/p>\n\n\n\n<figure class=\"wp-block-embed is-type-video is-provider-youtube wp-block-embed-youtube wp-embed-aspect-16-9 wp-has-aspect-ratio\"><div class=\"wp-block-embed__wrapper\">\n<iframe title=\"Los Bolcheviques en el poder\" width=\"850\" height=\"478\" src=\"https:\/\/www.youtube.com\/embed\/qe26d9V-30c?feature=oembed\" frameborder=\"0\" allow=\"accelerometer; autoplay; clipboard-write; encrypted-media; gyroscope; picture-in-picture; web-share\" referrerpolicy=\"strict-origin-when-cross-origin\" allowfullscreen><\/iframe>\n<\/div><\/figure>\n\n\n\n<p><strong>\u00bfC\u00f3mo los comunistas pueden conquistar a las masas?\u00a0<\/strong><\/p>\n\n\n\n<figure class=\"wp-block-embed is-type-video is-provider-youtube wp-block-embed-youtube wp-embed-aspect-16-9 wp-has-aspect-ratio\"><div class=\"wp-block-embed__wrapper\">\n<iframe title=\"\u00bfC\u00f3mo pueden los comunistas conquistar a las masas?\" width=\"850\" height=\"478\" src=\"https:\/\/www.youtube.com\/embed\/J_ADHhmRVd8?feature=oembed\" frameborder=\"0\" allow=\"accelerometer; autoplay; clipboard-write; encrypted-media; gyroscope; picture-in-picture; web-share\" referrerpolicy=\"strict-origin-when-cross-origin\" allowfullscreen><\/iframe>\n<\/div><\/figure>\n\n\n\n<h2 class=\"wp-block-heading\">D\u00eda 5:&nbsp;<\/h2>\n\n\n\n<h2 class=\"wp-block-heading\">Por qu\u00e9 necesitamos una teor\u00eda de la historia &#8211; materialismo hist\u00f3rico\u00a0<\/h2>\n\n\n\n<figure class=\"wp-block-embed is-type-video is-provider-youtube wp-block-embed-youtube wp-embed-aspect-16-9 wp-has-aspect-ratio\"><div class=\"wp-block-embed__wrapper\">\n<iframe title=\"Por qu\u00e9 necesitamos una teor\u00eda de la historia: materialismo hist\u00f3rico\" width=\"850\" height=\"478\" src=\"https:\/\/www.youtube.com\/embed\/kIjD2sed7Sw?feature=oembed\" frameborder=\"0\" allow=\"accelerometer; autoplay; clipboard-write; encrypted-media; gyroscope; picture-in-picture; web-share\" referrerpolicy=\"strict-origin-when-cross-origin\" allowfullscreen><\/iframe>\n<\/div><\/figure>\n\n\n\n<p><strong>\u00bfQu\u00e9 hay detr\u00e1s del \u201cpopulismo de derechas\u201d y c\u00f3mo podemos combatirlo?\u00a0<\/strong><\/p>\n\n\n\n<figure class=\"wp-block-embed is-type-video is-provider-youtube wp-block-embed-youtube wp-embed-aspect-16-9 wp-has-aspect-ratio\"><div class=\"wp-block-embed__wrapper\">\n<iframe title=\"\u00bfQu\u00e9 hay detr\u00e1s del \u2018populismo de derechas\u2019 y c\u00f3mo podemos combatirlo?\" width=\"850\" height=\"478\" src=\"https:\/\/www.youtube.com\/embed\/KG-hMNu3Rtc?feature=oembed\" frameborder=\"0\" allow=\"accelerometer; autoplay; clipboard-write; encrypted-media; gyroscope; picture-in-picture; web-share\" referrerpolicy=\"strict-origin-when-cross-origin\" allowfullscreen><\/iframe>\n<\/div><\/figure>\n\n\n\n<p><strong>\u00bfRevoluci\u00f3n mundial o socialismo en un solo pa\u00eds?\u00a0<\/strong><\/p>\n\n\n\n<figure class=\"wp-block-embed is-type-video is-provider-youtube wp-block-embed-youtube wp-embed-aspect-16-9 wp-has-aspect-ratio\"><div class=\"wp-block-embed__wrapper\">\n<iframe title=\"\u00bfRevoluci\u00f3n mundial o socialismo en un solo pa\u00eds?\" width=\"850\" height=\"478\" src=\"https:\/\/www.youtube.com\/embed\/JesztKGI9TQ?feature=oembed\" frameborder=\"0\" allow=\"accelerometer; autoplay; clipboard-write; encrypted-media; gyroscope; picture-in-picture; web-share\" referrerpolicy=\"strict-origin-when-cross-origin\" allowfullscreen><\/iframe>\n<\/div><\/figure>\n\n\n\n<p><strong>Guerra y revoluci\u00f3n: un enfoque leninista<\/strong><\/p>\n\n\n\n<figure class=\"wp-block-embed is-type-video is-provider-youtube wp-block-embed-youtube wp-embed-aspect-16-9 wp-has-aspect-ratio\"><div class=\"wp-block-embed__wrapper\">\n<iframe title=\"Guerra y revoluci\u00f3n: un enfoque Leninista\" width=\"850\" height=\"478\" src=\"https:\/\/www.youtube.com\/embed\/AWxNtum1W-I?feature=oembed\" frameborder=\"0\" allow=\"accelerometer; autoplay; clipboard-write; encrypted-media; gyroscope; picture-in-picture; web-share\" referrerpolicy=\"strict-origin-when-cross-origin\" allowfullscreen><\/iframe>\n<\/div><\/figure>\n\n\n\n<p><strong>\u00bfComunismo significa burocracia?\u00a0<\/strong><\/p>\n\n\n\n<figure class=\"wp-block-embed is-type-video is-provider-youtube wp-block-embed-youtube wp-embed-aspect-16-9 wp-has-aspect-ratio\"><div class=\"wp-block-embed__wrapper\">\n<iframe title=\"\u00bfComunismo significa burocracia?\" width=\"850\" height=\"478\" src=\"https:\/\/www.youtube.com\/embed\/PsI8qD20Wsc?feature=oembed\" frameborder=\"0\" allow=\"accelerometer; autoplay; clipboard-write; encrypted-media; gyroscope; picture-in-picture; web-share\" referrerpolicy=\"strict-origin-when-cross-origin\" allowfullscreen><\/iframe>\n<\/div><\/figure>\n\n\n\n<p><strong>D\u00eda 6: <\/strong><\/p>\n\n\n\n<p><strong>Construyendo el Partido Revolucionario<\/strong><\/p>\n\n\n\n<figure class=\"wp-block-embed is-type-video is-provider-youtube wp-block-embed-youtube wp-embed-aspect-16-9 wp-has-aspect-ratio\"><div class=\"wp-block-embed__wrapper\">\n<iframe title=\"Construyendo el partido revolucionario\" width=\"850\" height=\"478\" src=\"https:\/\/www.youtube.com\/embed\/yfnofVeYYQ0?feature=oembed\" frameborder=\"0\" allow=\"accelerometer; autoplay; clipboard-write; encrypted-media; gyroscope; picture-in-picture; web-share\" referrerpolicy=\"strict-origin-when-cross-origin\" allowfullscreen><\/iframe>\n<\/div><\/figure>\n\n\n\n<p><\/p>\n","protected":false},"excerpt":{"rendered":"<p>La semana pasada 500 comunistas de todas partes del mundo, se reunieron en Italia, junto a miles m\u00e1s en l\u00ednea, para fundar una nueva Internacional Comunista Revolucionaria. La conferencia fue acompa\u00f1ada por una semana de discusiones que cubren todos los fundamentos del marxismo, filosof\u00eda, historia, la construcci\u00f3n de un partido revolucionario y muchos m\u00e1s. Una semana para afilar nuestra arma m\u00e1s poderosa: la teor\u00eda marxista.\u00a0<\/p>\n","protected":false},"author":5,"featured_media":12347,"comment_status":"open","ping_status":"open","sticky":false,"template":"","format":"standard","meta":{"footnotes":""},"categories":[1419,4,483],"tags":[1463,1432,1403],"post_format":[],"flags":[],"class_list":["post-12345","post","type-post","status-publish","format-standard","has-post-thumbnail","hentry","category-internacional-comunista-revolucionaria","category-internacionales","category-principales","tag-1463","tag-escuela-mundial-de-comunismo","tag-internacional-comunista-revolucionaria"],"jetpack_featured_media_url":"https:\/\/luchadeclases.com\/wp-content\/uploads\/2024\/06\/stage_Image_own_work.jpeg","_links":{"self":[{"href":"https:\/\/luchadeclases.com\/index.php?rest_route=\/wp\/v2\/posts\/12345","targetHints":{"allow":["GET"]}}],"collection":[{"href":"https:\/\/luchadeclases.com\/index.php?rest_route=\/wp\/v2\/posts"}],"about":[{"href":"https:\/\/luchadeclases.com\/index.php?rest_route=\/wp\/v2\/types\/post"}],"author":[{"embeddable":true,"href":"https:\/\/luchadeclases.com\/index.php?rest_route=\/wp\/v2\/users\/5"}],"replies":[{"embeddable":true,"href":"https:\/\/luchadeclases.com\/index.php?rest_route=%2Fwp%2Fv2%2Fcomments&post=12345"}],"version-history":[{"count":1,"href":"https:\/\/luchadeclases.com\/index.php?rest_route=\/wp\/v2\/posts\/12345\/revisions"}],"predecessor-version":[{"id":12348,"href":"https:\/\/luchadeclases.com\/index.php?rest_route=\/wp\/v2\/posts\/12345\/revisions\/12348"}],"wp:featuredmedia":[{"embeddable":true,"href":"https:\/\/luchadeclases.com\/index.php?rest_route=\/wp\/v2\/media\/12347"}],"wp:attachment":[{"href":"https:\/\/luchadeclases.com\/index.php?rest_route=%2Fwp%2Fv2%2Fmedia&parent=12345"}],"wp:term":[{"taxonomy":"category","embeddable":true,"href":"https:\/\/luchadeclases.com\/index.php?rest_route=%2Fwp%2Fv2%2Fcategories&post=12345"},{"taxonomy":"post_tag","embeddable":true,"href":"https:\/\/luchadeclases.com\/index.php?rest_route=%2Fwp%2Fv2%2Ftags&post=12345"},{"taxonomy":"post_format","embeddable":true,"href":"https:\/\/luchadeclases.com\/index.php?rest_route=%2Fwp%2Fv2%2Fpost_format&post=12345"},{"taxonomy":"flags","embeddable":true,"href":"https:\/\/luchadeclases.com\/index.php?rest_route=%2Fwp%2Fv2%2Fflags&post=12345"}],"curies":[{"name":"wp","href":"https:\/\/api.w.org\/{rel}","templated":true}]}}