{"id":12689,"date":"2024-11-25T11:50:04","date_gmt":"2024-11-25T16:20:04","guid":{"rendered":"https:\/\/luchadeclases.com\/?p=12689"},"modified":"2024-11-25T11:50:05","modified_gmt":"2024-11-25T16:20:05","slug":"25n-la-lucha-por-eliminar-la-violencia-contra-la-mujer","status":"publish","type":"post","link":"https:\/\/luchadeclases.com\/?p=12689","title":{"rendered":"25N: La lucha por eliminar la violencia contra la mujer"},"content":{"rendered":"\n<p>El 25 de noviembre es el d\u00eda Internacional por la eliminaci\u00f3n de la violencia contra la mujer. Este episodio de&nbsp;<em>El fantasma del comunismo&nbsp;<\/em>Carlos M\u00e1rquez y Karen Campos de la Organizaci\u00f3n Comunista Revolucionaria, ICR M\u00e9xico, discuten la lucha contra la violencia contra la mujer, especialmente en M\u00e9xico, d\u00f3nde este movimiento se ha vuelto masivo, con la participaci\u00f3n de muchas capas de la clase trabajadora.<\/p>\n\n\n\n<p>La definitiva por la emancipaci\u00f3n de la mujer es la lucha por el comunismo.<\/p>\n\n\n\n<p>\u00bfEres comunista? \u00a1\u00danete!<\/p>\n","protected":false},"excerpt":{"rendered":"<p>El 25 de noviembre es el d\u00eda Internacional por la eliminaci\u00f3n de la violencia contra la mujer. Este episodio de&nbsp;El fantasma del comunismo&nbsp;Carlos M\u00e1rquez y Karen Campos de la Organizaci\u00f3n Comunista Revolucionaria, ICR M\u00e9xico, discuten la lucha contra la violencia contra la mujer, especialmente en M\u00e9xico, d\u00f3nde este movimiento se ha vuelto masivo, con la &hellip;<\/p>\n","protected":false},"author":8,"featured_media":12690,"comment_status":"open","ping_status":"open","sticky":false,"template":"","format":"standard","meta":{"footnotes":""},"categories":[1298,558,483],"tags":[100,602,1442],"post_format":[],"flags":[],"class_list":["post-12689","post","type-post","status-publish","format-standard","has-post-thumbnail","hentry","category-america-latina","category-principal","category-principales","tag-lucha-de-clases","tag-mujer","tag-violencia"],"jetpack_featured_media_url":"https:\/\/luchadeclases.com\/wp-content\/uploads\/2024\/11\/podcast-9-1-768x768-1.png","_links":{"self":[{"href":"https:\/\/luchadeclases.com\/index.php?rest_route=\/wp\/v2\/posts\/12689","targetHints":{"allow":["GET"]}}],"collection":[{"href":"https:\/\/luchadeclases.com\/index.php?rest_route=\/wp\/v2\/posts"}],"about":[{"href":"https:\/\/luchadeclases.com\/index.php?rest_route=\/wp\/v2\/types\/post"}],"author":[{"embeddable":true,"href":"https:\/\/luchadeclases.com\/index.php?rest_route=\/wp\/v2\/users\/8"}],"replies":[{"embeddable":true,"href":"https:\/\/luchadeclases.com\/index.php?rest_route=%2Fwp%2Fv2%2Fcomments&post=12689"}],"version-history":[{"count":1,"href":"https:\/\/luchadeclases.com\/index.php?rest_route=\/wp\/v2\/posts\/12689\/revisions"}],"predecessor-version":[{"id":12691,"href":"https:\/\/luchadeclases.com\/index.php?rest_route=\/wp\/v2\/posts\/12689\/revisions\/12691"}],"wp:featuredmedia":[{"embeddable":true,"href":"https:\/\/luchadeclases.com\/index.php?rest_route=\/wp\/v2\/media\/12690"}],"wp:attachment":[{"href":"https:\/\/luchadeclases.com\/index.php?rest_route=%2Fwp%2Fv2%2Fmedia&parent=12689"}],"wp:term":[{"taxonomy":"category","embeddable":true,"href":"https:\/\/luchadeclases.com\/index.php?rest_route=%2Fwp%2Fv2%2Fcategories&post=12689"},{"taxonomy":"post_tag","embeddable":true,"href":"https:\/\/luchadeclases.com\/index.php?rest_route=%2Fwp%2Fv2%2Ftags&post=12689"},{"taxonomy":"post_format","embeddable":true,"href":"https:\/\/luchadeclases.com\/index.php?rest_route=%2Fwp%2Fv2%2Fpost_format&post=12689"},{"taxonomy":"flags","embeddable":true,"href":"https:\/\/luchadeclases.com\/index.php?rest_route=%2Fwp%2Fv2%2Fflags&post=12689"}],"curies":[{"name":"wp","href":"https:\/\/api.w.org\/{rel}","templated":true}]}}