{"id":12759,"date":"2025-01-07T12:04:15","date_gmt":"2025-01-07T16:34:15","guid":{"rendered":"https:\/\/luchadeclases.com\/?p=12759"},"modified":"2025-01-07T12:04:16","modified_gmt":"2025-01-07T16:34:16","slug":"la-campana-de-turquia-contra-los-kurdos-como-el-imperialismo-traiciono-a-rojava","status":"publish","type":"post","link":"https:\/\/luchadeclases.com\/?p=12759","title":{"rendered":"La campa\u00f1a de Turqu\u00eda contra los kurdos: C\u00f3mo el imperialismo traicion\u00f3 a Rojava"},"content":{"rendered":"\n<p>En las \u00faltimas semanas, la ofensiva de Hayat-Tahrir al-Sham (HTS) respaldada por Turqu\u00eda ha logrado derrocar al r\u00e9gimen de Assad. En los medios de comunicaci\u00f3n occidentales esto ha sido generalmente celebrado. Sin embargo, algo de lo que no se ha informado es del simult\u00e1neo avance turco en una parte de la Administraci\u00f3n Aut\u00f3noma Democr\u00e1tica de la Regi\u00f3n Norte y Este de Siria (AANES) kurda, m\u00e1s com\u00fanmente conocida como Rojava.<\/p>\n\n\n\n<p>En las \u00faltimas semanas, Turqu\u00eda ha seguido avanzando en territorio kurdo, tomando Tel Rifaat la semana pasada y Manbij, la \u00faltima ciudad controlada por los kurdos al oeste del r\u00edo \u00c9ufrates, en los \u00faltimos d\u00edas. Las fuerzas turcas, junto con yihadistas aliados, bombardearon el puente de Qereqozac, que une las dos orillas del r\u00edo, y probablemente intentaron tomarlo y cruzarlo, aunque fueron repelidas. Ya est\u00e1n llegando informes de ejecuciones masivas y violaciones. Ocho personas de una misma familia fueron asesinadas en un solo d\u00eda en Ain Issa.<\/p>\n\n\n\n<p>Erdogan aprovech\u00f3 su oportunidad para avanzar las ambiciones imperialistas turcas patrocinando la ofensiva de HTS. Su intenci\u00f3n es poner el norte de Siria bajo su control de facto y utilizar el reci\u00e9n instalado r\u00e9gimen yihadista de Damasco como su marioneta. Sobre todo, quiere aplastar la zona aut\u00f3noma kurda y expulsar de la frontera turca a las milicias de la SDF vinculadas al izquierdista PKK, que han sido una espina en su costado durante a\u00f1os. Pretende aplastar las aspiraciones nacionales kurdas, apagando el faro de un Estado kurdo aut\u00f3nomo en Rojava.<\/p>\n\n\n\n<p>El imperialismo occidental se hab\u00eda apoyado en los kurdos como los combatientes m\u00e1s capaces contra el ISIS desde 2014. Ahora est\u00e1 claro que se prepara una traici\u00f3n. Esto confirma una vez m\u00e1s: las nacionalidades peque\u00f1as y oprimidas son tratadas como peones en los tratos de los depredadores imperialistas. No pueden depositar ninguna confianza en estos g\u00e1nsteres.<\/p>\n\n\n\n<p>La \u00fanica manera de que el pueblo kurdo logre una independencia duradera y una aut\u00e9ntica libertad es luchando para derrocar a todos los reg\u00edmenes podridos de la regi\u00f3n, luchando junto a todos los pueblos oprimidos y explotados por una federaci\u00f3n socialista de Oriente Medio.<\/p>\n\n\n\n<p><strong>La vendetta de Erdogan contra los kurdos<\/strong><\/p>\n\n\n\n<p>Todas las grandes potencias han contribuido en los \u00faltimos a\u00f1os a reducir a Siria a escombros. Pero Erdogan ha sido especialmente brutal. Turqu\u00eda ha invertido mucho en grupos yihadistas, incluidos ISIS y HTS, y los ha apoyado como forma de reforzar sus propios intereses en la regi\u00f3n. Para Erdogan no importa lo b\u00e1rbaros que sean estos grupos, s\u00f3lo c\u00f3mo puede utilizarlos. Como los kurdos llevan diez a\u00f1os luchando contra los yihadistas en Siria, Erdogan los ve como una fuerza que est\u00e1 socavando sus planes.<\/p>\n\n\n\n<p>Erdogan tambi\u00e9n ve a los kurdos como una quinta columna dentro del Estado turco. Los kurdos, que est\u00e1n repartidos entre Siria, Ir\u00e1n, Irak y Turqu\u00eda, constituyen entre el 15 y el 20 por ciento de la poblaci\u00f3n de Turqu\u00eda. Por tanto, podr\u00edan ser una de las mayores amenazas para su gobierno y su sue\u00f1o de una \u00abgran Turqu\u00eda\u00bb. Las organizaciones kurdas controlan varios sindicatos en Turqu\u00eda y el HDP, el partido pol\u00edtico legal de izquierdas, que en su momento \u00e1lgido estaba atrayendo muchos votos de los trabajadores y j\u00f3venes turcos, lo que revela su potencial para ir m\u00e1s all\u00e1 de su base predominantemente kurda. El HDP sigue ganando la mayor\u00eda en las elecciones en las regiones kurdas de Turqu\u00eda. Por todos estos motivos, Erdogan tiene especial empe\u00f1o en destruir al PKK (Partido de los Trabajadores Kurdos), estrechamente asociado al PYD\/YPG (las principales fuerzas kurdas en Siria).<\/p>\n\n\n\n<p>Por ello, en los \u00faltimos a\u00f1os Erdogan se ha propuesto aplastar a los kurdos, ya sea promoviendo indirectamente al ISIS o realizando ofensivas militares directas. En 2015, Erdogan bombarde\u00f3 y atac\u00f3 las zonas kurdas de Turqu\u00eda, en una operaci\u00f3n que dijo que era para atacar al PKK, pero que en realidad se dirigi\u00f3 en gran medida contra civiles. En 2018, mientras los kurdos segu\u00edan centrando sus energ\u00edas en atacar al ISIS, Erdogan realiz\u00f3 un brutal ataque contra el territorio kurdo al oeste del \u00c9ufrates, asediando e invadiendo la ciudad de Afrin, que estaba en manos del PYD. Miles de personas murieron en esta ofensiva, denominada \u00abOperaci\u00f3n Rama de Olivo\u00bb, y m\u00e1s de 150.000 fueron desplazadas.<\/p>\n\n\n\n<p>Aunque a Erdogan le gusta posar como un antiimperialista -sobre la cuesti\u00f3n de Palestina, por ejemplo-, esto es totalmente falso. \u00c9l, como el resto de los l\u00edderes mundiales, son representantes de una clase capitalista podrida y en decadencia, que siguen arrastrando a Oriente Medio al infierno. Si este asedio turco a los kurdos no es repelido, sin duda traer\u00e1 m\u00e1s tragedias.<\/p>\n\n\n\n<p><strong>Aliados poco fiables<\/strong><\/p>\n\n\n\n<p>Turqu\u00eda es un Estado innegablemente poderoso. Pero, \u00bfqui\u00e9n est\u00e1 al lado de los kurdos?<\/p>\n\n\n\n<p>Rojava se cre\u00f3 en 2013, cuando la revoluci\u00f3n siria degener\u00f3 en una guerra civil reaccionaria en ambos bandos. El YPG est\u00e1 influido por las ideas del PKK y se considera una fuerza progresista y de izquierdas. Por ello se hab\u00eda ganado un eco masivo. Su verdadero apoyo siempre procedi\u00f3, no de tal o cual facci\u00f3n poderosa, sino de las masas pobres y oprimidas, y no s\u00f3lo en las zonas kurdas. Esta revoluci\u00f3n podr\u00eda haberse extendido a lo largo y ancho si hubiera estado ligada a un programa comunista revolucionario y a un llamamiento de clase a los pobres y a la clase obrera de Siria, Turqu\u00eda, Irak e Ir\u00e1n, a trav\u00e9s de los cuales la naci\u00f3n kurda est\u00e1 desmembrada.<\/p>\n\n\n\n<p>La direcci\u00f3n de los kurdos, sin embargo, consideraba que la lucha ten\u00eda un car\u00e1cter puramente nacional y que la cuesti\u00f3n de encontrar aliados militares era una cuesti\u00f3n puramente t\u00e1ctica, no pol\u00edtica. Los estadounidenses -que hab\u00edan prestado un enorme apoyo financiero y militar a los rebeldes yihadistas en Siria, lo que contribuy\u00f3 a engendrar el monstruo de Frankenstein del ISIS- necesitaban un punto de apoyo para hacer retroceder al ISIS y restablecer una presencia en Siria. Trataron de utilizar a las YPG para este fin.<\/p>\n\n\n\n<p>Ofrecieron a los dirigentes kurdos dinero, armas y apoyo a cambio de una alianza. Sin embargo, esto ten\u00eda un precio. A cambio, los estadounidenses pretend\u00edan utilizar a los kurdos, pero nunca planearon darles verdaderas garant\u00edas a cambio.<\/p>\n\n\n\n<p>A partir de 2014, los estadounidenses organizaron a los kurdos en las Fuerzas Democr\u00e1ticas Sirias (SDF). Se supon\u00eda que se trataba de una fuerza conjunta independiente del PYD\/YPG. Pero, en realidad, los kurdos segu\u00edan estando en primera l\u00ednea. Los estadounidenses que formaban parte de las SDF no llevaban insignias ni apellidos. Operaban en casi total secreto. Y, sin embargo, plantearon enormes exigencias a los kurdos, llamando a todos los objetivos militares y envi\u00e1ndolos contra ciudad controlada por el ISIS tras ciudad controlada por el ISIS. En total, entre 2015 y 2019, m\u00e1s de 11.000 kurdos murieron luchando contra el ISIS, frente a ocho estadounidenses.<\/p>\n\n\n\n<p>Los kurdos fueron los combatientes m\u00e1s eficaces contra el ISIS. Estaban tratando de defender toda su forma de vida contra uno de las bandas m\u00e1s b\u00e1rbaras sobre la faz de la Tierra. Pero los dirigentes de las SDF sacrificaron su independencia pol\u00edtica a cambio de apoyo militar. Esto es lo que ha allanado el camino para el desastre al que se enfrentan ahora.<\/p>\n\n\n\n<p>Los estadounidenses nunca estuvieron realmente del lado de los kurdos. Los utilizaron como instrumento para inclinar ligeramente la balanza de poder en Siria hacia Estados Unidos en contraposici\u00f3n a Rusia e Ir\u00e1n, mientras que Estados Unidos tambi\u00e9n cortejaba a Turqu\u00eda y canalizaba escandalosamente dinero hacia grupos islamistas. Mientras tanto, tomaban todas las decisiones en cuanto a las ciudades que las SDF deb\u00edan tomar, impidiendo que los kurdos trataran de extender la revoluci\u00f3n en las zonas controladas por el gobierno sirio, o en Turqu\u00eda.<\/p>\n\n\n\n<p>Escandalosamente, la respuesta de los estadounidenses al ataque turco contra Afrin en 2018 fue aconsejar a Mazlum Abdi, el general de las SDF, que Afrin no era un objetivo estrat\u00e9gico. El Pent\u00e1gono declar\u00f3 \u00abno los consideramos parte de nuestras operaci\u00f3n \u201cDerrotar al ISIS\u201d\u2026 y no los apoyamos.\u00bb<\/p>\n\n\n\n<p>Ante todo, los kurdos han pagado un gran precio pol\u00edtico por el apoyo estadounidense. Las fuerzas kurdas de izquierda podr\u00edan haber sido la punta de lanza de un movimiento revolucionario en la regi\u00f3n. Al mantenerse dentro de los l\u00edmites de un movimiento nacional y al no romper con el capitalismo -condiciones sine qua non para el apoyo estadounidense- su apoyo qued\u00f3 necesariamente limitado a la poblaci\u00f3n kurda. El imperialismo estadounidense es la fuerza m\u00e1s reaccionaria del planeta. Es justa y universalmente odiado en todo Oriente Medio. El regalo envenenado del apoyo estadounidense no hizo sino aislar a\u00fan m\u00e1s la causa de los kurdos de las masas de toda la regi\u00f3n.<\/p>\n\n\n\n<p><strong>Traicionados por el imperialismo<\/strong><\/p>\n\n\n\n<p>Afrin marc\u00f3 la pauta de lo que suceder\u00eda despu\u00e9s. Desde que el ISIS retrocedi\u00f3 en 2018, los estadounidenses han ido retirando gradualmente su apoyo a los kurdos. Durante un tiempo, esto dej\u00f3 a los kurdos en un pacto de no agresi\u00f3n de facto con el r\u00e9gimen de Assad contra Turqu\u00eda y los islamistas, pero eso nunca podr\u00eda durar. La \u00e9poca en la que los kurdos pod\u00edan mantener el equilibrio entre estas potencias y enfrentarlas entre s\u00ed ha llegado a su fin.<\/p>\n\n\n\n<p>Turqu\u00eda ha sustituido a Estados Unidos y Rusia como principal actor en el pa\u00eds, armando y suministrando a HTS. El precio que Turqu\u00eda exigir\u00e1 por su apoyo ser\u00e1 que se haga la vista gorda a sus actividades. Para el imperialismo occidental, lo \u00fanico que cuenta es conseguir todo el bot\u00edn posible y los \u00abhechos sobre el terreno\u00bb. Ahora se basar\u00e1n cada vez m\u00e1s en sus aliados turcos para hacerse con un trozo del pastel.<\/p>\n\n\n\n<p>No s\u00f3lo Estados Unidos, sino tambi\u00e9n el Reino Unido y Europa bailan ahora al son de Erdogan cuando se trata de los kurdos.<\/p>\n\n\n\n<p>Las medidas represivas contra los grupos kurdos en el Reino Unido en las \u00faltimas semanas lo demuestran. Seis activistas kurdos fueron detenidos acusados de ser miembros de una organizaci\u00f3n terrorista, lo que demuestra una hipocres\u00eda extrema, ya que los gobiernos occidentales est\u00e1n debatiendo simult\u00e1neamente la eliminaci\u00f3n de HTS de la lista de organizaciones terroristas. El mes pasado, Alemania dej\u00f3 de bloquear la venta de 40 aviones Eurofighter Typhoon a Turqu\u00eda. Se trata de una dura lecci\u00f3n sobre la actitud real de los pa\u00edses imperialistas hacia los \u00abderechos\u00bb de las naciones peque\u00f1as.<\/p>\n\n\n\n<p>Est\u00e1 claro que, ante esta reciente ofensiva turca, Abdi rog\u00f3 a EEUU que interviniera en su favor. En lugar de ello, Estados Unidos negoci\u00f3 un falso alto el fuego en el que los kurdos se vieron obligados a abandonar la ciudad de Manbij en manos de las milicias respaldadas por Turqu\u00eda. Biden dijo una vez a los kurdos que \u00ablas monta\u00f1as no son vuestros \u00fanicos amigos\u00bb. Esto puede ser cierto, pero \u00e9l definitivamente no es uno de sus amigos.<\/p>\n\n\n\n<p><strong>\u00bfY ahora qu\u00e9?<\/strong><\/p>\n\n\n\n<p>Acorralados, algunos sectores de los dirigentes kurdos est\u00e1n considerando la posibilidad de colaborar con el nuevo r\u00e9gimen. Los militares ya est\u00e1n tomando medidas en este sentido; por ejemplo, se est\u00e1 izando la nueva bandera siria en los edificios gubernamentales. Sin embargo, intentarlo esta estrategia ser\u00eda un gran error.<\/p>\n\n\n\n<p>La velocidad del colapso del r\u00e9gimen de Assad demostr\u00f3 que el viejo Estado se hab\u00eda podrido desde dentro. Es imposible decir con certeza qu\u00e9 vendr\u00e1 despu\u00e9s. Pero en la actualidad, otros grupos armados est\u00e1n llenando el vac\u00edo del Estado y el pa\u00eds est\u00e1 ocupado por una multitud de potencias imperialistas y se\u00f1ores de la guerra.<\/p>\n\n\n\n<p>Las fuerzas de HTS se extienden desde Idlib hasta Damasco, hay agentes turcos directos en el norte, milicias drusas en el sur, Israel en los Altos del Gol\u00e1n, rusos en el oeste, grupos vinculados a Estados Unidos en el sureste, y el ISIS est\u00e1 empujando una vez m\u00e1s desde el desierto. En el bando de HTS, a pesar de todos sus intentos de reinventarse como \u00abmoderados\u00bb, hay no pocos wahabistas de l\u00ednea dura que sin duda est\u00e1n resentidos por la apuesta de al-Yolani por la respetabilidad.<\/p>\n\n\n\n<p>Esto debe denunciarse como lo que es: una reacci\u00f3n total, producto del imperialismo y de un sistema capitalista putrefacto en Oriente Pr\u00f3ximo, en el que ninguna de las facciones sirve a los intereses de ning\u00fan sector de las masas oprimidas de Siria. Lo que va a surgir no es un Estado democr\u00e1tico en el que los kurdos puedan encontrar un lugar, sino una brutal divisi\u00f3n sectaria.<\/p>\n\n\n\n<p>En su punto \u00e1lgido, el \u00absue\u00f1o de Rojava\u00bb atrajo a millones de personas. Las SDF (m\u00e1s el PYD\/YPG) pose\u00edan una gran cantidad de territorio en Siria, mientras que el PKK y el HDP ten\u00edan el poder de facto en toda una serie de regiones de las partes kurdas de Turqu\u00eda, as\u00ed como un importante tir\u00f3n en Ir\u00e1n e Irak. En 2015, las masas de la Turqu\u00eda kurda incluso se levantaron, dispuestas a rechazar los ataques del Estado turco. Pero por miedo a alienar a sus aliados, especialmente a los estadounidenses, el PKK cometi\u00f3 un error y se contuvo, cuando deber\u00eda haber combinado el armamento de la poblaci\u00f3n de estas zonas con m\u00e9todos de lucha de clases y un llamamiento revolucionario a las masas kurdas y no kurdas explotadas de toda la regi\u00f3n. Desde entonces, la direcci\u00f3n ha seguido por este camino de colaboraci\u00f3n con las potencias imperialistas. Ahora los imperialistas est\u00e1n preparando una terrible traici\u00f3n.<\/p>\n\n\n\n<p>Se han perdido muchas oportunidades. Dado lo podrido que estaba el r\u00e9gimen de Assad, si los kurdos hubieran presentado una posici\u00f3n progresista y clasista a las masas en Siria, podr\u00edan haber sido ellos los que hubieran derribado el r\u00e9gimen en lugar de HTS, lo que les habr\u00eda colocado en una posici\u00f3n mucho m\u00e1s fuerte. El r\u00e9gimen de Assad era s\u00f3lo un eslab\u00f3n d\u00e9bil en la cadena del capitalismo en Oriente Medio, y muchos de los otros reg\u00edmenes est\u00e1n igual de podridos. La transformaci\u00f3n revolucionaria de Siria, dirigida por los kurdos, habr\u00eda sido un faro para las masas de toda la regi\u00f3n.<\/p>\n\n\n\n<p>Ahora los kurdos est\u00e1n en la cuerda floja. La \u00fanica salida posible es reconocer que la lucha por una patria no puede resolverse mediante una lucha militar puramente nacional. La libertad de los kurdos s\u00f3lo puede venir a trav\u00e9s de la lucha revolucionaria para derrocar a Erdogan y a los islamistas en Siria. Esto s\u00f3lo puede lograrse mediante la lucha revolucionaria unida de las masas kurdas y no kurdas.<\/p>\n\n\n\n<p>Lo que se necesita es separar a la clase obrera y a la juventud turcas de la clase dominante y del Estado. Con la inflaci\u00f3n y el desempleo juvenil por las nubes en Turqu\u00eda, el terreno est\u00e1 maduro para ello. Mientras tanto, en Siria, las masas pueden haber odiado a Assad, pero tampoco tendr\u00e1n mucho amor por el nuevo r\u00e9gimen isl\u00e1mico.<\/p>\n\n\n\n<p>Los comunistas defienden absolutamente el derecho de los kurdos a la autodeterminaci\u00f3n. La lucha de los kurdos contra los Estados opresores que han llevado a cabo tantas atrocidades contra ellos es una lucha progresista y revolucionaria en el fondo. Puede resonar y encontrar simpat\u00eda en millones de trabajadores y j\u00f3venes que luchan contra la austeridad, la dictadura y el imperialismo en todo el mundo.<\/p>\n\n\n\n<p>Incluso ahora, luchando por construir un partido revolucionario que englobe a kurdos y no kurdos por igual, y utilizando un llamamiento clasista, conectando todas las luchas de los pueblos de la regi\u00f3n con la consigna de una Federaci\u00f3n Socialista de Oriente Medio, podr\u00edan tener \u00e9xito. Esta es la manera de defender Rojava y extender la revoluci\u00f3n. Pero esto requerir\u00eda una ruptura total con el imperialismo, el colaboracionismo de clases y el capitalismo.<\/p>\n","protected":false},"excerpt":{"rendered":"<p>En las \u00faltimas semanas, la ofensiva de Hayat-Tahrir al-Sham (HTS) respaldada por Turqu\u00eda ha logrado derrocar al r\u00e9gimen de Assad. En los medios de comunicaci\u00f3n occidentales esto ha sido generalmente celebrado. Sin embargo, algo de lo que no se ha informado es del simult\u00e1neo avance turco en una parte de la Administraci\u00f3n Aut\u00f3noma Democr\u00e1tica de la Regi\u00f3n Norte y Este de Siria (AANES) kurda, m\u00e1s com\u00fanmente conocida como Rojava.<\/p>\n","protected":false},"author":5,"featured_media":12760,"comment_status":"open","ping_status":"open","sticky":false,"template":"","format":"standard","meta":{"footnotes":""},"categories":[4,483,79],"tags":[103,1519,332],"post_format":[],"flags":[],"class_list":["post-12759","post","type-post","status-publish","format-standard","has-post-thumbnail","hentry","category-internacionales","category-principales","category-turquia","tag-imperialismo","tag-kurdos","tag-turquia"],"jetpack_featured_media_url":"https:\/\/luchadeclases.com\/wp-content\/uploads\/2025\/01\/kurdish_header.jpg","_links":{"self":[{"href":"https:\/\/luchadeclases.com\/index.php?rest_route=\/wp\/v2\/posts\/12759","targetHints":{"allow":["GET"]}}],"collection":[{"href":"https:\/\/luchadeclases.com\/index.php?rest_route=\/wp\/v2\/posts"}],"about":[{"href":"https:\/\/luchadeclases.com\/index.php?rest_route=\/wp\/v2\/types\/post"}],"author":[{"embeddable":true,"href":"https:\/\/luchadeclases.com\/index.php?rest_route=\/wp\/v2\/users\/5"}],"replies":[{"embeddable":true,"href":"https:\/\/luchadeclases.com\/index.php?rest_route=%2Fwp%2Fv2%2Fcomments&post=12759"}],"version-history":[{"count":1,"href":"https:\/\/luchadeclases.com\/index.php?rest_route=\/wp\/v2\/posts\/12759\/revisions"}],"predecessor-version":[{"id":12761,"href":"https:\/\/luchadeclases.com\/index.php?rest_route=\/wp\/v2\/posts\/12759\/revisions\/12761"}],"wp:featuredmedia":[{"embeddable":true,"href":"https:\/\/luchadeclases.com\/index.php?rest_route=\/wp\/v2\/media\/12760"}],"wp:attachment":[{"href":"https:\/\/luchadeclases.com\/index.php?rest_route=%2Fwp%2Fv2%2Fmedia&parent=12759"}],"wp:term":[{"taxonomy":"category","embeddable":true,"href":"https:\/\/luchadeclases.com\/index.php?rest_route=%2Fwp%2Fv2%2Fcategories&post=12759"},{"taxonomy":"post_tag","embeddable":true,"href":"https:\/\/luchadeclases.com\/index.php?rest_route=%2Fwp%2Fv2%2Ftags&post=12759"},{"taxonomy":"post_format","embeddable":true,"href":"https:\/\/luchadeclases.com\/index.php?rest_route=%2Fwp%2Fv2%2Fpost_format&post=12759"},{"taxonomy":"flags","embeddable":true,"href":"https:\/\/luchadeclases.com\/index.php?rest_route=%2Fwp%2Fv2%2Fflags&post=12759"}],"curies":[{"name":"wp","href":"https:\/\/api.w.org\/{rel}","templated":true}]}}