{"id":12839,"date":"2025-07-23T08:02:25","date_gmt":"2025-07-23T12:32:25","guid":{"rendered":"https:\/\/luchadeclases.com\/?p=12839"},"modified":"2025-07-23T08:02:28","modified_gmt":"2025-07-23T12:32:28","slug":"francia-bayrou-declara-la-guerra-a-la-clase-obrera","status":"publish","type":"post","link":"https:\/\/luchadeclases.com\/?p=12839","title":{"rendered":"Francia: Bayrou declara la guerra a la clase obrera."},"content":{"rendered":"\n<p>El conjunto de medidas anunciadas ayer por la tarde por el primer ministro Fran\u00e7ois Bayrou constituye una ofensiva reaccionaria de gran envergadura: supresi\u00f3n de dos d\u00edas festivos, \u00aba\u00f1o blanco\u00bb (congelaci\u00f3n de las pensiones, las prestaciones sociales, etc.), supresi\u00f3n de miles de empleos en la funci\u00f3n p\u00fablica, reducci\u00f3n de la financiaci\u00f3n de las colectividades territoriales, recorte de 5000 millones de euros en sanidad p\u00fablica, etc., hasta un total estimado de 43.800 millones de euros.<\/p>\n\n\n\n<p>La l\u00f3gica de estos anuncios es muy clara: el Gobierno quiere gravar masivamente a los j\u00f3venes, los trabajadores, las clases medias y los jubilados, es decir, a la inmensa mayor\u00eda de la poblaci\u00f3n, con el fin de reducir el d\u00e9ficit p\u00fablico&nbsp;<em>al tiempo que<\/em>&nbsp;aumenta considerablemente el gasto militar&nbsp;<em>y<\/em>&nbsp;defiende la competitividad de la econom\u00eda francesa, es decir, los beneficios de la gran burgues\u00eda. En cuanto a la ola de \u00abcontribuciones solidarias\u00bb que se pedir\u00eda a los hogares \u00abm\u00e1s ricos\u00bb, se trata de palabras vac\u00edas destinadas \u00fanicamente a hacer m\u00e1s digerible la medicina de la austeridad. Por un lado, son precisamente los m\u00e1s ricos los que se beneficiar\u00e1n (directa o indirectamente) de todas las medidas de austeridad que afectan a la inmensa mayor\u00eda de la poblaci\u00f3n. Por otro lado, la burgues\u00eda dispone de un ej\u00e9rcito de asesores y abogados fiscalistas que le permiten eludir los impuestos de mil maneras legales e ilegales. Bayrou lo reconoci\u00f3 impl\u00edcitamente cuando manifest\u00f3 su \u00abvoluntad\u00bb \u2014totalmente abstracta y ficticia\u2014 de \u00abluchar contra la optimizaci\u00f3n abusiva del patrimonio no productivo\u00bb.<\/p>\n\n\n\n<p>En el fondo, lo que Bayrou y sus ministros han anunciado es un buen resumen del tipo de pol\u00edtica que la gran burgues\u00eda francesa necesita urgentemente, salvo que, en realidad, necesita una pol\u00edtica&nbsp;<em>a\u00fan m\u00e1s<\/em>&nbsp;reaccionaria. Est\u00e1 en juego la competitividad del capitalismo franc\u00e9s, que lleva varias d\u00e9cadas en declive relativo, especialmente frente a Alemania y China. En los \u00faltimos tres a\u00f1os, este declive se ha manifestado de forma espectacular en \u00c1frica, donde las tropas francesas han sido expulsadas de toda una serie de pa\u00edses, en beneficio de otras potencias, entre ellas China y Rusia.<\/p>\n\n\n\n<p>El gran entusiasmo que reinaba anoche en los plat\u00f3s de televisi\u00f3n reflejaba esta imperiosa necesidad de la burgues\u00eda francesa de atacar brutalmente a la masa de la poblaci\u00f3n, justo cuando el INSEE acaba de publicar un<a href=\"https:\/\/www.insee.fr\/fr\/statistiques\/8600989\">&nbsp;informe detallado<\/a>&nbsp;que destaca que la pobreza alcanza niveles r\u00e9cord en Francia.<\/p>\n\n\n\n<p>El problema central para la burgues\u00eda es evidente: los j\u00f3venes y los trabajadores no van a dejarse despojar sin reaccionar, en un momento dado, en forma de luchas masivas y explosivas. Es cierto que las direcciones confederales de los sindicatos est\u00e1n haciendo todo lo posible para contener la lucha de clases dentro de unos l\u00edmites compatibles con la aplicaci\u00f3n de las pol\u00edticas reaccionarias de la clase dominante.&nbsp;<em>Por el momento<\/em>, lo han conseguido. Pero en el pa\u00eds de junio del 36, de mayo del 68 y de los chalecos amarillos, las direcciones confederales de los sindicatos no podr\u00e1n confinar indefinidamente la lucha de clases en la estrategia perdedora de una sucesi\u00f3n de \u00abjornadas de acci\u00f3n\u00bb inofensivas. Tarde o temprano, toda la ira social acumulada provocar\u00e1 movilizaciones explosivas que escapar\u00e1n en gran medida al control de las direcciones confederales.<\/p>\n\n\n\n<p>El segundo problema para la burgues\u00eda es m\u00e1s inmediato: la situaci\u00f3n en la Asamblea Nacional, donde Bayrou no dispone de mayor\u00eda absoluta. Ante la magnitud de la ofensiva anunciada ayer, incluso los dirigentes del Partido Socialista (PS) y del Reagrupamiento Nacional (RN) amenazan con una moci\u00f3n de censura al Gobierno. No es que los l\u00edderes del RN y del PS sean hostiles a las pol\u00edticas de austeridad, por supuesto: como pol\u00edticos \u00abresponsables\u00bb y procapitalistas, son incluso muy favorables a ellas. Pero si aprobaran una ofensiva tan brutal como la anunciada ayer, correr\u00edan el riesgo de pagar un alto precio en t\u00e9rminos electorales. Bayrou, que lo sabe muy bien, se ha cuidado de precisar que est\u00e1 abierto al di\u00e1logo con las \u00aboposiciones parlamentarias\u00bb. De aqu\u00ed a la votaci\u00f3n del presupuesto, se entablar\u00e1n negociaciones m\u00e1s o menos discretas entre el Gobierno, por un lado, y los dirigentes del PS y del RN, por otro.<\/p>\n\n\n\n<p>No nos atreveremos a anticipar el resultado ni a evaluar las posibilidades de supervivencia del Gobierno de Bayrou este oto\u00f1o. Se trata de una ecuaci\u00f3n a\u00fan m\u00e1s compleja, ya que incluye diversos c\u00e1lculos contradictorios y cambiantes en las c\u00fapulas del RN y del PS. Pero, sobre todo, desde&nbsp;<em>nuestro<\/em>&nbsp;punto de vista de clase,&nbsp;<em>lo esencial est\u00e1 en otra parte<\/em>: independientemente de las maniobras parlamentarias de los pr\u00f3ximos meses, los dirigentes del movimiento obrero deben elaborar y popularizar un plan de batalla s\u00f3lido con el fin de movilizar a las masas trabajadoras contra&nbsp;<em>todas<\/em>&nbsp;las pol\u00edticas de austeridad, sean cuales sean, incluidas aquellas que convengan al RN o al PS.<\/p>\n\n\n\n<p>Dicho plan de batalla debe subrayar la necesidad de construir un gran movimiento de huelgas renovables, es decir, de paralizar la econom\u00eda del pa\u00eds. Es necesario lanzar una amplia campa\u00f1a de agitaci\u00f3n en este sentido. Dada su posici\u00f3n y su peso dentro del movimiento obrero, corresponde a los dirigentes de la CGT y de la Francia Insumisa comprometerse en esta v\u00eda y llamar a todas las organizaciones de trabajadores \u2014sindicales, pol\u00edticas y asociativas\u2014 a unirse a ella. Por \u00faltimo, deben hacerlo sobre la base de un programa radical, un programa de ruptura con todas las pol\u00edticas de austeridad. Hay que acabar con el \u00abgobierno de los ricos\u00bb y sustituirlo por un gobierno&nbsp;<em>de los trabajadores<\/em>, que sepa administrar la econom\u00eda en beneficio de la mayor\u00eda, y no de un pu\u00f1ado de par\u00e1sitos multimillonarios.<\/p>\n","protected":false},"excerpt":{"rendered":"<p>El conjunto de medidas anunciadas ayer por la tarde por el primer ministro Fran\u00e7ois Bayrou constituye una ofensiva reaccionaria de gran envergadura: supresi\u00f3n de dos d\u00edas festivos, \u00aba\u00f1o blanco\u00bb (congelaci\u00f3n de las pensiones, las prestaciones sociales, etc.), supresi\u00f3n de miles de empleos en la funci\u00f3n p\u00fablica, reducci\u00f3n de la financiaci\u00f3n de las colectividades territoriales, recorte de 5000 millones de euros en sanidad p\u00fablica, etc., hasta un total estimado de 43.800 millones de euros.<\/p>\n","protected":false},"author":10818,"featured_media":12840,"comment_status":"open","ping_status":"open","sticky":false,"template":"","format":"standard","meta":{"footnotes":""},"categories":[75,4,483],"tags":[431,361,181],"post_format":[],"flags":[],"class_list":["post-12839","post","type-post","status-publish","format-standard","has-post-thumbnail","hentry","category-francia","category-internacionales","category-principales","tag-crisis-capitalista","tag-francia","tag-lucha-obrera"],"jetpack_featured_media_url":"https:\/\/luchadeclases.com\/wp-content\/uploads\/2025\/07\/bayrou_Image_fair_use.jpg","_links":{"self":[{"href":"https:\/\/luchadeclases.com\/index.php?rest_route=\/wp\/v2\/posts\/12839","targetHints":{"allow":["GET"]}}],"collection":[{"href":"https:\/\/luchadeclases.com\/index.php?rest_route=\/wp\/v2\/posts"}],"about":[{"href":"https:\/\/luchadeclases.com\/index.php?rest_route=\/wp\/v2\/types\/post"}],"author":[{"embeddable":true,"href":"https:\/\/luchadeclases.com\/index.php?rest_route=\/wp\/v2\/users\/10818"}],"replies":[{"embeddable":true,"href":"https:\/\/luchadeclases.com\/index.php?rest_route=%2Fwp%2Fv2%2Fcomments&post=12839"}],"version-history":[{"count":1,"href":"https:\/\/luchadeclases.com\/index.php?rest_route=\/wp\/v2\/posts\/12839\/revisions"}],"predecessor-version":[{"id":12841,"href":"https:\/\/luchadeclases.com\/index.php?rest_route=\/wp\/v2\/posts\/12839\/revisions\/12841"}],"wp:featuredmedia":[{"embeddable":true,"href":"https:\/\/luchadeclases.com\/index.php?rest_route=\/wp\/v2\/media\/12840"}],"wp:attachment":[{"href":"https:\/\/luchadeclases.com\/index.php?rest_route=%2Fwp%2Fv2%2Fmedia&parent=12839"}],"wp:term":[{"taxonomy":"category","embeddable":true,"href":"https:\/\/luchadeclases.com\/index.php?rest_route=%2Fwp%2Fv2%2Fcategories&post=12839"},{"taxonomy":"post_tag","embeddable":true,"href":"https:\/\/luchadeclases.com\/index.php?rest_route=%2Fwp%2Fv2%2Ftags&post=12839"},{"taxonomy":"post_format","embeddable":true,"href":"https:\/\/luchadeclases.com\/index.php?rest_route=%2Fwp%2Fv2%2Fpost_format&post=12839"},{"taxonomy":"flags","embeddable":true,"href":"https:\/\/luchadeclases.com\/index.php?rest_route=%2Fwp%2Fv2%2Fflags&post=12839"}],"curies":[{"name":"wp","href":"https:\/\/api.w.org\/{rel}","templated":true}]}}