{"id":13133,"date":"2025-12-08T11:32:32","date_gmt":"2025-12-08T16:02:32","guid":{"rendered":"https:\/\/luchadeclases.com\/?p=13133"},"modified":"2025-12-08T11:32:35","modified_gmt":"2025-12-08T16:02:35","slug":"festival-de-la-revolucion-2025-tenemos-la-tarea-mas-importante-de-la-historia","status":"publish","type":"post","link":"https:\/\/luchadeclases.com\/?p=13133","title":{"rendered":"Festival de la Revoluci\u00f3n 2025: \u00ab\u00a1Tenemos la tarea m\u00e1s importante de la historia!\u00bb"},"content":{"rendered":"\n<p>El fin de semana pasado, 1200 comunistas se reunieron para el Festival de la Revoluci\u00f3n 2025, el mayor evento abiertamente comunista en Gran Breta\u00f1a en d\u00e9cadas. La energ\u00eda juvenil, el ardiente deseo de estudiar el marxismo, el optimismo revolucionario y la claridad te\u00f3rica hicieron de este un evento hist\u00f3rico.<\/p>\n\n\n\n[<a href=\"https:\/\/communist.red\/revolution-festival-2025-we-have-the-most-important-task-in-history\/\"><strong>Publicado originalmente en communist.red<\/strong><\/a>]\n\n\n\n<p>El Festival de la Revoluci\u00f3n 2025 fue fenomenal. Fue el mayor evento comunista en Gran Breta\u00f1a en d\u00e9cadas.<\/p>\n\n\n\n<p>La energ\u00eda juvenil, el ardiente deseo de estudiar el marxismo, el optimismo revolucionario y una claridad te\u00f3rica sin igual quedaron patentes en la \u00abEscuela del Comunismo\u00bb del pasado fin de semana.<\/p>\n\n\n\n<p>Las cifras hablan por s\u00ed solas: se vendieron 1188 entradas, lo que llen\u00f3 las salas en las 33 sesiones, y se recaud\u00f3 la cifra r\u00e9cord de 365 000 libras esterlinas para el fondo de lucha del Partido Comunista Revolucionario.<\/p>\n\n\n\n<p>Adem\u00e1s, en la concentraci\u00f3n del s\u00e1bado se anunci\u00f3 que el PCR ha superado los 1300 miembros en Gran Breta\u00f1a, nuestra cifra m\u00e1s alta hasta la fecha.<\/p>\n\n\n\n<p>Como coment\u00f3 Ash, miembro del PCR de Bristol, \u00abincluso llegar 10 o 15 minutos antes a una sesi\u00f3n supon\u00eda arriesgarse a no conseguir asiento, porque la sala ya estaba llena de gente que hab\u00eda llegado temprano para asegurarse un lugar\u00bb.<\/p>\n\n\n\n<p>Esther, de Reading, que asist\u00eda por primera vez, describi\u00f3 el fin de semana como \u00abuno de esos eventos que s\u00e9 que me marcar\u00e1n de por vida\u00bb.<\/p>\n\n\n\n<blockquote class=\"wp-block-quote is-layout-flow wp-block-quote-is-layout-flow\">\n<p>\u00abCreo que subestim\u00e9 lo incre\u00edble que ser\u00eda estar en una sala llena de mil compa\u00f1eros, viendo y conociendo a tanta gente que quiere luchar por la misma causa que t\u00fa\u00bb.<\/p>\n<\/blockquote>\n\n\n\n<p>Adem\u00e1s de los asistentes procedentes de toda Gran Breta\u00f1a, dimos la bienvenida a delegaciones de otras 19 secciones y grupos de la Internacional Comunista Revolucionaria: de la antigua Yugoslavia, el Estado espa\u00f1ol, Canad\u00e1, Irlanda, Dinamarca, Brasil y otros lugares.<\/p>\n\n\n\n<p>Al inaugurar el Festival el viernes por la noche, Alan Woods coment\u00f3 lo lejos que hemos llegado como Internacional:<\/p>\n\n\n\n<blockquote class=\"wp-block-quote is-layout-flow wp-block-quote-is-layout-flow\">\n<p>\u00abMe un\u00ed a esta organizaci\u00f3n en 1960&#8230; pero la mayor parte de ese tiempo estuvimos luchando contra corriente. La mayor parte del tiempo no pod\u00edamos hacer nada bien, y los capitalistas no pod\u00edan hacer nada mal.<\/p>\n\n\n\n<p>Por primera vez en la historia que yo recuerde, la marea de la historia est\u00e1 cambiando a nuestro favor\u00bb.<\/p>\n<\/blockquote>\n\n\n\n<p>Todo el fin de semana fue un testimonio de ello.<\/p>\n\n\n\n<h2 class=\"wp-block-heading\">\u00abNo encontrar\u00edas esto en ning\u00fan otro lugar\u00bb<\/h2>\n\n\n\n<p>A lo largo de 33 sesiones, el Festival Revoluci\u00f3n de este a\u00f1o abarc\u00f3 desde los fundamentos de la teor\u00eda marxista hasta el papel de figuras como Malcolm X, Mao Zedong y Fidel Castro, pasando por temas hist\u00f3ricos como la Reforma, la Guerra Civil Espa\u00f1ola y la historia de la resistencia palestina.<\/p>\n\n\n\n<p>En cada una de estas sesiones, el objetivo de los debates no era solo relatar los detalles del pasado, sino comprender los procesos que hay detr\u00e1s de ellos y las lecciones que nos aportan hoy en d\u00eda.<\/p>\n\n\n\n<p>Tasha, de Cambridge, qued\u00f3 impresionada: \u00abEl nivel de an\u00e1lisis, la profundidad de la educaci\u00f3n que se recibe&#8230; Estaba all\u00ed sentada y pensaba: \u00abEsto no lo encontrar\u00edas en ning\u00fan otro lugar\u00bb.<\/p>\n\n\n\n<p>Tasha, de Cambridge, habl\u00f3 en nombre de muchos al comentar: \u00abEl nivel de an\u00e1lisis, la profundidad de la educaci\u00f3n que se recibe&#8230; Estaba all\u00ed sentada y pensaba que esto no se encuentra en ning\u00fan otro sitio\u00bb.<\/p>\n\n\n\n<p>Muchos de los asistentes de este a\u00f1o destacaron la gran variedad de temas que se ofrecieron. Algunos en la izquierda intentan reducir el marxismo a cuestiones \u00abcotidianas\u00bb. Pero esto es ajeno al esp\u00edritu del marxismo, que considera que todos los aspectos de la sociedad merecen ser estudiados, incluidas las artes y las ciencias.<\/p>\n\n\n\n<p>Nuestras sesiones sobre el arte surrealista, la obra pionera del compositor sovi\u00e9tico Dmitri Shostakovich y la crisis de la cosmolog\u00eda contaron con una gran asistencia. Fue una refutaci\u00f3n contundente de la idea de que el marxismo es un dogma \u00e1rido y reduccionista de clase.<\/p>\n\n\n\n<p>Al presentar la sesi\u00f3n sobre el surrealismo, Will Collins, miembro del Comit\u00e9 Central, cit\u00f3 al surrealista estadounidense Franklin Rosemont:<\/p>\n\n\n\n<blockquote class=\"wp-block-quote is-layout-flow wp-block-quote-is-layout-flow\">\n<p>\u00ab\u00bfDebemos suponer que los trabajadores no sue\u00f1an, no aman, no imaginan, no se vuelven locos? \u00bfY deben estos problemas quedar fuera del \u00e1mbito de inter\u00e9s marxista?\u00bb.<\/p>\n<\/blockquote>\n\n\n\n<p>En su resumen, Will reflexion\u00f3 sobre las revoluciones burguesas, que condujeron a una explosi\u00f3n del arte, simplemente al liberar al uno por ciento de la poblaci\u00f3n:<\/p>\n\n\n\n<blockquote class=\"wp-block-quote is-layout-flow wp-block-quote-is-layout-flow\">\n<p>\u00abImaginemos lo que podremos hacer al liberar al otro 99 por ciento. Podr\u00edamos tener Einsteins, Trotskys y Andr\u00e9 Bretons en cada esquina. Eso es por lo que luchamos\u00bb.<\/p>\n<\/blockquote>\n\n\n\n<p>El talento art\u00edstico y creativo de los miembros del PCR tambi\u00e9n se puso de manifiesto en los productos que se vend\u00edan, entre los que se encontraban un \u00f3leo de Ted Grant, un amigurumi de Karl Marx hecho a mano, gorras y pasamonta\u00f1as de ganchillo del PCR, velas de Lenin y platos de cer\u00e1mica hechos a mano, por nombrar solo algunos.<\/p>\n\n\n\n<p>Adem\u00e1s, la velada social del s\u00e1bado por la noche incluy\u00f3 dos incre\u00edbles actuaciones de nuestras bandas de rock internas, Monos y La Vanguardia.<\/p>\n\n\n\n<h2 class=\"wp-block-heading\">Deseo de aprender<\/h2>\n\n\n\n<p>El Festival de la Revoluci\u00f3n dist\u00f3 mucho de ser una escuela interna del partido. M\u00e1s de 100 asistentes eran nuevos en el PCR, y varios de ellos acudieron despu\u00e9s de haber visto carteles en la calle. Entre ellos se encuentra Milly, una estudiante universitaria, que nos dijo:<\/p>\n\n\n\n<blockquote class=\"wp-block-quote is-layout-flow wp-block-quote-is-layout-flow\">\n<p>\u00abMe interesaba ser m\u00e1s activa y participar m\u00e1s, as\u00ed que eso es lo que me atrajo inicialmente aqu\u00ed. Mi experiencia con el evento ha sido muy, muy buena. Me di cuenta de que otros partidos son internacionalistas solo de nombre, pero en realidad no profundizan. Por ejemplo, acabamos de tener aqu\u00ed un debate sobre Ibrahaim Traor\u00e9, y realmente ilustr\u00f3 el aspecto vivo de la teor\u00eda marxista\u00bb.<\/p>\n<\/blockquote>\n\n\n\n<p>El ardiente deseo de aprender, de saber, de ser activo y participar tambi\u00e9n se puso de manifiesto en la charla de Fiona Lali sobre la vida de Malcolm X, quien dijo de s\u00ed mismo que \u00abla lectura despert\u00f3 un anhelo largamente dormido de estar mentalmente vivo\u00bb.<\/p>\n\n\n\n<p>El deseo de aprender era evidente en las p\u00e1ginas de las notas de los asistentes y en la carrera por comprar libros y revistas despu\u00e9s de cada sesi\u00f3n.<\/p>\n\n\n\n<p>Este mismo sentimiento era evidente en las p\u00e1ginas de las notas que tomaban los asistentes, en la carrera por comprar libros y revistas despu\u00e9s de cada sesi\u00f3n y en el bullicio de las animadas conversaciones y debates en los pasillos y patios.<\/p>\n\n\n\n<blockquote class=\"wp-block-quote is-layout-flow wp-block-quote-is-layout-flow\">\n<p>\u00abSal\u00ed del Revolution Festival con un intenso deseo de leer\u00bb, comparti\u00f3 Katie, de Lancaster. \u00abMenos de media hora despu\u00e9s de bajar del tren, ya estaba sacando un art\u00edculo que llevaba varias semanas acumulando polvo en el caj\u00f3n de mi escritorio. Y ahora tengo un plan claro para mi propia educaci\u00f3n durante los pr\u00f3ximos meses\u00bb.<\/p>\n\n\n\n<p>\u00abCre\u00eda que sab\u00eda sobre el marxismo\u00bb, nos dijo otro asistente de Leeds, \u00abpero ahora me doy cuenta de que hay todo un otro nivel al que ni siquiera me acerco. Siento que estoy en una carrera contra el tiempo. Necesito dedicar el resto de mi vida a comprender estas ideas\u00bb.<\/p>\n<\/blockquote>\n\n\n\n<p>Esta energ\u00eda y seriedad se reflej\u00f3 sin duda en las ventas de literatura, con cientos de libros, panfletos y ejemplares de El comunista vendidos durante el fin de semana, lo que supuso unos ingresos r\u00e9cord de 9000 libras para Wellred Books, la librer\u00eda marxista de Gran Breta\u00f1a.<\/p>\n\n\n\n<h2 class=\"wp-block-heading\">\u00a1Reclutar, reclutar, reclutar!<\/h2>\n\n\n\n<p>El domingo por la noche, Fiona Lali resumi\u00f3 el incre\u00edble fin de semana y se\u00f1al\u00f3 lo que realmente nos diferencia como marxistas de todo lo dem\u00e1s que hay en la izquierda. Explic\u00f3:<\/p>\n\n\n\n<blockquote class=\"wp-block-quote is-layout-flow wp-block-quote-is-layout-flow\">\n<p>\u00abA veces, lo que se encuentra en la juventud es una especie de cultura peque\u00f1oburguesa que promueve el cinismo. Es muy vergonzoso o muy poco cool esforzarse en las cosas. Tenemos que combatir eso. Much\u00edsimo.<\/p>\n\n\n\n<p>De hecho, cuando te unes al PCR&#8230; seremos muy honestos y muy directos: te pediremos que te esfuerces durante el resto de tu vida. Y tampoco nos disculparemos por ello, porque lo que estamos intentando conseguir es la tarea m\u00e1s importante de la historia\u00bb.<\/p>\n<\/blockquote>\n\n\n\n<p>As\u00ed lo recalc\u00f3 tambi\u00e9n el secretario pol\u00edtico del PCR, Rob Sewell, en el mitin del s\u00e1bado por la noche. En respuesta a Zarah Sultana, quien recientemente admiti\u00f3 que el problem\u00e1tico \u00abYour Party\u00bb podr\u00eda ser un \u00abproyecto de 40 a\u00f1os\u00bb, Rob declar\u00f3:<\/p>\n\n\n\n<blockquote class=\"wp-block-quote is-layout-flow wp-block-quote-is-layout-flow\">\n<p>\u00abLa clase obrera no tiene 40 a\u00f1os. Los trabajadores est\u00e1n aguantando a duras penas. Necesitan soluciones ahora. Nuestra tarea es ofrecer un programa revolucionario para abolir la dictadura de los bancos y los capitalistas\u00bb.<\/p>\n<\/blockquote>\n\n\n\n<p>La palpable determinaci\u00f3n, este llamamiento sin complejos a levantarse urgentemente para afrontar las tareas que plantea la historia, no era solo palabrer\u00eda vac\u00eda.<\/p>\n\n\n\n<p>Nuestra confianza y audacia no son en absoluto infundadas. Se basan en nuestra clara comprensi\u00f3n de la teor\u00eda marxista, las perspectivas y la historia de nuestro movimiento.<\/p>\n\n\n\n<p>La historia avanza en nuestra direcci\u00f3n. Los j\u00f3venes arden de ira por este sistema sin salida y muchos buscan una alternativa revolucionaria. Tenemos todo lo necesario para dar un gran salto adelante en el pr\u00f3ximo per\u00edodo.<\/p>\n\n\n\n<p>La tarea inmediata que se planteaba a todas las secciones del PCR era aprovechar esta ola de entusiasmo para construir el partido, como una tarea urgente y necesaria.<\/p>\n\n\n\n<p>Como se\u00f1al\u00f3 Fiona, si cada grupo de base reclutara solo a una persona que compartiera nuestro deseo de cambiar el mundo, esto dar\u00eda lugar a 1,400 miembros del PCR en Gran Breta\u00f1a, sentando las bases para alcanzar los 2,000 compa\u00f1eros en el pr\u00f3ximo a\u00f1o.<\/p>\n\n\n\n<p>Las \u00faltimas palabras del discurso de clausura de Fiona resumieron la tarea que tenemos entre manos:<\/p>\n\n\n\n<blockquote class=\"wp-block-quote is-layout-flow wp-block-quote-is-layout-flow\">\n<p>\u00abSi tenemos esa convicci\u00f3n, entonces podemos ir mucho, mucho m\u00e1s all\u00e1. \u00a1Estamos hablando de la construcci\u00f3n de un Partido Comunista Revolucionario en Gran Breta\u00f1a, una Internacional Comunista Revolucionaria en todo el mundo y la victoria de la revoluci\u00f3n socialista mundial!\u00bb.<\/p>\n<\/blockquote>\n\n\n\n<p><\/p>\n","protected":false},"excerpt":{"rendered":"<p>El fin de semana pasado, 1200 comunistas se reunieron para el Festival de la Revoluci\u00f3n 2025, el mayor evento abiertamente comunista en Gran Breta\u00f1a en d\u00e9cadas. La energ\u00eda juvenil, el ardiente deseo de estudiar el marxismo, el optimismo revolucionario y la claridad te\u00f3rica hicieron de este un evento hist\u00f3rico.<\/p>\n","protected":false},"author":10818,"featured_media":13134,"comment_status":"open","ping_status":"open","sticky":false,"template":"","format":"standard","meta":{"footnotes":""},"categories":[1419,4,483],"tags":[1693,872],"post_format":[],"flags":[],"class_list":["post-13133","post","type-post","status-publish","format-standard","has-post-thumbnail","hentry","category-internacional-comunista-revolucionaria","category-internacionales","category-principales","tag-festival-de-la-revolucion-2025","tag-gran-bretana"],"jetpack_featured_media_url":"https:\/\/luchadeclases.com\/wp-content\/uploads\/2025\/12\/Revolution-Festival.jpg","_links":{"self":[{"href":"https:\/\/luchadeclases.com\/index.php?rest_route=\/wp\/v2\/posts\/13133","targetHints":{"allow":["GET"]}}],"collection":[{"href":"https:\/\/luchadeclases.com\/index.php?rest_route=\/wp\/v2\/posts"}],"about":[{"href":"https:\/\/luchadeclases.com\/index.php?rest_route=\/wp\/v2\/types\/post"}],"author":[{"embeddable":true,"href":"https:\/\/luchadeclases.com\/index.php?rest_route=\/wp\/v2\/users\/10818"}],"replies":[{"embeddable":true,"href":"https:\/\/luchadeclases.com\/index.php?rest_route=%2Fwp%2Fv2%2Fcomments&post=13133"}],"version-history":[{"count":1,"href":"https:\/\/luchadeclases.com\/index.php?rest_route=\/wp\/v2\/posts\/13133\/revisions"}],"predecessor-version":[{"id":13135,"href":"https:\/\/luchadeclases.com\/index.php?rest_route=\/wp\/v2\/posts\/13133\/revisions\/13135"}],"wp:featuredmedia":[{"embeddable":true,"href":"https:\/\/luchadeclases.com\/index.php?rest_route=\/wp\/v2\/media\/13134"}],"wp:attachment":[{"href":"https:\/\/luchadeclases.com\/index.php?rest_route=%2Fwp%2Fv2%2Fmedia&parent=13133"}],"wp:term":[{"taxonomy":"category","embeddable":true,"href":"https:\/\/luchadeclases.com\/index.php?rest_route=%2Fwp%2Fv2%2Fcategories&post=13133"},{"taxonomy":"post_tag","embeddable":true,"href":"https:\/\/luchadeclases.com\/index.php?rest_route=%2Fwp%2Fv2%2Ftags&post=13133"},{"taxonomy":"post_format","embeddable":true,"href":"https:\/\/luchadeclases.com\/index.php?rest_route=%2Fwp%2Fv2%2Fpost_format&post=13133"},{"taxonomy":"flags","embeddable":true,"href":"https:\/\/luchadeclases.com\/index.php?rest_route=%2Fwp%2Fv2%2Fflags&post=13133"}],"curies":[{"name":"wp","href":"https:\/\/api.w.org\/{rel}","templated":true}]}}