{"id":13511,"date":"2026-09-05T20:46:52","date_gmt":"2026-09-06T01:16:52","guid":{"rendered":"https:\/\/luchadeclases.com\/?p=13511"},"modified":"2026-09-05T20:47:05","modified_gmt":"2026-09-06T01:17:05","slug":"en-memoria-del-camarada-serge-goulart","status":"publish","type":"post","link":"https:\/\/luchadeclases.com\/?p=13511","title":{"rendered":"En memoria del camarada Serge Goulart"},"content":{"rendered":"\n<p class=\"wp-block-paragraph\">La militancia venezolana de la Internacional Comunista Revolucionaria (ICR) desea transmitir sus m\u00e1s sentidas condolencias por el triste fallecimiento del camarada Serge Goulart, dirigente de la Organizaci\u00f3n Comunista Internacionalista de Brasil, y quien hasta hace un a\u00f1o comparti\u00f3 filas y banderas con nuestra organizaci\u00f3n.&nbsp;<\/p>\n\n\n\n<p class=\"wp-block-paragraph\">Desde muy joven, Serge dedic\u00f3 su vida a la causa revolucionaria. Particip\u00f3 en la resistencia contra la dictadura militar brasile\u00f1a y en la fundaci\u00f3n del Partido de los Trabajadores (PT). Tambi\u00e9n desempe\u00f1\u00f3 un papel destacado en la lucha sindical, asumi\u00f3 el rol de coordinador del Movimiento de F\u00e1bricas Ocupadas y se erigi\u00f3 como un consecuente e indiscutible dirigente internacionalista.<\/p>\n\n\n\n<p class=\"wp-block-paragraph\">A trav\u00e9s de su liderazgo en el Movimiento de F\u00e1bricas Ocupadas de Brasil, Serge brind\u00f3 una solidaridad incondicional a la Revoluci\u00f3n Bolivariana, a la clase obrera venezolana y a las primeras experiencias de lucha por el control obrero que se desarrollaron en nuestro pa\u00eds hace ya dos d\u00e9cadas. Su compromiso con la causa de los trabajadores trascendi\u00f3 las fronteras nacionales y lo convirti\u00f3 en un referente para todos aquellos que luchan por la transformaci\u00f3n revolucionaria de la sociedad.<\/p>\n\n\n\n<p class=\"wp-block-paragraph\">No cabe duda de que los trabajadores de Brasil y del mundo han perdido a uno de sus m\u00e1s fervientes luchadores.&nbsp;<\/p>\n\n\n\n<p class=\"wp-block-paragraph\">Aunque Serge y la ICR decidimos tomar rumbos distintos hace apenas un a\u00f1o, ello no borra los a\u00f1os de lucha compartida ni el respeto que sentimos por su trayectoria. Hoy queremos recordarlo con nostalgia, gratitud y profundo respeto, reivindicando su legado militante y su ejemplo de entrega a la causa revolucionaria.<\/p>\n\n\n\n<p class=\"wp-block-paragraph\">Hacemos llegar nuestras condolencias a sus familiares, camaradas y compa\u00f1eros de lucha, as\u00ed como a toda la militancia de la Organizaci\u00f3n Comunista Internacionalista. La mejor manera de honrar la memoria de Serge es continuar la lucha por la emancipaci\u00f3n de la clase trabajadora y por la revoluci\u00f3n mundial.&nbsp;<\/p>\n\n\n\n<p class=\"wp-block-paragraph\">\u00a1Hasta siempre, camarada Serge Goulart!<\/p>\n","protected":false},"excerpt":{"rendered":"<p>La militancia venezolana de la Internacional Comunista Revolucionaria (ICR) desea transmitir sus m\u00e1s sentidas condolencias por el triste fallecimiento del camarada Serge Goulart, dirigente de la Organizaci\u00f3n Comunista Internacionalista de Brasil, y quien hasta hace un a\u00f1o comparti\u00f3 filas y banderas con nuestra organizaci\u00f3n.&nbsp; Desde muy joven, Serge dedic\u00f3 su vida a la causa revolucionaria. &hellip;<\/p>\n","protected":false},"author":8,"featured_media":13512,"comment_status":"open","ping_status":"open","sticky":false,"template":"","format":"standard","meta":{"footnotes":""},"categories":[1],"tags":[100],"post_format":[],"flags":[],"class_list":["post-13511","post","type-post","status-publish","format-standard","has-post-thumbnail","hentry","category-uncategorized","tag-lucha-de-clases"],"jetpack_featured_media_url":"https:\/\/luchadeclases.com\/wp-content\/uploads\/2026\/09\/photo_2026-09-05-21.15.37.jpeg","_links":{"self":[{"href":"https:\/\/luchadeclases.com\/index.php?rest_route=\/wp\/v2\/posts\/13511","targetHints":{"allow":["GET"]}}],"collection":[{"href":"https:\/\/luchadeclases.com\/index.php?rest_route=\/wp\/v2\/posts"}],"about":[{"href":"https:\/\/luchadeclases.com\/index.php?rest_route=\/wp\/v2\/types\/post"}],"author":[{"embeddable":true,"href":"https:\/\/luchadeclases.com\/index.php?rest_route=\/wp\/v2\/users\/8"}],"replies":[{"embeddable":true,"href":"https:\/\/luchadeclases.com\/index.php?rest_route=%2Fwp%2Fv2%2Fcomments&post=13511"}],"version-history":[{"count":1,"href":"https:\/\/luchadeclases.com\/index.php?rest_route=\/wp\/v2\/posts\/13511\/revisions"}],"predecessor-version":[{"id":13513,"href":"https:\/\/luchadeclases.com\/index.php?rest_route=\/wp\/v2\/posts\/13511\/revisions\/13513"}],"wp:featuredmedia":[{"embeddable":true,"href":"https:\/\/luchadeclases.com\/index.php?rest_route=\/wp\/v2\/media\/13512"}],"wp:attachment":[{"href":"https:\/\/luchadeclases.com\/index.php?rest_route=%2Fwp%2Fv2%2Fmedia&parent=13511"}],"wp:term":[{"taxonomy":"category","embeddable":true,"href":"https:\/\/luchadeclases.com\/index.php?rest_route=%2Fwp%2Fv2%2Fcategories&post=13511"},{"taxonomy":"post_tag","embeddable":true,"href":"https:\/\/luchadeclases.com\/index.php?rest_route=%2Fwp%2Fv2%2Ftags&post=13511"},{"taxonomy":"post_format","embeddable":true,"href":"https:\/\/luchadeclases.com\/index.php?rest_route=%2Fwp%2Fv2%2Fpost_format&post=13511"},{"taxonomy":"flags","embeddable":true,"href":"https:\/\/luchadeclases.com\/index.php?rest_route=%2Fwp%2Fv2%2Fflags&post=13511"}],"curies":[{"name":"wp","href":"https:\/\/api.w.org\/{rel}","templated":true}]}}