{"id":5323,"date":"2016-05-01T01:46:02","date_gmt":"2016-05-01T01:46:02","guid":{"rendered":"https:\/\/luchadeclases.org.ve\/wp_temp\/?p=5323"},"modified":"2016-05-01T01:46:02","modified_gmt":"2016-05-01T01:46:02","slug":"periodico-lucha-de-clases-20","status":"publish","type":"post","link":"https:\/\/luchadeclases.com\/?p=5323","title":{"rendered":"Adquiere ya el peri\u00f3dico Lucha de Clases nro 20 &#8211; De la derrota del 6D al referendo revocatorio"},"content":{"rendered":"<p style=\"text-align: justify;\"><img fetchpriority=\"high\" decoding=\"async\" class=\" alignright size-full wp-image-5322\" style=\"margin-right: 12px; margin-left: 12px; float: right;\" src=\"https:\/\/luchadeclases.org.ve\/wp_temp\/wp-content\/uploads\/2016\/05\/LdC20.png\" alt=\"Prensa\" width=\"250\" height=\"336\" srcset=\"https:\/\/luchadeclases.com\/wp-content\/uploads\/2016\/05\/LdC20.png 638w, https:\/\/luchadeclases.com\/wp-content\/uploads\/2016\/05\/LdC20-223x300.png 223w\" sizes=\"(max-width: 250px) 100vw, 250px\" \/>Ya est\u00e1 en la calle el n\u00famero 20 de nuestro peri\u00f3dico Lucha de Clases &#8211; De la derrota del 6D al referendo revocatorio . El peri\u00f3dico de Lucha de Clases &#8211; Corriente Marxista del PSUV. Ay\u00fadanos a difundirlo.<\/p>\n<p>  <!--more-->  <\/p>\n<p>\u00a0<\/p>\n<p style=\"text-align: justify;\">Contenido:<\/p>\n<ul>\n<li style=\"text-align: justify;\">Editorial: Radicalizar la revoluci\u00f3n es la \u00fanica alternativa<\/li>\n<li style=\"text-align: justify;\">Sobre la pol\u00edtica econ\u00f3mica del gobierno Bolivariano<\/li>\n<li style=\"text-align: justify;\">Notas sobre la NEP y Venezuela (Deivi Pe\u00f1a)<\/li>\n<li style=\"text-align: justify;\">Nacionalizaci\u00f3n de la f\u00e1brica de franelas Gotcha \u00bfA hora qu\u00e9? (Prensa Lucha de Clases)<\/li>\n<li style=\"text-align: justify;\">Las providencias estudiantiles (Leander Perez)<\/li>\n<li style=\"text-align: justify;\">\u00bfPor qu\u00e9 conformar C\u00edrculos Marxistas Universitarios?<\/li>\n<li style=\"text-align: justify;\">Brasil: El l\u00e1tigo de la contrarrevoluci\u00f3n empuja a las masas a la lucha (El\u00edas Chac\u00f3n)<\/li>\n<\/ul>\n<p>\u00a0<\/p>\n<p style=\"text-align: justify;\">Adqui\u00e9relo con cualquier militante de la Corriente Marxista Lucha de Clases, o a trav\u00e9s de los correos\u00a0<a href=\"mailto:reportes@luchadeclases.org.ve\">reportes@luchadeclases.org.ve<\/a>\u00a0y\/o <a href=\"mailto:cmi.venezuela@gmail.com\">cmi.venezuela@gmail.com<\/a>\u00a0<\/p>\n<p><a href=\"https:\/\/archive.org\/details\/LdC20\" rel=\"alternate\">Ver en internet<\/a><\/p>\n","protected":false},"excerpt":{"rendered":"<p>Ya est\u00e1 en la calle el n\u00famero 20 de nuestro peri\u00f3dico Lucha de Clases &#8211; De la derrota del 6D al referendo revocatorio . El peri\u00f3dico de Lucha de Clases &#8211; Corriente Marxista del PSUV. Ay\u00fadanos a difundirlo.<\/p>\n","protected":false},"author":1,"featured_media":5322,"comment_status":"open","ping_status":"open","sticky":false,"template":"","format":"standard","meta":{"footnotes":""},"categories":[35],"tags":[],"post_format":[],"flags":[],"class_list":["post-5323","post","type-post","status-publish","format-standard","has-post-thumbnail","hentry","category-construyendo-la-cmi"],"jetpack_featured_media_url":"https:\/\/luchadeclases.com\/wp-content\/uploads\/2016\/05\/LdC20.png","_links":{"self":[{"href":"https:\/\/luchadeclases.com\/index.php?rest_route=\/wp\/v2\/posts\/5323","targetHints":{"allow":["GET"]}}],"collection":[{"href":"https:\/\/luchadeclases.com\/index.php?rest_route=\/wp\/v2\/posts"}],"about":[{"href":"https:\/\/luchadeclases.com\/index.php?rest_route=\/wp\/v2\/types\/post"}],"author":[{"embeddable":true,"href":"https:\/\/luchadeclases.com\/index.php?rest_route=\/wp\/v2\/users\/1"}],"replies":[{"embeddable":true,"href":"https:\/\/luchadeclases.com\/index.php?rest_route=%2Fwp%2Fv2%2Fcomments&post=5323"}],"version-history":[{"count":0,"href":"https:\/\/luchadeclases.com\/index.php?rest_route=\/wp\/v2\/posts\/5323\/revisions"}],"wp:featuredmedia":[{"embeddable":true,"href":"https:\/\/luchadeclases.com\/index.php?rest_route=\/wp\/v2\/media\/5322"}],"wp:attachment":[{"href":"https:\/\/luchadeclases.com\/index.php?rest_route=%2Fwp%2Fv2%2Fmedia&parent=5323"}],"wp:term":[{"taxonomy":"category","embeddable":true,"href":"https:\/\/luchadeclases.com\/index.php?rest_route=%2Fwp%2Fv2%2Fcategories&post=5323"},{"taxonomy":"post_tag","embeddable":true,"href":"https:\/\/luchadeclases.com\/index.php?rest_route=%2Fwp%2Fv2%2Ftags&post=5323"},{"taxonomy":"post_format","embeddable":true,"href":"https:\/\/luchadeclases.com\/index.php?rest_route=%2Fwp%2Fv2%2Fpost_format&post=5323"},{"taxonomy":"flags","embeddable":true,"href":"https:\/\/luchadeclases.com\/index.php?rest_route=%2Fwp%2Fv2%2Fflags&post=5323"}],"curies":[{"name":"wp","href":"https:\/\/api.w.org\/{rel}","templated":true}]}}