{"id":6315,"date":"2018-06-04T11:43:46","date_gmt":"2018-06-04T16:13:46","guid":{"rendered":"https:\/\/luchadeclases.org.ve\/?p=6315"},"modified":"2018-06-04T11:59:24","modified_gmt":"2018-06-04T16:29:24","slug":"aranceles-al-acero-y-aluminio-de-mexico-canada-y-la-union-europea-por-parte-de-ee-uu","status":"publish","type":"post","link":"https:\/\/luchadeclases.com\/?p=6315","title":{"rendered":"M\u00e9xico: Aranceles al acero y aluminio de M\u00e9xico, Canad\u00e1 y la Uni\u00f3n Europea, por parte de EE.UU."},"content":{"rendered":"<p>El jueves 30 de mayo, el gobierno de Estados Unidos ha anunciado que impondr\u00e1 aranceles a las importaciones de acero y aluminio de M\u00e9xico, Canad\u00e1 y la Uni\u00f3n Europea. El efecto que tuvo este anuncio fue r\u00e1pido, el peso cay\u00f3 frente al d\u00f3lar, llegando a 20.05 pesos por d\u00f3lar.<\/p>\n<p><a href=\"https:\/\/marxismo.mx\/aranceles-al-acero-y-aluminio-de-mexico-canada-y-la-union-europea-por-parte-de-ee-uu\/\">Fuente<\/a><\/p>\n<p>Los impuestos son de 25% al acero y 10% al aluminio y es un duro golpe a las exportaciones de acero de M\u00e9xico que en el 2017 sumaron un total de 3 millones, 155 117 toneladas. Pero el pa\u00eds m\u00e1s afectado, sin duda alguna, ser\u00e1 Canad\u00e1, quien es su primer socio comercial de acero, quien vende a EEUU m\u00e1s de 5.6 millones de toneladas, tambi\u00e9n en 2017.\u00a0<a href=\"https:\/\/bit.ly\/2oKkgIs\">https:\/\/bit.ly\/2oKkgIs<\/a><\/p>\n<p>El secretario de Comercio estadounidense fue quien dio est\u00e1 informaci\u00f3n la cual entrar\u00e1 en vigor el viernes 1 de junio. Y dijo m\u00e1s:\u00a0 \u201cEsperamos continuar las negociaciones con Canad\u00e1 y M\u00e9xico por un lado y con la Comisi\u00f3n Europea por otro, porque hay otros asuntos que tambi\u00e9n deben ser resueltos\u00a0<a href=\"https:\/\/bit.ly\/2JkRgDa\">https:\/\/bit.ly\/2JkRgDa<\/a>. Lo quiere\u00a0 decir esta declaraci\u00f3n es que van por m\u00e1s.<\/p>\n<h5>Una guerra comercial se avecina<\/h5>\n<p>Inmediatamente despu\u00e9s del anuncio, el gobierno de M\u00e9xico Ha declarado como respuesta a esta medida unilateral, impondr\u00e1n impuestos a una serie de art\u00edculos, no solo de acero y aluminio, tambi\u00e9n algunos productos alimenticios:<\/p>\n<p><em>\u201cM\u00e9xico impondr\u00e1 medidas equivalentes a diversos productos como aceros planos (l\u00e1mina caliente y fr\u00eda, incluidos recubiertos y tubos diversos), l\u00e1mparas, piernas y paletas de puerco, embutidos y preparaciones alimenticias, manzanas, uvas, ar\u00e1ndanos, diversos quesos, entre otros, hasta por un monto equiparable al nivel de la afectaci\u00f3n)\u201d\u00a0<\/em><a href=\"https:\/\/bit.ly\/2kDzOvO\">https:\/\/bit.ly\/2kDzOvO<\/a><\/p>\n<p>Por su parte, Angela Merkel, ministra de Alemania, dijo que Europa responder\u00e1 de forma decidida y unida, dijo que las medidas que Trump est\u00e1 implementando violan las reglas de la Organizaci\u00f3n Mundial de Comercio. Jean -Claud Juncker presidente de la Comisi\u00f3n Europea, ha dicho que en las pr\u00f3ximas horas se anunciar\u00e1n contramedidas contra la decisi\u00f3n del gobierno americano.<\/p>\n<p>Estas medidas que se anunciaron hoy, son la continuaci\u00f3n de la aplicaci\u00f3n de aranceles de 25% a mercanc\u00edas chinas que hoy se exportan a EEUU, que contengan alta tecnolog\u00eda. Este anuncio se da en medio de tensas negociaciones comerciales entre China y EEUU. Trump ha dicho que su objetivo es reducir dr\u00e1sticamente el d\u00e9ficit comercial que tiene Estados Unidos con respecto a China.<\/p>\n<p>La idea que Trump defendi\u00f3 en campa\u00f1a de \u201cAm\u00e9rica Primero\u201d tiene este significado, una pol\u00edtica proteccionista que amenaza con desencadenar una guerra proteccionista que pueda poner fin a la tendencia que ha prevalecido en el \u00faltimo periodo del libre comercio y que siente las bases para una nueva recesi\u00f3n mundial.<\/p>\n","protected":false},"excerpt":{"rendered":"<p>El jueves 30 de mayo, el gobierno de Estados Unidos ha anunciado que impondr\u00e1 aranceles a las importaciones de acero y aluminio de M\u00e9xico, Canad\u00e1 y la Uni\u00f3n Europea. El efecto que tuvo este anuncio fue r\u00e1pido, el peso cay\u00f3 frente al d\u00f3lar, llegando a 20.05 pesos por d\u00f3lar. Fuente Los impuestos son de 25% &hellip;<\/p>\n","protected":false},"author":1,"featured_media":6316,"comment_status":"open","ping_status":"open","sticky":false,"template":"","format":"standard","meta":{"footnotes":""},"categories":[4,13],"tags":[213,138,153,214],"post_format":[],"flags":[],"class_list":["post-6315","post","type-post","status-publish","format-standard","has-post-thumbnail","hentry","category-internacionales","category-mexico","tag-aranceles","tag-eeuu","tag-mexico","tag-proteccionismo"],"jetpack_featured_media_url":"https:\/\/luchadeclases.com\/wp-content\/uploads\/2018\/06\/industria-acero1.jpg","_links":{"self":[{"href":"https:\/\/luchadeclases.com\/index.php?rest_route=\/wp\/v2\/posts\/6315","targetHints":{"allow":["GET"]}}],"collection":[{"href":"https:\/\/luchadeclases.com\/index.php?rest_route=\/wp\/v2\/posts"}],"about":[{"href":"https:\/\/luchadeclases.com\/index.php?rest_route=\/wp\/v2\/types\/post"}],"author":[{"embeddable":true,"href":"https:\/\/luchadeclases.com\/index.php?rest_route=\/wp\/v2\/users\/1"}],"replies":[{"embeddable":true,"href":"https:\/\/luchadeclases.com\/index.php?rest_route=%2Fwp%2Fv2%2Fcomments&post=6315"}],"version-history":[{"count":2,"href":"https:\/\/luchadeclases.com\/index.php?rest_route=\/wp\/v2\/posts\/6315\/revisions"}],"predecessor-version":[{"id":6321,"href":"https:\/\/luchadeclases.com\/index.php?rest_route=\/wp\/v2\/posts\/6315\/revisions\/6321"}],"wp:featuredmedia":[{"embeddable":true,"href":"https:\/\/luchadeclases.com\/index.php?rest_route=\/wp\/v2\/media\/6316"}],"wp:attachment":[{"href":"https:\/\/luchadeclases.com\/index.php?rest_route=%2Fwp%2Fv2%2Fmedia&parent=6315"}],"wp:term":[{"taxonomy":"category","embeddable":true,"href":"https:\/\/luchadeclases.com\/index.php?rest_route=%2Fwp%2Fv2%2Fcategories&post=6315"},{"taxonomy":"post_tag","embeddable":true,"href":"https:\/\/luchadeclases.com\/index.php?rest_route=%2Fwp%2Fv2%2Ftags&post=6315"},{"taxonomy":"post_format","embeddable":true,"href":"https:\/\/luchadeclases.com\/index.php?rest_route=%2Fwp%2Fv2%2Fpost_format&post=6315"},{"taxonomy":"flags","embeddable":true,"href":"https:\/\/luchadeclases.com\/index.php?rest_route=%2Fwp%2Fv2%2Fflags&post=6315"}],"curies":[{"name":"wp","href":"https:\/\/api.w.org\/{rel}","templated":true}]}}