{"id":6372,"date":"2018-06-23T18:30:12","date_gmt":"2018-06-23T23:00:12","guid":{"rendered":"https:\/\/luchadeclases.org.ve\/?p=6372"},"modified":"2018-06-23T18:30:12","modified_gmt":"2018-06-23T23:00:12","slug":"la-crisis-migratoria-y-la-europa-fortaleza","status":"publish","type":"post","link":"https:\/\/luchadeclases.com\/?p=6372","title":{"rendered":"La crisis migratoria y la Europa-Fortaleza"},"content":{"rendered":"<blockquote class=\"article-intro\"><p>El pasado fin de semana llegaron a Espa\u00f1a casi 2.000 personas desde el mar, la mayor\u00eda de ellas en embarcaciones totalmente inadecuadas para las traves\u00edas, arriesgando su vida en el proceso. El barco Aquarius fue el caso que gener\u00f3 m\u00e1s eco medi\u00e1tico, despu\u00e9s de que Italia rechazara el acceso a su costa y de que el Estado espa\u00f1ol decidiera acogerlo. De las 629 personas que fueron rescatadas, 123 eran menores de edad, la mayor\u00eda viajando solos.<\/p><\/blockquote>\n<section class=\"article-content\"><strong><a href=\"http:\/\/www.luchadeclases.org\/internacional\/23-europa\/2778-la-crisis-migratoria-y-la-europa-fortaleza.html\">Fuente<\/a><\/strong><\/p>\n<p>Desde que comenz\u00f3 el a\u00f1o ya se han rescatado unas 300 pateras que llevaban a unas 6.600 personas, y entre enero y marzo se registraron unas 130 personas que perdieron la vida durante la traves\u00eda hacia la Pen\u00ednsula. Durante 2017, las cifras de personas asistidas creci\u00f3 enormemente con respecto al a\u00f1o anterior, una proyecci\u00f3n que continuar\u00e1 durante 2018. S\u00f3lo durante el primer trimestre del a\u00f1o, ya se ha registrado un incremento del 38% en las personas que han llegado por mar. Los voluntarios y trabajadores que ayudan a salvar vidas predicen que durante el verano habr\u00e1 a\u00fan m\u00e1s actividad.<\/p>\n<p>Los refugiados que se juegan la vida para llegar a Europa provienen de zonas muy pobres, donde reina la miseria y donde la guerra ha provocado la destrucci\u00f3n y el caos. Tomar la decisi\u00f3n de embarcarse en esta traves\u00eda tan peligrosa se hace como \u00faltima soluci\u00f3n. El pago a las mafias que se dedican al negocio de transportar refugiados es muy elevado, y las condiciones, el trato y los materiales de embarcaci\u00f3n que utilizan estos g\u00e1ngsteres, hacen que todo el trayecto sea muy peligroso y dif\u00edcil, incluso antes de comenzar el tortuoso viaje. La Organizaci\u00f3n Internacional de los Inmigrantes (IOM) ha publicado varios informes donde detalla un mercado de esclavos en Libia, que ha aparecido como consecuencia de la desesperaci\u00f3n de miles de sub-saharianos que viajan hacia una vida mejor y que durante el camino son secuestrados y vendidos como esclavos. Este es un ejemplo obvio de los peligros que existen.<\/p>\n<p>Desgraciadamente, la situaci\u00f3n para los refugiados no mejora mucho cuando finalmente llegan a Europa. En Espa\u00f1a, las ONGs han denunciado incontables veces la conducta de las autoridades hacia los refugiados, una cr\u00edtica que se puede trasladar perfectamente a la actitud de la Uni\u00f3n Europea. Son las ONGs y los voluntarios quienes asisten a los reci\u00e9n llegados, mientras que las instituciones hacen todo lo posible para no hacer nada o para expulsarlos lo m\u00e1s r\u00e1pido posible. Los refugiados son a menudo encerrados en calabozos insalubres para ser identificados o enviados a un Centro de Internamiento de Extranjeros (CIE) sin informarles sobre la posibilidad de pedir asilo. Cuando no hay suficientes plazas en los CIE, los refugiados son abandonados a su suerte en la calle.<\/p>\n<p><strong>S\u00e1nchez abre las puertas al Aquarius<\/strong><\/p>\n<p>El gesto de S\u00e1nchez de facilitar que el Aquarius entrara en Espa\u00f1a es positivo y debe ser bienvenido. Las pol\u00edticas practicadas hasta ahora por el reciente gobierno destituido del PP eran racistas y totalmente reaccionarias: por ejemplo, retir\u00f3 la tarjeta sanitaria a unos 800.000 inmigrantes en situaci\u00f3n de irregularidad.<\/p>\n<p>Sin embargo, el papel del actual gobierno en este episodio ha tenido un car\u00e1cter de show medi\u00e1tico. La vicepresidenta del Gobierno dise\u00f1\u00f3 un dispositivo de coordinaci\u00f3n entre administraciones y unas garant\u00edas jur\u00eddicas no habituales en la recepci\u00f3n de personas que llegan a Espa\u00f1a a trav\u00e9s del mar. Adem\u00e1s, los 629 refugiados a bordo del Aquarius recibir\u00e1n una autorizaci\u00f3n de residencia de 45 d\u00edas, un permiso que se otorga de manera excepcional en casos humanitarios. La pregunta, pues, es: y las otras aproximadamente 1.300 personas que han llegado durante el \u00faltimo fin de semana, \u00bfno han accedido a Espa\u00f1a en una situaci\u00f3n humanitaria excepcional?<\/p>\n<p>La inmigraci\u00f3n tiene un papel creciente y cada vez m\u00e1s importante en la mano de obra espa\u00f1ola y europea: en la agricultura, cuidando ancianos y ni\u00f1os, en la construcci\u00f3n, etc. Estos trabajos se encuentran entre los peor remunerados y entre los m\u00e1s explotados. Medios de comunicaci\u00f3n como\u00a0<em>Correctiv<\/em>\u00a0y\u00a0<em>BuzzFeed News<\/em>\u00a0revelaron en mayo de este a\u00f1o abusos y violaciones a jornaleras inmigrantes en Espa\u00f1a, Italia y Marruecos. Los argumentos de los racistas espa\u00f1oles que plantean que deber\u00edan ser expulsados los inmigrantes de Espa\u00f1a \u00abporque lo primero son los espa\u00f1oles\u00bb, \u00bfqu\u00e9 les dicen a los racistas de Europa que quieren expulsar los espa\u00f1oles emigrantes que viven y trabajan en sus pa\u00edses? La inmigraci\u00f3n es, hasta cierto punto, la expresi\u00f3n de la rebeli\u00f3n de las fuerzas productivas contra el Estado-naci\u00f3n, que se ha convertido en un freno para su desarrollo. El problema no radica en la inmigraci\u00f3n, sino en las fronteras nacionales.<\/p>\n<p>La decisi\u00f3n de S\u00e1nchez de acoger al Aquarius ha entusiasmado a un gran n\u00famero de personas, que ven con angustia y rabia la terrible crisis migratoria. Pero el gobierno no puede hacer gestos meramente simb\u00f3licos; debe pasar de las palabras a los hechos. Deber\u00eda establecer una pol\u00edtica de puertas abiertas a los refugiados, empezando por la derogaci\u00f3n de todas las leyes y trabas que estableci\u00f3 el gobierno del PP en contra de la inmigraci\u00f3n, e incrementar los presupuestos y la coordinaci\u00f3n destinados al rescate y a la ayuda de los refugiados.<\/p>\n<p><strong>Divisiones en la Uni\u00f3n Europea<\/strong><\/p>\n<p>El problema migratorio ya hace tiempo que est\u00e1 afectando las bases fundamentales en las que se sostiene la Uni\u00f3n (la libertad de movimiento de capitales, mercanc\u00edas y trabajadores) y est\u00e1 contribuyendo a ensanchar las grietas existentes dentro del bloque.<\/p>\n<p>La crisis provocada por el rechazo de Italia de acoger al Aquarius afect\u00f3 en primer lugar a las relaciones entre Francia e Italia. La decisi\u00f3n que tom\u00f3 Italia es producto del nuevo gobierno, formado a finales de Mayo y compuesto por los populistas del Movimiento 5 Estrellas y el partido ultraderechista de la Liga. El ministro de Interior y l\u00edder de la formaci\u00f3n la Liga, Matteo Salvini, que lidera un programa racista, demag\u00f3gico y xen\u00f3fobo, utiliz\u00f3 la oportunidad presentada por el episodio del Aquarius para hacer propaganda para sus ideas. A pesar del programa totalmente reaccionario de Salvini, cuando critica a la UE por su gesti\u00f3n del problema migratorio tiene parte de raz\u00f3n: en 2015, la UE acord\u00f3 la redistribuci\u00f3n de 160.000 inmigrantes de Italia y Grecia a otros pa\u00edses de la Uni\u00f3n, un plan que finaliz\u00f3 el 2017 con s\u00f3lo un 17% del objetivo completado.<\/p>\n<p>Macron tach\u00f3 la actuaci\u00f3n de sus aliados Italianos de \u00abc\u00ednica\u00bb e \u00abirresponsable\u00bb. La hipocres\u00eda de Macron es destacable, ya que \u00e9l mismo tiene un historial de comentarios racistas, aunque de manera m\u00e1s encubierta porque tiene que mantener su apariencia de \u00abliberal progresista\u00bb. Sin embargo, Macron representa el declive del liberalismo, que por un lado llora l\u00e1grimas de cocodrilo por la cat\u00e1strofe humanitaria que supone la migraci\u00f3n masiva hacia Europa, y por otro lado, en la pr\u00e1ctica, act\u00faa en contra de los refugiados para salvaguardar los intereses de los grandes capitalistas y banqueros. El escandaloso acuerdo con Turqu\u00eda del a\u00f1o 2016, donde se acord\u00f3 expulsar a este pa\u00eds a los solicitantes de asilo llegados desde Grecia a cambio de un desembolso de 3.000 millones de euros para el gobierno turco, es un claro ejemplo. Este tratado no ha detenido el intento de miles de personas de alcanzar una vida mejor escapando de la miseria, sino que ha hecho que el trayecto se haya vuelto m\u00e1s duro y peligroso, y que las mafias se enriquezcan m\u00e1s y se vuelvan m\u00e1s fuertes y numerosas.<\/p>\n<p>La crisis tambi\u00e9n ha tenido efecto en Alemania. La posici\u00f3n de Merkel se ha tambaleado por las actuaciones del ministro de Interior, Horst Seehofer, que demanda mano dura hacia los refugiados y que finalmente ha dado un ultim\u00e1tum de dos semanas a la canciller para que negocie un acuerdo con los otros Estados europeos, con el objetivo de encontrar una soluci\u00f3n a la crisis migratoria. Seehofer representa a una parte de la burgues\u00eda alemana m\u00e1s reaccionaria, aunque en general representa los intereses de la clase dominante en este contexto de declive del capitalismo mundial.<\/p>\n<p>La austeridad no ha sido fruto de una decisi\u00f3n pol\u00edtica por parte de los dirigentes nacionales de cada pa\u00eds, sino que ha sido forzada por las mismas leyes que dominan el sistema capitalista. La necesidad de mantener los m\u00e1ximos beneficios en una econom\u00eda estancada o en crisis significa que la clase trabajadora debe pagar los costes, mientras que la burgues\u00eda mantiene sus intereses o los incrementa, como hemos estado viendo en los \u00faltimos a\u00f1os. Si las respectivas burgues\u00edas no disponen de los recursos necesarios para hacer concesiones a su propia clase trabajadora; es m\u00e1s, si la burgues\u00eda se ve obligada a explotar a\u00fan m\u00e1s a sus trabajadores para permanecer competitivos en el mercado interno y en el externo, \u00bfc\u00f3mo van a hacer concesiones a inmigrantes o refugiados? A este factor se le a\u00f1ade la caracter\u00edstica principal de todas las clases dominantes de la historia: dividir y dominar. A la burgues\u00eda le interesa que la clase trabajadora se enfrente entre s\u00ed y se divida, que no se d\u00e9 cuenta de su fuerza unida como clase, mientras aqu\u00e9lla contin\u00faa explotando en una espiral descendente de salarios y condiciones laborales.<\/p>\n<p>Es obvio que los diferentes gobiernos europeos utilizan el tema de la inmigraci\u00f3n como una patata caliente que se pasan de unos a otros, y para obtener una ganancia electoral. Sin embargo, la crisis migratoria reabre un frente que complica la unidad del bloque europeo, que ya tiene bastante dolores de cabeza con el Brexit, el enfrentamiento con su principal aliado Estados Unidos y la gesti\u00f3n de una econom\u00eda con pron\u00f3sticos bastante negativos.<\/p>\n<p><strong>El Imperialismo<\/strong><\/p>\n<p>La causa del sufrimiento de miles de refugiados que no ven ninguna alternativa a su vida y que finalmente deciden emplear un camino peligroso y dif\u00edcil es el imperialismo. Las intervenciones militares imperialistas de los pa\u00edses occidentales en Siria, Libia, Irak y Afganist\u00e1n, los ejemplos m\u00e1s obvios durante los \u00faltimos a\u00f1os, no han conducido a una mejora de la vida de las poblaciones, como promet\u00eda; al contrario, estos pa\u00edses se encuentran en una situaci\u00f3n de caos, de destrucci\u00f3n, donde miles de personas inocentes han perdido la vida y donde grupos yihadistas han podido crecer de manera espectacular ante el vac\u00edo dejado por la destrucci\u00f3n del aparato estatal y en un contexto de extrema miseria y odio al imperialismo. La consecuencia principal ha sido desestabilizar a\u00fan m\u00e1s una regi\u00f3n ya de por s\u00ed inestable.<\/p>\n<p>\u00c1frica sigue bajo el control de los pa\u00edses imperialistas, que durante las revoluciones coloniales perdieron el poder pol\u00edtico directo pero no el econ\u00f3mico; en \u00faltima instancia, estos factores son los que realmente pesan sobre la mesa. Francia mantiene una presencia militar casi permanente en pa\u00edses como Mali, N\u00edger, Costa de Marfil, Burkina Faso, Yibuti, etc. Las clases dominantes de los pa\u00edses africanos son los lacayos de los imperialistas: hacen de gerentes de su saqueo sistem\u00e1tico del continente por parte de los imperialistas y, por el buen trabajo y el mantenimiento del orden, reciben sustanciales incentivos mientras mantienen a la poblaci\u00f3n sometida en la pobreza.<\/p>\n<p>La situaci\u00f3n en Libia es el resultado directo de la intervenci\u00f3n imperialista de la OTAN, dirigida por Francia y Gran Breta\u00f1a, que ha dejado un pa\u00eds arrasado, con tres gobiernos de facto, dominado por bandas fundamentalistas isl\u00e1micas y se\u00f1ores de la guerra, convirti\u00e9ndolo en un para\u00edso para los traficantes de personas.<\/p>\n<p>No se trata, por tanto, de un \u00abalud migratorio\u00bb de gente que vienen buscando \u00abmejores trabajos y expectativas de vida\u00bb como nos dice la prensa burguesa, sino que en realidad estamos hablando de millones de personas expulsadas forzosamente de sus pa\u00edses de origen por las guerras, el hambre y la miseria provocadas directamente por los pa\u00edses imperialistas que los presentan como una \u00abamenaza\u00bb.<\/p>\n<p><strong>\u00bfCu\u00e1l es la soluci\u00f3n?<\/strong><\/p>\n<p>Justamente esta semana, la UE ha propuesto una nueva soluci\u00f3n para resolver el \u00abproblema\u00bb migratorio: crear centros fuera del bloque de la Uni\u00f3n donde se eval\u00fae si las personas inmigrantes son refugiados o inmigrantes econ\u00f3micos- una propuesta que sigue en la misma l\u00ednea de detener la crisis migratoria, no encontrando soluciones a la miseria y devastaci\u00f3n, sino levantando muros.<\/p>\n<p>Es innegable que los recursos a nivel mundial existen para que todos puedan vivir una vida digna. El problema es que esta riqueza est\u00e1 concentrada en unas pocas manos, que s\u00f3lo tienen el objetivo miope de lucrarse indefinidamente sin ning\u00fan tipo de preocupaci\u00f3n moral. En Espa\u00f1a mismo, los beneficios de las empresas han crecido 16 veces m\u00e1s que los sueldos desde el 2014, pero a\u00fan as\u00ed, cuando el PP declara que abrir las puertas a los refugiados puede provocar consecuencias graves, lo que realmente quieren decir es que la clase dominante espa\u00f1ola no est\u00e1 dispuesta de ninguna manera a perder intereses en beneficio de los pobres.<\/p>\n<p>Quienes recortan la sanidad y la educaci\u00f3n, los que desahucian los que no pueden pagar el alquiler o la hipoteca, los que roban a manos llenas a trav\u00e9s de la privatizaci\u00f3n de los servicios p\u00fablicos, no son los inmigrantes que se juegan la vida por atravesar el Mediterr\u00e1neo, ni los que arriesgan su integridad f\u00edsica saltando la valla coronada con navajas afiladas en Ceuta y Melilla. Al contrario, los responsables de la austeridad y el sufrimiento de los trabajadores en los pa\u00edses europeos son los banqueros, los pol\u00edticos corruptos del r\u00e9gimen, las pol\u00edticas de recortes feroces impuestas por la UE capitalista, y aplicadas por los gobiernos que no rompen con sus l\u00edmites . Estos son, pues, nuestros enemigos.<\/p>\n<p>En Espa\u00f1a, hay unos 3 millones de casas vac\u00edas en manos de los bancos; sin embargo, el n\u00famero de gente sin techo va en aumento inexorablemente. La lucha para acoger los refugiados es inseparable de la lucha por la expropiaci\u00f3n de las casas vac\u00edas, ya que no s\u00f3lo ser\u00edan ocupadas por los reci\u00e9n llegados sino por los miles de gente sin techo, de familias y de gente joven que viven en casas inadecuadas o que no tienen acceso a viviendas. Igualmente, la lucha para una sanidad universal debe ir ligada a la lucha contra la austeridad y por unos servicios p\u00fablicos de calidad. La espiral descendente de sueldos y condiciones laborales se debe combatir de manera conjunta como trabajadores, unidos, independientemente de nuestra condici\u00f3n migratoria, del color de la piel, del sexo, reivindicando que la \u00abrecuperaci\u00f3n econ\u00f3mica\u00bb en Espa\u00f1a se ha logrado por la explotaci\u00f3n redoblada de los trabajadores y que por tanto, los frutos generados pertenecen a los propios trabajadores.<\/p>\n<p>En \u00faltima instancia, el \u00abproblema\u00bb de la emigraci\u00f3n es inseparable del capitalismo, y nunca podr\u00e1 ser solucionado en el marco capitalista. La lucha por resolver la crisis migratoria pasa por vincularla con la lucha internacional contra el sistema capitalista y para una sociedad socialista.<\/p>\n<p style=\"text-align: center;\"><strong>\u00a0\u00a1Los refugiados son bienvenidos! \u00a1Que paguen los capitalistas!<\/strong><br \/>\n<strong>\u00a0\u00a1Abajo las guerras imperialistas y el saqueo!<\/strong><br \/>\n<strong>\u00a0\u00a1Abajo la podrida UE capitalista!<\/strong><br \/>\n<strong>\u00a0\u00a1Abajo el capitalismo, que es la causa fundamental de la guerra y el sufrimiento de millones!<\/strong><\/p>\n<\/section>\n","protected":false},"excerpt":{"rendered":"<p>El pasado fin de semana llegaron a Espa\u00f1a casi 2.000 personas desde el mar, la mayor\u00eda de ellas en embarcaciones totalmente inadecuadas para las traves\u00edas, arriesgando su vida en el proceso. El barco Aquarius fue el caso que gener\u00f3 m\u00e1s eco medi\u00e1tico, despu\u00e9s de que Italia rechazara el acceso a su costa y de que &hellip;<\/p>\n","protected":false},"author":1,"featured_media":6373,"comment_status":"open","ping_status":"open","sticky":false,"template":"","format":"standard","meta":{"footnotes":""},"categories":[71,4],"tags":[233,234,235,232],"post_format":[],"flags":[],"class_list":["post-6372","post","type-post","status-publish","format-standard","has-post-thumbnail","hentry","category-espana","category-internacionales","tag-aquarius","tag-emigracion","tag-refugiados","tag-union-europea"],"jetpack_featured_media_url":"https:\/\/luchadeclases.com\/wp-content\/uploads\/2018\/06\/aquarius2.jpg","_links":{"self":[{"href":"https:\/\/luchadeclases.com\/index.php?rest_route=\/wp\/v2\/posts\/6372","targetHints":{"allow":["GET"]}}],"collection":[{"href":"https:\/\/luchadeclases.com\/index.php?rest_route=\/wp\/v2\/posts"}],"about":[{"href":"https:\/\/luchadeclases.com\/index.php?rest_route=\/wp\/v2\/types\/post"}],"author":[{"embeddable":true,"href":"https:\/\/luchadeclases.com\/index.php?rest_route=\/wp\/v2\/users\/1"}],"replies":[{"embeddable":true,"href":"https:\/\/luchadeclases.com\/index.php?rest_route=%2Fwp%2Fv2%2Fcomments&post=6372"}],"version-history":[{"count":1,"href":"https:\/\/luchadeclases.com\/index.php?rest_route=\/wp\/v2\/posts\/6372\/revisions"}],"predecessor-version":[{"id":6374,"href":"https:\/\/luchadeclases.com\/index.php?rest_route=\/wp\/v2\/posts\/6372\/revisions\/6374"}],"wp:featuredmedia":[{"embeddable":true,"href":"https:\/\/luchadeclases.com\/index.php?rest_route=\/wp\/v2\/media\/6373"}],"wp:attachment":[{"href":"https:\/\/luchadeclases.com\/index.php?rest_route=%2Fwp%2Fv2%2Fmedia&parent=6372"}],"wp:term":[{"taxonomy":"category","embeddable":true,"href":"https:\/\/luchadeclases.com\/index.php?rest_route=%2Fwp%2Fv2%2Fcategories&post=6372"},{"taxonomy":"post_tag","embeddable":true,"href":"https:\/\/luchadeclases.com\/index.php?rest_route=%2Fwp%2Fv2%2Ftags&post=6372"},{"taxonomy":"post_format","embeddable":true,"href":"https:\/\/luchadeclases.com\/index.php?rest_route=%2Fwp%2Fv2%2Fpost_format&post=6372"},{"taxonomy":"flags","embeddable":true,"href":"https:\/\/luchadeclases.com\/index.php?rest_route=%2Fwp%2Fv2%2Fflags&post=6372"}],"curies":[{"name":"wp","href":"https:\/\/api.w.org\/{rel}","templated":true}]}}