{"id":6476,"date":"2018-08-03T13:01:55","date_gmt":"2018-08-03T17:31:55","guid":{"rendered":"https:\/\/luchadeclases.org.ve\/?p=6476"},"modified":"2018-08-03T13:01:55","modified_gmt":"2018-08-03T17:31:55","slug":"el-congreso-mundial-de-la-corriente-marxista-internacional-exige-la-liberacion-de-los-presos-politicos-catalanes","status":"publish","type":"post","link":"https:\/\/luchadeclases.com\/?p=6476","title":{"rendered":"El Congreso Mundial de la Corriente Marxista Internacional exige la liberaci\u00f3n de los presos pol\u00edticos catalanes"},"content":{"rendered":"<blockquote class=\"article-intro\">\n<div>\n<section>El Congreso Mundial de la CMI, reunido en Italia a fines de julio, aprob\u00f3 una resoluci\u00f3n un\u00e1nime exigiendo la liberaci\u00f3n de los presos pol\u00edticos catalanes encarcelados por su participaci\u00f3n en la organizaci\u00f3n del refer\u00e9ndum de independencia del 1 de octubre de 2017. M\u00e1s de 370 delegados e invitados de todas partes el mundo (de Canad\u00e1 a Brasil, de Suecia a Grecia, de Rusia a Indonesia) aprobaron la resoluci\u00f3n, cuyo texto completo sigue a continuaci\u00f3n (<a href=\"https:\/\/www.marxist.com\/el-congres-mundial-de-corrent-marxista-internacional-exigeix-l-alliberament-dels-presos-politics-catalans.htm\">CATAL\u00c0<\/a>\u00a0\/\u00a0<a href=\"https:\/\/www.marxist.com\/international-marxist-tendency-world-congress-demands-release-of-catalan-political-prisoners.htm\">ENGLISH<\/a>):<\/p>\n<\/section>\n<\/div>\n<\/blockquote>\n<section class=\"article-content\">El Congreso Mundial de 2018 de la Corriente Marxista Internacional considerando que:<\/p>\n<ul>\n<li>Hay nueve dirigentes pol\u00edticos y sociales catalanes que el Estado Espa\u00f1ol sigue manteniendo en prisi\u00f3n preventiva como castigo por el intento de ejercer el derecho democr\u00e1tico de autodeterminaci\u00f3n a trav\u00e9s del refer\u00e9ndum del 1 de octubre.<\/li>\n<li>Los dirigentes de la Asamblea Nacional Catalana, Jordi S\u00e1nchez, y del \u00d2mnium Cultural, Jordi Cuixart, han estado encarcelados desde el 16 de octubre, imputados por rebeli\u00f3n por su participaci\u00f3n en las protestas masivas contra la actuaci\u00f3n de la polic\u00eda espa\u00f1ola el 20 de setiembre.<\/li>\n<li>El vice-presidente catal\u00e1n Oriol Junqueras y el conseller Joaquim Forn fueron encarcelados el 2 de noviembre. Los consellers Ra\u00fcl Romeva, Dolors Bassa, Jordi Turull y Josep Rull fueron encarcelados el 23 de marzo junto con la presidenta del Parlament, Carme Forcadell. Tambi\u00e9n est\u00e1n acusados de rebeli\u00f3n por su participaci\u00f3n en la organizaci\u00f3n del refer\u00e9ndum democr\u00e1tico de independencia del 1 de octubre.<\/li>\n<li>Otros pol\u00edticos catalanes, incluyendo el president Carles Puigdemont han tenido que ir al exilio.<\/li>\n<li>Docenas de activistas republicanos catalanes han sido imputados por su participaci\u00f3n en las protestas de masas pac\u00edficas contra la represi\u00f3n policial y por la Rep\u00fablica Catalana, incluyendo las huelgas generales del 3 de octubre y del 8 de noviembre. Por lo menos uno de ellos ha tenido que pasar a la clandestinidad.<\/li>\n<\/ul>\n<p>Esta represi\u00f3n pone al descubierto el car\u00e1cter fundamentalmente anti-democr\u00e1tico del r\u00e9gimen espa\u00f1ol, heredado de la dictadura de Franco a trav\u00e9s de la traici\u00f3n de la llamada Transici\u00f3n, que asegur\u00f3 la impunidad de los cr\u00edmenes del viejo r\u00e9gimen, la continuaci\u00f3n, sin purga, de su aparato del Estado, la Monarqu\u00eda reaccionaria y la negaci\u00f3n del derecho democr\u00e1tico de autodeterminaci\u00f3n.<\/p>\n<p>Esta represi\u00f3n es parte de un ataque m\u00e1s general contra los derechos democr\u00e1ticos por parte del r\u00e9gimen espa\u00f1ol que se ha concretado en docenas de imputados por cr\u00edmenes de opini\u00f3n, cantantes de rap condenados a penas de c\u00e1rcel por las letras de sus canciones, j\u00f3venes vascos condenados a largas penas de c\u00e1rcel por una pelea de bar, titiriteros acusados de apolog\u00eda al terrorismo, un actor acusado de ofensas a Dios, etc.<\/p>\n<p>La lucha catalana por una Rep\u00fablica democr\u00e1tica ha revelado de manera clara que en Espa\u00f1a el ejercicio del derecho de autodeterminaci\u00f3n es una tarea revolucionaria. Tambi\u00e9n ha puesto al descubierto que los pol\u00edticos nacionalistas catalanes burgueses y peque\u00f1o burgueses que dirigieron el movimiento no quieren ni pueden usar los m\u00e9todos revolucionarios necesarios para llevarlo a la victoria. Tambi\u00e9n ha sacado a la luz la bancarrota de los dirigentes de la izquierda en Espa\u00f1a, que en el momento crucial retrocedieron a una postura burda de nacionalismo espa\u00f1ol en lugar de defender los derechos democr\u00e1ticos del pueblo catal\u00e1n.<\/p>\n<ul>\n<li>Exigimos la liberaci\u00f3n inmediata de los presos pol\u00edticos catalanes y de todos los dem\u00e1s encarcelados por sus opiniones pol\u00edticas en el Estado espa\u00f1ol. Exigimos la retirada de todos los cargos contra los que se han visto obligados a exiliarse. Exigimos la derogaci\u00f3n de la Ley Mordaza.<\/li>\n<li>Defendemos el derecho democr\u00e1tico de autodeterminaci\u00f3n del pueblo catal\u00e1n y de los dem\u00e1s pueblos del Estado espa\u00f1ol.<\/li>\n<li>Nos comprometemos a participar en la m\u00e1s amplia campa\u00f1a internacional de solidaridad con los perseguidos por el Estado espa\u00f1ol.<\/li>\n<li>La lucha por una Rep\u00fablica Catalana solo puede triunfar si se lleva adelante con medios revolucionarios, vinculando la lucha por los derechos democr\u00e1ticos a la lucha contra el capitalismo. Las Candidatures d&#8217;Unitat Popular (CUP) y los Comit\u00e9s de Defensa de la Rep\u00fablica deber\u00edan ponerse al frente de esta lucha.<\/li>\n<li>La lucha por los derechos democr\u00e1ticos de Catalunya pone en tela de juicio los cimientos del r\u00e9gimen espa\u00f1ol del 78. Los trabajadores de todo el Estado espa\u00f1ol deber\u00edan solidarizarse con esta como parte de su propia lucha contra el mismo r\u00e9gimen.<\/li>\n<\/ul>\n<p>Por una Rep\u00fablica Socialista Catalana. Por una Federaci\u00f3n Socialista Ib\u00e9rica de Pueblos Libres.<\/p>\n<\/section>\n","protected":false},"excerpt":{"rendered":"<p>El Congreso Mundial de la CMI, reunido en Italia a fines de julio, aprob\u00f3 una resoluci\u00f3n un\u00e1nime exigiendo la liberaci\u00f3n de los presos pol\u00edticos catalanes encarcelados por su participaci\u00f3n en la organizaci\u00f3n del refer\u00e9ndum de independencia del 1 de octubre de 2017. M\u00e1s de 370 delegados e invitados de todas partes el mundo (de Canad\u00e1 &hellip;<\/p>\n","protected":false},"author":1,"featured_media":6477,"comment_status":"open","ping_status":"open","sticky":false,"template":"","format":"standard","meta":{"footnotes":""},"categories":[4],"tags":[258,262,260,261,259],"post_format":[],"flags":[],"class_list":["post-6476","post","type-post","status-publish","format-standard","has-post-thumbnail","hentry","category-internacionales","tag-catalunya","tag-congreso-mundial-cmi-2018","tag-estado-espanol","tag-presos-politicos","tag-represion"],"jetpack_featured_media_url":"https:\/\/luchadeclases.com\/wp-content\/uploads\/2018\/08\/c14b3a9ba7ee7757e238c9132f985da2_w720_h500.jpg","_links":{"self":[{"href":"https:\/\/luchadeclases.com\/index.php?rest_route=\/wp\/v2\/posts\/6476","targetHints":{"allow":["GET"]}}],"collection":[{"href":"https:\/\/luchadeclases.com\/index.php?rest_route=\/wp\/v2\/posts"}],"about":[{"href":"https:\/\/luchadeclases.com\/index.php?rest_route=\/wp\/v2\/types\/post"}],"author":[{"embeddable":true,"href":"https:\/\/luchadeclases.com\/index.php?rest_route=\/wp\/v2\/users\/1"}],"replies":[{"embeddable":true,"href":"https:\/\/luchadeclases.com\/index.php?rest_route=%2Fwp%2Fv2%2Fcomments&post=6476"}],"version-history":[{"count":1,"href":"https:\/\/luchadeclases.com\/index.php?rest_route=\/wp\/v2\/posts\/6476\/revisions"}],"predecessor-version":[{"id":6478,"href":"https:\/\/luchadeclases.com\/index.php?rest_route=\/wp\/v2\/posts\/6476\/revisions\/6478"}],"wp:featuredmedia":[{"embeddable":true,"href":"https:\/\/luchadeclases.com\/index.php?rest_route=\/wp\/v2\/media\/6477"}],"wp:attachment":[{"href":"https:\/\/luchadeclases.com\/index.php?rest_route=%2Fwp%2Fv2%2Fmedia&parent=6476"}],"wp:term":[{"taxonomy":"category","embeddable":true,"href":"https:\/\/luchadeclases.com\/index.php?rest_route=%2Fwp%2Fv2%2Fcategories&post=6476"},{"taxonomy":"post_tag","embeddable":true,"href":"https:\/\/luchadeclases.com\/index.php?rest_route=%2Fwp%2Fv2%2Ftags&post=6476"},{"taxonomy":"post_format","embeddable":true,"href":"https:\/\/luchadeclases.com\/index.php?rest_route=%2Fwp%2Fv2%2Fpost_format&post=6476"},{"taxonomy":"flags","embeddable":true,"href":"https:\/\/luchadeclases.com\/index.php?rest_route=%2Fwp%2Fv2%2Fflags&post=6476"}],"curies":[{"name":"wp","href":"https:\/\/api.w.org\/{rel}","templated":true}]}}