{"id":6947,"date":"2019-01-17T16:20:45","date_gmt":"2019-01-17T20:50:45","guid":{"rendered":"https:\/\/luchadeclases.org.ve\/?p=6947"},"modified":"2019-01-17T18:42:32","modified_gmt":"2019-01-17T23:12:32","slug":"en-memoria-de-alberto-arregui-una-perdida-tragica","status":"publish","type":"post","link":"https:\/\/luchadeclases.com\/?p=6947","title":{"rendered":"En memoria de Alberto Arregui: una p\u00e9rdida tr\u00e1gica"},"content":{"rendered":"\n<p>Fue la noticia m\u00e1s inesperada e impactante que pod\u00eda esperar, algo completamente inimaginable. Ayer por la ma\u00f1ana, en medio de una reuni\u00f3n sobre la crisis del Br\u00e9xit, nos enteramos de la muerte repentina de un querido compa\u00f1ero y amigo, Alberto Arregui.<\/p>\n\n\n\n<p><strong>[<a href=\"http:\/\/www.luchadeclases.org\/comunicados\/2944-en-memoria-de-alberto-arregui-una-perdida-tragica.html\">FUENTE ORIGINAL<\/a>]<\/strong><\/p>\n\n\n\n<p>El impacto fue a\u00fan mayor, porque Ana y yo hab\u00edamos estado con \u00e9l solo un par de semanas antes. Alberto y su compa\u00f1era de toda la vida, Blanca, nos hab\u00edan invitado a cenar. Sali\u00f3 de la cocina, donde hab\u00eda estado trabajando durante muchas horas, preparando una comida deliciosa, con una sonrisa amplia y llena de vida, como siempre. Siempre lo recordar\u00e9 as\u00ed.<\/p>\n\n\n\n<p>Alberto Arregui \u00c1lava naci\u00f3 el 20 de agosto de 1954 en Tudela, Navarra, y estudi\u00f3 en la escuela de los jesuitas de Tudela. M\u00e1s tarde comenz\u00f3 a estudiar derecho en Pamplona, pero sus estudios se vieron interrumpidos cuando decidi\u00f3 dedicarse a la lucha por la emancipaci\u00f3n de la clase obrera.<\/p>\n\n\n\n<p>\u00c9l podr\u00eda haber elegido otro curso. Proveniente de una familia de clase media relativamente pr\u00f3spera, podr\u00eda haber logrado una carrera f\u00e1cil y lucrativa como abogado o como pol\u00edtico exitoso. Pero desde temprana edad, decidi\u00f3 embarcarse en otro camino, un camino dif\u00edcil, lleno de dificultades y peligros. Permaneci\u00f3 fiel a ese curso consistentemente por el resto de su vida.Conoc\u00ed a Alberto durante la lucha clandestina contra la dictadura de Franco en los a\u00f1os setenta. Entonces se lo conoc\u00eda por su nombre de partido, Manu, y muchos de nosotros todav\u00eda lo llam\u00e1bamos por ese nombre. Los viejos h\u00e1bitos tardan en morir.<\/p>\n\n\n\n<p>Jug\u00f3 un papel importante en el trabajo de brindar asesor\u00eda legal a trabajadores y sindicalistas como estudiante de derecho. En condiciones de ilegalidad, en las cuales los sindicatos libres no estaban permitidos, esta era una tarea dif\u00edcil, pero la abord\u00f3 con su entusiasmo y esp\u00edritu habituales, y particip\u00f3 activamente en la gran huelga de la mina de Potasas en Navarra en 1973. Mi primer encuentro con \u00e9l fue tres a\u00f1os despu\u00e9s en Madrid. Me mud\u00e9 a Madrid para vivir clandestinamente a principios de enero de 1976 y fui responsable de establecer la secci\u00f3n espa\u00f1ola de la Internacional Marxista. En ese momento \u00e9l era un miembro activo del Partido Socialista (PSOE) y de las Juventudes Socialistas de Navarra.<\/p>\n\n\n\n<p>Recuerdo nuestra primera conversaci\u00f3n como si fuera ayer. Inmediatamente me llam\u00f3 la atenci\u00f3n como un joven extremadamente inteligente y capaz. La conversaci\u00f3n gir\u00f3 en torno al tema del movimiento carlista, que todav\u00eda era fuerte en Navarra en ese momento. Recuerdo que se sorprendi\u00f3 de que una persona brit\u00e1nica estuviera tan familiarizada con esa cuesti\u00f3n. En a\u00f1os posteriores, a menudo me recordaba esa conversaci\u00f3n, que fue el comienzo de una larga y fruct\u00edfera colaboraci\u00f3n.<\/p>\n\n\n\n<p>Desde ese momento, descubrimos que est\u00e1bamos en un terreno com\u00fan. Se uni\u00f3 a la tendencia marxista y desempe\u00f1\u00f3 un papel extremadamente importante en el desarrollo de nuestro trabajo, no s\u00f3lo en Navarra, sino en todo el Estado espa\u00f1ol. Puedo decir lo siguiente. En la organizaci\u00f3n espa\u00f1ola hab\u00eda muchos compa\u00f1eros talentosos y capaces, pero Alberto Arregui estaba, m\u00e1s all\u00e1 de la sombra de una duda, cabeza y hombros por encima del resto.<\/p>\n\n\n\n<p>Establecimos una revista llamada&nbsp;<em>Nuevo Claridad<\/em>. Yo era el editor pol\u00edtico, y resid\u00eda en Madrid, y siempre esperaba ansiosamente recibir art\u00edculos del camarada Manu. Era un excelente escritor y orador. Otros compa\u00f1eros eran capaces de escribir buenos art\u00edculos con ideas pol\u00edticas correctas, pero sus art\u00edculos, adem\u00e1s de un alto nivel pol\u00edtico, estaban escritos en un estilo literario muy fino. Ten\u00edan una especie de brillo, y tambi\u00e9n un sentido del humor, que los distingu\u00eda como algo muy especial.<\/p>\n\n\n\n<figure class=\"wp-block-image\"><img decoding=\"async\" src=\"https:\/\/www.marxist.com\/images\/cache\/7eeab57fa39553020c72b088657cb10a_w676_h168.jpg\" alt=\"cabecera nc\"\/><\/figure>\n\n\n\n<p>Sus habilidades para hablar eran muy claras hasta el final en sus intervenciones extraordinarias en reuniones y conferencias de Izquierda Unida. En la reuni\u00f3n final en su casa justo antes de Navidad, nos mostr\u00f3 a Ana y a m\u00ed un video de sus intervenciones en una conferencia reciente de esa organizaci\u00f3n, que claramente tuvo un impacto considerable en los delegados. Sus discursos siempre ten\u00edan ese efecto.<\/p>\n\n\n\n<p>Siempre tuvo una actitud sana y abierta hacia la vida y un buen sentido del humor.<\/p>\n\n\n\n<p>Sin embargo, ten\u00eda m\u00e1s razones que la mayor\u00eda para quejarse. Desde muy temprana edad, Alberto tuvo que luchar con una seria discapacidad. Cuando a\u00fan era un ni\u00f1o, perdi\u00f3 su pierna izquierda en un accidente ferroviario. Como resultado, a menudo ten\u00eda dolores y malestar f\u00edsico. Pero \u00e9l nunca permiti\u00f3 que esto se mostrara. Nunca dej\u00f3 que esto arruinara su vida o interfiriera con sus pasatiempos favoritos, que inclu\u00edan la caza y la recolecci\u00f3n de setas, un \u00e1rea en la que era especialmente h\u00e1bil.<\/p>\n\n\n\n<p>Aparte de una leve cojera, uno nunca adivinar\u00eda que ten\u00eda tal problema. Solo me enter\u00e9 del asunto de su pierna por accidente en marzo de 1976, y fue un accidente muy afortunado para todos los involucrados. En el momento de la huelga general en Vitoria, decidimos llevar una multicopista a la UGT de esa ciudad, donde nuestra tendencia ten\u00eda una influencia decisiva. Este era un asunto arriesgado, ya que toda la ciudad estaba ocupada por polic\u00edas armados. Y casi nos metimos en serios problemas.<\/p>\n\n\n\n<p>Ser atrapado en una manifestaci\u00f3n era un delito; ser atrapado llevando literatura de izquierda era a\u00fan m\u00e1s serio; pero ser atrapado transportando una imprenta ilegal era otra cosa. La multicopista se coloc\u00f3 frente al asiento del pasajero donde estaba sentado Manu. Estaba cubierta con una manta. Para hacerlo un poco menos inc\u00f3modo, se quit\u00f3 la pierna artificial (que parec\u00eda muy realista) y la coloc\u00f3 sobre la manta.<\/p>\n\n\n\n<p>Llegamos a las afueras de Vitoria a primeras horas de la ma\u00f1ana. E inmediatamente nos detuvo la polic\u00eda. Pens\u00e9 que nuestra \u00faltima hora hab\u00eda llegado cuando el polic\u00eda mir\u00f3 dentro del auto y estaba mirando el lugar donde la imprenta estaba escondida debajo de la manta. \u00ab\u00bfDe d\u00f3nde hab\u00e9is venido?\u00bb, pregunt\u00f3. \u00abDesde Madrid\u00bb, respondi\u00f3 el conductor. En ese momento, el polic\u00eda at\u00f3nito not\u00f3 la pierna artificial. Y s\u00f3lo agit\u00f3 su mano y dijo: \u00abContin\u00faen\u00bb, as\u00ed lo hicimos.<\/p>\n\n\n\n<p>El crecimiento de la corriente marxista fue tal que la burocracia del PSOE, de la UGT y de las Juventudes Socialistas comenzaron una caza de brujas, claramente dirigida contra nuestra tendencia. Felipe Gonz\u00e1lez y los dem\u00e1s l\u00edderes del Partido recib\u00edan en secreto grandes cantidades de dinero de la socialdemocracia alemana. Estos subsidios ten\u00edan un precio, y el precio era que los socialistas espa\u00f1oles deb\u00edan abandonar el marxismo y expulsar a la tendencia marxista.<\/p>\n\n\n\n<p>La ola de expulsiones que sigui\u00f3 condujo a la completa destrucci\u00f3n de las Juventudes Socialistas, que era nuestro principal campo de trabajo. Los bur\u00f3cratas de las Juventudes Socialistas, siguiendo las \u00f3rdenes de los l\u00edderes del Partido, convocaron asambleas de la organizaci\u00f3n en todas las regiones y plantearon un ultim\u00e1tum: a favor o en contra de la direcci\u00f3n. En pr\u00e1cticamente todos los casos, los j\u00f3venes socialistas se negaban, ante lo cual el bur\u00f3crata anunciaba: \u00ab\u00a1Esta Federaci\u00f3n est\u00e1 disuelta!\u00bb<\/p>\n\n\n\n<p>En Navarra, hubo tal alboroto que en un momento parec\u00eda que los bur\u00f3cratas iban a recibir una respuesta muy \u00e1spera. Solo fueron salvados por la intervenci\u00f3n de nuestros compa\u00f1eros, quienes evitaron actos de violencia f\u00edsica. Pero cuando el secretario general de las JS, cuyo nombre era Miguel \u00c1ngel Pino, sal\u00eda por la puerta, fue seguido por una multitud de j\u00f3venes socialistas burlones, que gritaban: \u00ab\u00a1Pino, Pino, Pinochet!\u00bb<\/p>\n\n\n\n<p>Manu fue expulsado, junto con los otros compa\u00f1eros de la corriente marxista, en 1977. Pero estas represalias burocr\u00e1ticas no detuvieron el desarrollo de la tendencia marxista, que continu\u00f3 luchando obstinadamente por las ideas del marxismo. Poco despu\u00e9s, Alberto dej\u00f3 Pamplona para vivir en Madrid con su camarada y esposa Blanca.<\/p>\n\n\n\n<p>Recuerdo que la \u00fanica condici\u00f3n que plante\u00f3 para mudarse a Madrid fue que cada a\u00f1o se le permitiera ir a Pamplona a las fiestas de San Ferm\u00edn, donde se pondr\u00eda su pa\u00f1uelo rojo y su ropa blanca para unirse a la fiesta. Hicimos todo lo posible para convencer a los camaradas que no participaran en la carrera tradicional (carreras frente a los toros), pero no s\u00e9 qu\u00e9 efecto tuvieron nuestras advertencias&#8230;<\/p>\n\n\n\n<p>Alberto y yo colaboramos muy bien juntos, hasta que me vi obligado a regresar a Gran Breta\u00f1a por razones de salud en 1983. Despu\u00e9s de mi partida, hubo algunos conflictos entre los camaradas principales de la secci\u00f3n, lo que finalmente llev\u00f3 a una divisi\u00f3n muy desafortunada. Esto signific\u00f3 que durante algunos a\u00f1os perd\u00ed contacto con Alberto, quien, sin embargo, continu\u00f3 trabajando pacientemente en Izquierda Unida. Junto con un grupo de compa\u00f1eros leales, en particular, Jes\u00fas P\u00e9rez y Jordi Escuer, organiz\u00f3 la corriente de Nuevo Claridad en IU, que logr\u00f3 ganar importantes puntos de apoyo. Posteriormente lanzaron el actual Manifiesto por el Socialismo.<\/p>\n\n\n\n<p>A trav\u00e9s de su trabajo incansable y la defensa constante de las ideas marxistas, fue elegido para los \u00f3rganos principales de Izquierda Unida, donde ocup\u00f3 la posici\u00f3n del ala de extrema izquierda. Nunca temi\u00f3 estar en minor\u00eda, fue un firme defensor del derecho de autodeterminaci\u00f3n de Catalunya, una posici\u00f3n que lo puso en conflicto con Alberto Garz\u00f3n y los dem\u00e1s l\u00edderes del partido, pero \u00e9sta fue una de las razones principales que nos llevaron a juntarnos otra vez.<\/p>\n\n\n\n<p>Sobre la cuesti\u00f3n catalana, y sobre muchos otros temas, ten\u00edamos un acuerdo pol\u00edtico completo. Esta fue la base sobre la cual restablecimos el contacto pol\u00edtico y personal. Es en condiciones dif\u00edciles cuando se pone a prueba el valor de la solidaridad pol\u00edtica, e incluso de la amistad personal. Desde ese punto de vista, la defensa de la autodeterminaci\u00f3n catalana proporcion\u00f3 un papel de tornasol infalible.<\/p>\n\n\n\n<p>Nos impresion\u00f3 mucho la l\u00ednea adoptada por Alberto y la tendencia de Manifiesto por el Socialismo sobre la cuesti\u00f3n catalana. Entramos en discusiones, que estaban progresando muy bien, y sirvieron para demostrar que, independientemente de las diferencias pasadas, hab\u00eda un acuerdo completo sobre la mayor\u00eda, si no todas, las cuestiones fundamentales. Este fue un asunto de gran satisfacci\u00f3n para todos los camaradas de la CMI.<\/p>\n\n\n\n<figure><iframe width=\"560\" height=\"315\" src=\"https:\/\/www.youtube.com\/embed\/ZBWm1HUZVrw\" allowfullscreen=\"allowfullscreen\"><\/iframe><\/figure>\n\n\n\n<p>Para Ana y para m\u00ed, era mucho m\u00e1s que una cuesti\u00f3n pol\u00edtica. Siempre hab\u00edamos tenido una estrecha amistad personal con Alberto, que se remonta a 1976. Esos v\u00ednculos de amistad se reunieron en el transcurso del \u00faltimo per\u00edodo, y esto es algo que hemos atesorado, incluso por encima de cuestiones de solidaridad pol\u00edtica.<\/p>\n\n\n\n<p>Nuestra colaboraci\u00f3n se profundiz\u00f3 con la publicaci\u00f3n de la biograf\u00eda de Stalin de Trotsky, que Alberto apreciaba mucho. Lo invitamos a hablar en la mesa de debate cuando presentamos el libro en Madrid, una invitaci\u00f3n que acept\u00f3 sin dudarlo. Eso fue el 27 de noviembre de 2017. Y la colaboraci\u00f3n pol\u00edtica continu\u00f3 profundiz\u00e1ndose posteriormente.rano pasado, cuando Alberto Garz\u00f3n public\u00f3 un art\u00edculo que atacaba los supuestos filos\u00f3ficos b\u00e1sicos del marxismo, Manu me pregunt\u00f3 si estaba dispuesto a colaborar en una respuesta conjunta. Acept\u00e9 con gusto, y de inmediato me puse a trabajar. El resultado final fue una&nbsp;<a href=\"http:\/\/luchadeclases.org\/teoria\/38-en-defensa-del-marxismo\/2834-marx-los-ratones-y-alberto-garzon.html\">respuesta te\u00f3rica<\/a>&nbsp;bastante larga, respondiendo a las tesis de Garz\u00f3n, punto por punto. Fue publicado en Cuarto Poder, Rebeli\u00f3n y otros foros de izquierda en Espa\u00f1a, y creo que en general fue bien recibido.<\/p>\n\n\n\n<figure><iframe width=\"560\" height=\"315\" src=\"https:\/\/www.youtube.com\/embed\/TjnTk4x5Qhc\" allowfullscreen=\"allowfullscreen\"><\/iframe><\/figure>\n\n\n\n<p>El propio Alberto estaba muy satisfecho con esta colaboraci\u00f3n, y en diciembre propuso que deber\u00edamos considerar la posibilidad de producir material te\u00f3rico conjunto en el futuro. Pens\u00e9 que era una excelente propuesta, que deb\u00edamos poner en pr\u00e1ctica decididamente. Nunca pens\u00e9 que nuestra colaboraci\u00f3n se detendr\u00eda de una manera tan repentina y cruel.<\/p>\n\n\n\n<p>Muchas veces hab\u00edamos invitado a Alberto y Blanca a Londres, pero siempre se lo imped\u00edan las presiones del trabajo. Pero esta vez nos encant\u00f3 descubrir que planeaban visitarnos esta Semana Santa, junto con su hijo Jaime, que muestra un gran inter\u00e9s por la pol\u00edtica, en particular sobre Irlanda y las ideas del gran marxista irland\u00e9s James Connolly.<\/p>\n\n\n\n<p>Aparte de la pol\u00edtica, una de las grandes pasiones de la vida de Alberto fue cocinar y recolectar setas, un tema sobre el que ha escrito un libro. Era un maestro del arte culinario, que se tomaba muchas molestias para producir las comidas m\u00e1s exquisitas. Ana y yo nos pregunt\u00e1bamos c\u00f3mo podr\u00edamos ofrecer una recepci\u00f3n comparable en Londres. De hecho, est\u00e1bamos hablando de esto el otro d\u00eda. Luego llegaron las noticias de la muerte de Alberto.<\/p>\n\n\n\n<p>Uno puede hacer todos los planes en el mundo, pero en \u00faltima instancia, nada en esta vida es seguro. Qu\u00e9 fr\u00e1gil es la flor de la vida humana, y con qu\u00e9 facilidad se extingue la luz&#8230;<\/p>\n\n\n\n<p>Pero al escribir sobre la vida de Alberto Arregui, no deseo hablar sobre la muerte. Eso no ser\u00eda hacer justicia al hombre, qui\u00e9n era y qu\u00e9 representaba. Alberto era un hombre que amaba la vida en toda su maravillosa diversidad, con todas sus contradicciones y complejidades. Era lo opuesto a la imagen de caricatura que trata de representar a los marxistas revolucionarios como personas estrechas, secas y sin humor.<\/p>\n\n\n\n<p>Cuando pienso en Alberto, siempre recuerdo la famosa cita del poeta romano Terencio, palabras que a Karl Marx le gustaba aplicar a s\u00ed mismo: \u00abHomo sum, humani nihil a me alienum puto\u00bb: \u00abSoy humano y nada humano me es ajeno\u00bb.<\/p>\n\n\n\n<p>En una palabra, Alberto Arregui fue un gran hombre en todos los aspectos, y su muerte ha robado al movimiento a uno de sus l\u00edderes m\u00e1s destacados. Dejar\u00e1 un gran hueco, que ser\u00e1 dif\u00edcil de llenar.<\/p>\n\n\n\n<p>Ha llegado el momento de decir adi\u00f3s a un querido amigo y compa\u00f1ero.<\/p>\n\n\n\n<p>Adi\u00f3s, Alberto. Nunca te olvidaremos.<\/p>\n\n\n\n<p>Enviamos nuestras m\u00e1s sinceras condolencias a Blanca, Nerea y Jaime, a Jes\u00fas y Jordi, y a todos los familiares, amigos y compa\u00f1eros de Alberto.<\/p>\n\n\n\n<p>Alan Woods, en nombre de todos los miembros de la Corriente Marxista Internacional.<\/p>\n\n\n\n<p>Londres, 16 de enero de 2019.<\/p>\n","protected":false},"excerpt":{"rendered":"<p>Fue la noticia m\u00e1s inesperada e impactante que pod\u00eda esperar, algo completamente inimaginable. Ayer por la ma\u00f1ana, en medio de una reuni\u00f3n sobre la crisis del Br\u00e9xit, nos enteramos de la muerte repentina de un querido compa\u00f1ero y amigo, Alberto Arregui. [FUENTE ORIGINAL] El impacto fue a\u00fan mayor, porque Ana y yo hab\u00edamos estado con &hellip;<\/p>\n","protected":false},"author":1,"featured_media":6948,"comment_status":"open","ping_status":"open","sticky":true,"template":"","format":"standard","meta":{"footnotes":""},"categories":[5],"tags":[],"post_format":[],"flags":[],"class_list":["post-6947","post","type-post","status-publish","format-standard","has-post-thumbnail","hentry","category-editorial"],"jetpack_featured_media_url":"https:\/\/luchadeclases.com\/wp-content\/uploads\/2019\/01\/d807ac9009c4c92dd8427c4f4605ae47_w700_h500.jpg","_links":{"self":[{"href":"https:\/\/luchadeclases.com\/index.php?rest_route=\/wp\/v2\/posts\/6947","targetHints":{"allow":["GET"]}}],"collection":[{"href":"https:\/\/luchadeclases.com\/index.php?rest_route=\/wp\/v2\/posts"}],"about":[{"href":"https:\/\/luchadeclases.com\/index.php?rest_route=\/wp\/v2\/types\/post"}],"author":[{"embeddable":true,"href":"https:\/\/luchadeclases.com\/index.php?rest_route=\/wp\/v2\/users\/1"}],"replies":[{"embeddable":true,"href":"https:\/\/luchadeclases.com\/index.php?rest_route=%2Fwp%2Fv2%2Fcomments&post=6947"}],"version-history":[{"count":1,"href":"https:\/\/luchadeclases.com\/index.php?rest_route=\/wp\/v2\/posts\/6947\/revisions"}],"predecessor-version":[{"id":6949,"href":"https:\/\/luchadeclases.com\/index.php?rest_route=\/wp\/v2\/posts\/6947\/revisions\/6949"}],"wp:featuredmedia":[{"embeddable":true,"href":"https:\/\/luchadeclases.com\/index.php?rest_route=\/wp\/v2\/media\/6948"}],"wp:attachment":[{"href":"https:\/\/luchadeclases.com\/index.php?rest_route=%2Fwp%2Fv2%2Fmedia&parent=6947"}],"wp:term":[{"taxonomy":"category","embeddable":true,"href":"https:\/\/luchadeclases.com\/index.php?rest_route=%2Fwp%2Fv2%2Fcategories&post=6947"},{"taxonomy":"post_tag","embeddable":true,"href":"https:\/\/luchadeclases.com\/index.php?rest_route=%2Fwp%2Fv2%2Ftags&post=6947"},{"taxonomy":"post_format","embeddable":true,"href":"https:\/\/luchadeclases.com\/index.php?rest_route=%2Fwp%2Fv2%2Fpost_format&post=6947"},{"taxonomy":"flags","embeddable":true,"href":"https:\/\/luchadeclases.com\/index.php?rest_route=%2Fwp%2Fv2%2Fflags&post=6947"}],"curies":[{"name":"wp","href":"https:\/\/api.w.org\/{rel}","templated":true}]}}