{"id":8519,"date":"2020-07-25T12:51:06","date_gmt":"2020-07-25T17:21:06","guid":{"rendered":"https:\/\/luchadeclases.org.ve\/?p=8519"},"modified":"2020-07-25T12:51:11","modified_gmt":"2020-07-25T17:21:11","slug":"comunicado-de-lucha-de-clases-sobre-el-desalojo-de-las-residencias-estudiantiles-livia-gouverneur","status":"publish","type":"post","link":"https:\/\/luchadeclases.com\/?p=8519","title":{"rendered":"Comunicado de Lucha de Clases sobre el desalojo de las Residencias Estudiantiles Livia Gouverneur"},"content":{"rendered":"\n<p>Desde Lucha de Clases -Corriente Marxista Internacional, rechazamos el desalojo de los estudiantes que hac\u00edan vida en las Residencias Estudiantiles Livia Gouverneur, as\u00ed como la detenci\u00f3n arbitraria de compa\u00f1eros de diversas organizaciones y movimientos sociales que se solidarizaron acudiendo al lugar, por parte de funcionarios de la Polic\u00eda Nacional Bolivariana y una comisi\u00f3n de la Juventud del Partido Socialista Unido de Venezuela. <\/p>\n\n\n\n<p>Exigimos la liberaci\u00f3n inmediata de los compa\u00f1eros detenidos, as\u00ed como la reversi\u00f3n de la medida de desalojo tomada en detrimento de los estudiantes. Si bien, las medidas de prevenci\u00f3n log\u00edsticas para atender los crecientes casos de Covid-19 en el pa\u00eds son necesarias, estas no pueden ser acometidas pasando por encima de los derechos fundamentales de los estudiantes, trabajadores, campesinos y sectores populares. <\/p>\n\n\n\n<p>Nos parece sumamente contradictorio que se desalojen estudiantes que portan coronavirus, alegando destinar estos espacios para alojar personas infectadas con la misma enfermedad. Asimismo, repudiamos las viles acusaciones de \u00abbio-terrorismo\u00bb esgrimidas contra los compa\u00f1eros estudiantes, para justificar lo injustificable.<\/p>\n\n\n\n<p>Con estas acciones, se vuelve a poner de manifiesto el car\u00e1cter altamente represivo del Estado burgu\u00e9s venezolano, en el marco del recrudecimiento de la orientaci\u00f3n gubernamental para dirimir luchas sociales de diversa naturaleza, mediante el empleo de la llamada \u00abfuerza p\u00fablica\u00bb. Los atropellos se\u00f1alados se realizaron mientras se desarrollaba una mesa de dialogo. <\/p>\n\n\n\n<p>Llamamos a la solidaridad de toda la izquierda y diversos sectores en lucha contra este nuevo atropello estatal.<\/p>\n","protected":false},"excerpt":{"rendered":"<p>Desde Lucha de Clases -Corriente Marxista Internacional, rechazamos el desalojo de los estudiantes que hac\u00edan vida en las Residencias Estudiantiles Livia Gouverneur, as\u00ed como la detenci\u00f3n arbitraria de compa\u00f1eros de diversas organizaciones y movimientos sociales que se solidarizaron acudiendo al lugar, por parte de funcionarios de la Polic\u00eda Nacional Bolivariana y una comisi\u00f3n de la Juventud del Partido Socialista Unido de Venezuela. <\/p>\n","protected":false},"author":5,"featured_media":8520,"comment_status":"open","ping_status":"open","sticky":false,"template":"","format":"standard","meta":{"footnotes":""},"categories":[374,2],"tags":[427,498],"post_format":[],"flags":[],"class_list":["post-8519","post","type-post","status-publish","format-standard","has-post-thumbnail","hentry","category-declaracion","category-venezuela","tag-lucha-estudiantil","tag-residencias-estudiantiles-livia-gouverneur"],"jetpack_featured_media_url":"https:\/\/luchadeclases.com\/wp-content\/uploads\/2020\/07\/Screenshot_2020-07-23-06-56-24-1.png","_links":{"self":[{"href":"https:\/\/luchadeclases.com\/index.php?rest_route=\/wp\/v2\/posts\/8519","targetHints":{"allow":["GET"]}}],"collection":[{"href":"https:\/\/luchadeclases.com\/index.php?rest_route=\/wp\/v2\/posts"}],"about":[{"href":"https:\/\/luchadeclases.com\/index.php?rest_route=\/wp\/v2\/types\/post"}],"author":[{"embeddable":true,"href":"https:\/\/luchadeclases.com\/index.php?rest_route=\/wp\/v2\/users\/5"}],"replies":[{"embeddable":true,"href":"https:\/\/luchadeclases.com\/index.php?rest_route=%2Fwp%2Fv2%2Fcomments&post=8519"}],"version-history":[{"count":2,"href":"https:\/\/luchadeclases.com\/index.php?rest_route=\/wp\/v2\/posts\/8519\/revisions"}],"predecessor-version":[{"id":8522,"href":"https:\/\/luchadeclases.com\/index.php?rest_route=\/wp\/v2\/posts\/8519\/revisions\/8522"}],"wp:featuredmedia":[{"embeddable":true,"href":"https:\/\/luchadeclases.com\/index.php?rest_route=\/wp\/v2\/media\/8520"}],"wp:attachment":[{"href":"https:\/\/luchadeclases.com\/index.php?rest_route=%2Fwp%2Fv2%2Fmedia&parent=8519"}],"wp:term":[{"taxonomy":"category","embeddable":true,"href":"https:\/\/luchadeclases.com\/index.php?rest_route=%2Fwp%2Fv2%2Fcategories&post=8519"},{"taxonomy":"post_tag","embeddable":true,"href":"https:\/\/luchadeclases.com\/index.php?rest_route=%2Fwp%2Fv2%2Ftags&post=8519"},{"taxonomy":"post_format","embeddable":true,"href":"https:\/\/luchadeclases.com\/index.php?rest_route=%2Fwp%2Fv2%2Fpost_format&post=8519"},{"taxonomy":"flags","embeddable":true,"href":"https:\/\/luchadeclases.com\/index.php?rest_route=%2Fwp%2Fv2%2Fflags&post=8519"}],"curies":[{"name":"wp","href":"https:\/\/api.w.org\/{rel}","templated":true}]}}