{"id":864,"date":"2004-10-30T00:00:00","date_gmt":"2004-10-30T00:00:00","guid":{"rendered":"https:\/\/luchadeclases.org.ve\/wp_temp\/?p=864"},"modified":"2004-10-30T00:00:00","modified_gmt":"2004-10-30T00:00:00","slug":"plan-repca-listo-para-atender-cualquier-irregularidad","status":"publish","type":"post","link":"https:\/\/luchadeclases.com\/?p=864","title":{"rendered":"Plan Rep\u00fablica listo para atender cualquier irregularidad"},"content":{"rendered":"<p>El Plan Rep\u00fablica est\u00e1 preparado para atender cualquier irregularidad que se pueda presentar durante el proceso comicial de este domingo 31, reiter\u00f3 este s\u00e1bado el Comandante del Comando Unificado de la Fuerza Armada Nacional (Cufan), G\/D (Ej.) Julio <!--more--> El Plan Rep\u00fablica est\u00e1 preparado para atender cualquier irregularidad que se pueda presentar durante el proceso comicial de este domingo 31, reiter\u00f3 este s\u00e1bado el Comandante del Comando Unificado de la Fuerza Armada Nacional (Cufan), G\/D (Ej.) Julio Quintero Viloria. <\/p>\n<p>Tras recordar que el Plan Rep\u00fablica se encuentra desplegado desde el pasado mi\u00e9rcoles en todo el pa\u00eds, sostuvo el general Viloria que &quot;hasta ahora no se ha presentado irregularidad alguna&quot;. <\/p>\n<p>En la actualidad estamos apoyando al Consejo Nacional Electoral (CNE), en la organizaci\u00f3n e instalaci\u00f3n de las mesas, entreg\u00e1ndoles los materiales a los miembros de mesas, para su conformaci\u00f3n. <\/p>\n<p>En esta oportunidad participar\u00e1n 40 mil efectivos, adem\u00e1s del apoyo que brindan los organismos de seguridad del Estado, como la DIM, Disip, Tr\u00e1nsito Terrestre y los cuerpos policiales, que &quot;los comandantes de guarnici\u00f3n determinar\u00e1n si requieren de su colaboraci\u00f3n para efectuar los patrullajes mixtos que garanticen la tranquilidad de la ciudadan\u00eda&quot;. <\/p>\n<p>El aumento en el n\u00famero de efectivos dispuestos para esta jornada, en comparaci\u00f3n con los que intervinieron durante el refer\u00e9ndum del pasado 15 de agosto, explic\u00f3 que esto se decidi\u00f3 &quot;considerando que los centros de votaci\u00f3n aumentaron en 574, al tiempo que se incrementaron los n\u00fameros de mesas y m\u00e1quinas por cada centro de votaci\u00f3n&quot;. <\/p>\n<p>Quintero Viloria inform\u00f3 que este s\u00e1bado se incorporaron 6 mil efectivos de la Reserva, quienes &quot;van a complementar el n\u00famero de funcionarios por cada centro electoral, con la finalidad que por cada uno exista al menos 10 militares, que tendr\u00e1n la responsabilidad de custodiar el material, as\u00ed como al personal de las mesas y a los electores en las colas&quot;. <\/p>\n<p>El Plan Rep\u00fablica no se limitar\u00e1 a la custodia y resguardo de los centros de votaci\u00f3n, sino que tambi\u00e9n estar\u00e1n desplegados en Embajadas, y en los distintos medios de comunicaci\u00f3n social del pa\u00eds, donde estaremos presentes desde primeras horas de la ma\u00f1ana de este domingo, as\u00ed como a las misiones que adelanta el Gobierno Nacional, para que no detengan su actividad. <\/p>\n<p>&quot;Hemos recibido las resoluciones de los ministerios competentes para tomar medidas en relaci\u00f3n con la provisi\u00f3n de licores, el cierre de fronteras y aeropuertos, entre otras medidas, y en este sentido, el Plan Rep\u00fablica se encarga de vigilar que esto se cumpla&quot;, subray\u00f3.<\/p>\n","protected":false},"excerpt":{"rendered":"<p>El Plan Rep\u00fablica est\u00e1 preparado para atender cualquier irregularidad que se pueda presentar durante el proceso comicial de este domingo 31, reiter\u00f3 este s\u00e1bado el Comandante del Comando Unificado de la Fuerza Armada Nacional (Cufan), G\/D (Ej.) Julio<\/p>\n","protected":false},"author":1,"featured_media":0,"comment_status":"open","ping_status":"open","sticky":false,"template":"","format":"standard","meta":{"footnotes":""},"categories":[33],"tags":[],"post_format":[],"flags":[],"class_list":["post-864","post","type-post","status-publish","format-standard","hentry","category-reportes"],"jetpack_featured_media_url":"","_links":{"self":[{"href":"https:\/\/luchadeclases.com\/index.php?rest_route=\/wp\/v2\/posts\/864","targetHints":{"allow":["GET"]}}],"collection":[{"href":"https:\/\/luchadeclases.com\/index.php?rest_route=\/wp\/v2\/posts"}],"about":[{"href":"https:\/\/luchadeclases.com\/index.php?rest_route=\/wp\/v2\/types\/post"}],"author":[{"embeddable":true,"href":"https:\/\/luchadeclases.com\/index.php?rest_route=\/wp\/v2\/users\/1"}],"replies":[{"embeddable":true,"href":"https:\/\/luchadeclases.com\/index.php?rest_route=%2Fwp%2Fv2%2Fcomments&post=864"}],"version-history":[{"count":0,"href":"https:\/\/luchadeclases.com\/index.php?rest_route=\/wp\/v2\/posts\/864\/revisions"}],"wp:attachment":[{"href":"https:\/\/luchadeclases.com\/index.php?rest_route=%2Fwp%2Fv2%2Fmedia&parent=864"}],"wp:term":[{"taxonomy":"category","embeddable":true,"href":"https:\/\/luchadeclases.com\/index.php?rest_route=%2Fwp%2Fv2%2Fcategories&post=864"},{"taxonomy":"post_tag","embeddable":true,"href":"https:\/\/luchadeclases.com\/index.php?rest_route=%2Fwp%2Fv2%2Ftags&post=864"},{"taxonomy":"post_format","embeddable":true,"href":"https:\/\/luchadeclases.com\/index.php?rest_route=%2Fwp%2Fv2%2Fpost_format&post=864"},{"taxonomy":"flags","embeddable":true,"href":"https:\/\/luchadeclases.com\/index.php?rest_route=%2Fwp%2Fv2%2Fflags&post=864"}],"curies":[{"name":"wp","href":"https:\/\/api.w.org\/{rel}","templated":true}]}}