{"id":8894,"date":"2020-09-29T12:21:56","date_gmt":"2020-09-29T16:51:56","guid":{"rendered":"https:\/\/luchadeclases.org.ve\/?p=8894"},"modified":"2020-09-29T12:22:04","modified_gmt":"2020-09-29T16:52:04","slug":"de-chavistas-declarados-a-neoliberales-inconfesos","status":"publish","type":"post","link":"https:\/\/luchadeclases.com\/?p=8894","title":{"rendered":"De chavistas declarados, a neoliberales inconfesos"},"content":{"rendered":"\n<p>Para nadie es un secreto, al menos para nadie que quiera ver, que los cabecillas del Partido Socialista Unido de Venezuela se encuentran en una encrucijada: o aceptan que se convirtieron en dirigentes neoliberales, c\u00f3mplices y part\u00edcipes de la descomposici\u00f3n propia del Estado burgu\u00e9s y que, en consecuencia, ya el pueblo no los quiere; o cual personas enfermas de poder, desconocen la realidad y se tornan m\u00e1s coercitivas. Por acciones cada vez m\u00e1s recurrentes, ya nos podemos imaginar qu\u00e9 camino tomar\u00e1n.<\/p>\n\n\n\n<p>Amenazas, atropellos, represi\u00f3n, campa\u00f1as de difamaci\u00f3n, judicializaci\u00f3n de luchas sociales y, la nueva, acusaciones de \u201cincitar al odio\u201d a los que se atrevan a disentir con la pol\u00edtica que vienen practicando los dirigentes del PSUV, son solo algunas de las muchas acciones que viene ejecutando el actual gobierno.<\/p>\n\n\n\n<p>Sin embargo, esto se aplica solo contra el pueblo, porque varias son las concesiones que se le vienen haciendo a los actores pol\u00edticos de la oposici\u00f3n derechista, como lo es la firma del decreto de \u201cindulto\u201d por parte del mismo presidente Maduro. Pareciera que se ha convertido en un delito que el pueblo piense en este pa\u00eds y, a\u00fan m\u00e1s grave, que se atreva a expresar lo que piensa.<\/p>\n\n\n\n<p>Entonces, \u00bfd\u00f3nde qued\u00f3 esa pol\u00edtica de inclusi\u00f3n que les daba voz a todos? \u00bfPor qu\u00e9 ahora los que se atreven a expresar el descontento con la realidad que se sufre desde las entra\u00f1as del pueblo son poco patriotas? Por lo que se vislumbra, el patriotismo que el gobierno est\u00e1 buscando instaurar es uno basado en un sistema dominador y de implementaci\u00f3n del miedo, para as\u00ed debilitar las individualidades, quebrantar los diversos grupos de lucha social y aislar a los conjuntos de personas que se manifiestan, en funci\u00f3n de acabar con la protesta del pueblo trabajador.<\/p>\n\n\n\n<p>Curioso este accionar, puesto que coincide con el del sistema econ\u00f3mico m\u00e1s sanguinario de todos los tiempos. En palabras de Pablo Neruda: \u201cEl capitalismo y el imperialismo se cubren con una m\u00e1scara que dice \u00a8mundo libre\u00a8 y bajo esa m\u00e1scara se esconden el terror, la represi\u00f3n de clase, la perversidad social\u201d.<\/p>\n\n\n\n<p>Es evidente que los dirigentes del PSUV no solo se enamoraron del poder y sus prerrogativas, sino que, adem\u00e1s, su necesidad de control a trav\u00e9s de ese poder se les est\u00e1 saliendo de las manos. Tal situaci\u00f3n los ha hecho perder la perspectiva de lo que ten\u00edan que hacer, que no era m\u00e1s que instaurar un sistema de gobierno social, del pueblo, por el pueblo y para el pueblo. Adem\u00e1s, castigan al que haga frente a su falta de claridad. Ello amerita la consolidaci\u00f3n y avance de una verdadera Alternativa Popular Revolucionaria que encamine nuestro proyecto social, y unifique todas nuestras luchas, puesto que el gobierno hace tiempo que no est\u00e1 al tanto de lo que pasa en las bases (no es de extra\u00f1ar, ellos ahora son parte de la nueva burgues\u00eda; lo que, por cierto, los convierte en el enemigo hist\u00f3rico del proletariado).<\/p>\n\n\n\n<p>Nosotros, el noble pueblo trabajador, que somos los que sufrimos la cotidianidad pueril impuesta por una pol\u00edtica rentista, de alta dependencia a las importaciones, la p\u00e9sima administraci\u00f3n p\u00fablica, las constantes injusticias, sin mencionar la corrupci\u00f3n, ni somos ciegos ni est\u00fapidos, y ya estamos cansados.<\/p>\n\n\n\n<p>No se confundan, la \u00abbenevolencia no quiere decir tolerancia de lo ruin, o conformidad con lo inepto, sino voluntad de bien\u00bb, como dir\u00eda Antonio Machado. Tenemos conciencia plena de nuestros derechos y nuestras facultades, de las luchas que hemos conquistado, del papel que jugamos en este proceso hist\u00f3rico y de a d\u00f3nde queremos llegar, como para que una amenaza nos subyugue. As\u00ed que, mientras m\u00e1s nos jodan, mayor ser\u00e1 nuestra resistencia.<\/p>\n","protected":false},"excerpt":{"rendered":"<p>Para nadie es un secreto, al menos para nadie que quiera ver, que los cabecillas del Partido Socialista Unido de Venezuela se encuentran en una encrucijada: o aceptan que se convirtieron en dirigentes neoliberales, c\u00f3mplices y part\u00edcipes de la descomposici\u00f3n propia del Estado burgu\u00e9s y que, en consecuencia, ya el pueblo no los quiere; o cual personas enfermas de poder, desconocen la realidad y se tornan m\u00e1s coercitivas. Por acciones cada vez m\u00e1s recurrentes, ya nos podemos imaginar qu\u00e9 camino tomar\u00e1n.<\/p>\n","protected":false},"author":1,"featured_media":8896,"comment_status":"open","ping_status":"open","sticky":false,"template":"","format":"standard","meta":{"footnotes":""},"categories":[41,63,39,483,2],"tags":[],"post_format":[],"flags":[],"class_list":["post-8894","post","type-post","status-publish","format-standard","has-post-thumbnail","hentry","category-colaboraciones","category-opinion-2","category-opinion","category-principales","category-venezuela"],"jetpack_featured_media_url":"https:\/\/luchadeclases.com\/wp-content\/uploads\/2020\/09\/PSUV-AD-1.jpg","_links":{"self":[{"href":"https:\/\/luchadeclases.com\/index.php?rest_route=\/wp\/v2\/posts\/8894","targetHints":{"allow":["GET"]}}],"collection":[{"href":"https:\/\/luchadeclases.com\/index.php?rest_route=\/wp\/v2\/posts"}],"about":[{"href":"https:\/\/luchadeclases.com\/index.php?rest_route=\/wp\/v2\/types\/post"}],"author":[{"embeddable":true,"href":"https:\/\/luchadeclases.com\/index.php?rest_route=\/wp\/v2\/users\/1"}],"replies":[{"embeddable":true,"href":"https:\/\/luchadeclases.com\/index.php?rest_route=%2Fwp%2Fv2%2Fcomments&post=8894"}],"version-history":[{"count":1,"href":"https:\/\/luchadeclases.com\/index.php?rest_route=\/wp\/v2\/posts\/8894\/revisions"}],"predecessor-version":[{"id":8897,"href":"https:\/\/luchadeclases.com\/index.php?rest_route=\/wp\/v2\/posts\/8894\/revisions\/8897"}],"wp:featuredmedia":[{"embeddable":true,"href":"https:\/\/luchadeclases.com\/index.php?rest_route=\/wp\/v2\/media\/8896"}],"wp:attachment":[{"href":"https:\/\/luchadeclases.com\/index.php?rest_route=%2Fwp%2Fv2%2Fmedia&parent=8894"}],"wp:term":[{"taxonomy":"category","embeddable":true,"href":"https:\/\/luchadeclases.com\/index.php?rest_route=%2Fwp%2Fv2%2Fcategories&post=8894"},{"taxonomy":"post_tag","embeddable":true,"href":"https:\/\/luchadeclases.com\/index.php?rest_route=%2Fwp%2Fv2%2Ftags&post=8894"},{"taxonomy":"post_format","embeddable":true,"href":"https:\/\/luchadeclases.com\/index.php?rest_route=%2Fwp%2Fv2%2Fpost_format&post=8894"},{"taxonomy":"flags","embeddable":true,"href":"https:\/\/luchadeclases.com\/index.php?rest_route=%2Fwp%2Fv2%2Fflags&post=8894"}],"curies":[{"name":"wp","href":"https:\/\/api.w.org\/{rel}","templated":true}]}}