{"id":9175,"date":"2020-12-02T11:12:58","date_gmt":"2020-12-02T15:42:58","guid":{"rendered":"https:\/\/luchadeclases.org.ve\/?p=9175"},"modified":"2020-12-02T11:13:03","modified_gmt":"2020-12-02T15:43:03","slug":"los-diputados-deben-ser-herramientas-de-los-trabajadores-y-no-al-reves-entrevista-a-edgar-torres-candidato-voto-lista-regional-de-lara-y-militante-de-lucha-de-clases","status":"publish","type":"post","link":"https:\/\/luchadeclases.com\/?p=9175","title":{"rendered":"\u201cLos diputados deben ser herramientas de los trabajadores y no al rev\u00e9s\u201d. Entrevista a Edgar Torres, candidato voto lista regional de Lara y militante de Lucha de Clases"},"content":{"rendered":"\n<p>A continuaci\u00f3n, publicamos una entrevista realizada a Edgar Torres, militante de Lucha de Clases (secci\u00f3n venezolana de la Corriente Marxista Internacional) y candidato voto lista regional por el Estado Lara. En la misma, el compa\u00f1ero ofrece sus opiniones en tono a la Alternativa Popular Revolucionaria (APR) y cu\u00e1l es la pol\u00edtica que esta coalici\u00f3n debe defender en el parlamento. El compa\u00f1ero tiene una reconocida trayectoria de lucha en su entidad, defendiendo los intereses y derechos del gremio docente a trav\u00e9s de la federaci\u00f3n sindical de Sinafun.<\/p>\n\n\n\n<p><strong>Prensa Lucha de Clases: \u00bfCu\u00e1l es su balance sobre la compleja situaci\u00f3n econ\u00f3mica, pol\u00edtica y social que afronta el pa\u00eds?<\/strong><\/p>\n\n\n\n<p>Edgar Torres: La situaci\u00f3n actual del pa\u00eds es ca\u00f3tica, ya que el gobierno ha sido incompetente a la hora de resolver los problemas que aquejan a la sociedad. No se niega que el bloque por parte de los pa\u00edses imperialistas hacia Venezuela ha generado caos en nuestro sistema econ\u00f3mico, y la degeneraci\u00f3n econ\u00f3mica en el comercio lleva a un desorden en los precios de los alimentos, medicinas y art\u00edculos de primera necesidad. Sin embargo, el gobierno no ha podido lograr ordenar este caos econ\u00f3mico, m\u00e1s bien aport\u00f3 para que se generara la crisis econ\u00f3mica que vive el pa\u00eds.<\/p>\n\n\n\n<p>Desde la Corriente Marxista Lucha de Clases se propone un programa revolucionario que refleja la necesidad de romper con el reformismo e ir a una verdadera revoluci\u00f3n socialista. Parte de las necesidad de que las masas se organicen, movilicen y luchen en las calles por salarios dignos, servicios p\u00fablicos de calidad y tierra para los campesinos, entendiendo que estas reivindicaciones solo ser\u00e1n realizables mediante la nacionalizaci\u00f3n bajo control obrero de las palancas fundamentales de la econom\u00eda y la planificaci\u00f3n racional de la producci\u00f3n y recursos.<\/p>\n\n\n\n<p><strong>Prensa Lucha de Clases: Para usted \u00bfqu\u00e9 es la Alternativa Popular Revolucionaria?<\/strong><\/p>\n\n\n\n<p>Edgar Torres: La Alternativa Popular Revolucionaria es un frente que aglutina diferentes posturas de izquierdas, desde la socialdem\u00f3crata hasta la izquierda marxista. Este frente ha logrado unificar las organizaciones que tuvieron el valor de romper con el gobierno de Maduro, ya que sus bases desde hace tiempo presionaron a sus direcciones para tomar ese camino. La APR debe impulsar un programa pol\u00edtico verdaderamente de izquierda y no uno que tienda al reformismo, un programa que hable sobre el verdadero control obrero sobre los medios de producci\u00f3n, una econom\u00eda planificada, la nacionalizaci\u00f3n de la banca, la salud y la educaci\u00f3n bajo direcci\u00f3n de los trabajadores.<\/p>\n\n\n\n<p><strong>Prensa Lucha de Clases: \u00bfQu\u00e9 papel debe jugar la APR de cara al futuro de la izquierda venezolana?<\/strong><\/p>\n\n\n\n<p>Edgar Torres: Despu\u00e9s del 6D, la APR debe sincerarse y ver qu\u00e9 programa va a impulsar, un programa revolucionario o un programa reformista. Debe tambi\u00e9n depurar sus filas de oportunistas y que todo los que representen el frente deben defender el programa revolucionario que se impulse. Esa es la forma en que se puede reorganizar la verdadera izquierda venezolana y no seguir cometiendo los mismos errores de siempre, como el pensar en que se puede hacer una revoluci\u00f3n administrando el Estado burgu\u00e9s. Es por eso que lo principal despu\u00e9s del 6D es combatir esos pensamientos socialdem\u00f3cratas y as\u00ed fortalecer la APR.<\/p>\n\n\n\n<p><strong>Prensa Lucha de Clases: En tu opini\u00f3n \u00bfcu\u00e1l deber\u00eda ser la orientaci\u00f3n de la APR en torno a la clase obrera y el movimiento sindical venezolano?<\/strong><\/p>\n\n\n\n<p>Edgar Torres: La APR tiene que organizar el movimiento sindical para defender sus conquistas, no solo salariales, tambi\u00e9n sus derechos y reivindicaciones. El logro de la clase obrera no ser\u00e1 simplemente alcanzar curules en la Asamblea Nacional, ser\u00e1 despertar la movilizaci\u00f3n y lucha del pueblo por sus intereses en la calle. Es por eso que el movimiento sindical y obrero debe tener una direcci\u00f3n pol\u00edtica que est\u00e9 clara y no cambie los m\u00e9todos de lucha de la clase obrera por la lucha restringida en las 4 paredes del parlamento burgu\u00e9s. Los diputados deben ser herramientas de los trabajadores y no al rev\u00e9s, la clase trabajadora debe darles \u00f3rdenes a los diputados y ellos deben acatar y si no que renuncien al cargo.<\/p>\n","protected":false},"excerpt":{"rendered":"<p>A continuaci\u00f3n, publicamos una entrevista realizada a Edgar Torres, militante de Lucha de Clases (secci\u00f3n venezolana de la Corriente Marxista Internacional) y candidato voto lista regional por el Estado Lara. En la misma, el compa\u00f1ero ofrece sus opiniones en tono a la Alternativa Popular Revolucionaria (APR) y cu\u00e1l es la pol\u00edtica que esta coalici\u00f3n debe &hellip;<\/p>\n","protected":false},"author":5,"featured_media":9176,"comment_status":"open","ping_status":"open","sticky":false,"template":"","format":"standard","meta":{"footnotes":""},"categories":[38,576,483],"tags":[605,513],"post_format":[],"flags":[],"class_list":["post-9175","post","type-post","status-publish","format-standard","has-post-thumbnail","hentry","category-apr","category-entrevistas","category-principales","tag-6d","tag-alternativa-popular-revolucionaria"],"jetpack_featured_media_url":"https:\/\/luchadeclases.com\/wp-content\/uploads\/2020\/12\/2cdf8136-310b-417d-bd2f-9a664c5910cd.jpg","_links":{"self":[{"href":"https:\/\/luchadeclases.com\/index.php?rest_route=\/wp\/v2\/posts\/9175","targetHints":{"allow":["GET"]}}],"collection":[{"href":"https:\/\/luchadeclases.com\/index.php?rest_route=\/wp\/v2\/posts"}],"about":[{"href":"https:\/\/luchadeclases.com\/index.php?rest_route=\/wp\/v2\/types\/post"}],"author":[{"embeddable":true,"href":"https:\/\/luchadeclases.com\/index.php?rest_route=\/wp\/v2\/users\/5"}],"replies":[{"embeddable":true,"href":"https:\/\/luchadeclases.com\/index.php?rest_route=%2Fwp%2Fv2%2Fcomments&post=9175"}],"version-history":[{"count":1,"href":"https:\/\/luchadeclases.com\/index.php?rest_route=\/wp\/v2\/posts\/9175\/revisions"}],"predecessor-version":[{"id":9177,"href":"https:\/\/luchadeclases.com\/index.php?rest_route=\/wp\/v2\/posts\/9175\/revisions\/9177"}],"wp:featuredmedia":[{"embeddable":true,"href":"https:\/\/luchadeclases.com\/index.php?rest_route=\/wp\/v2\/media\/9176"}],"wp:attachment":[{"href":"https:\/\/luchadeclases.com\/index.php?rest_route=%2Fwp%2Fv2%2Fmedia&parent=9175"}],"wp:term":[{"taxonomy":"category","embeddable":true,"href":"https:\/\/luchadeclases.com\/index.php?rest_route=%2Fwp%2Fv2%2Fcategories&post=9175"},{"taxonomy":"post_tag","embeddable":true,"href":"https:\/\/luchadeclases.com\/index.php?rest_route=%2Fwp%2Fv2%2Ftags&post=9175"},{"taxonomy":"post_format","embeddable":true,"href":"https:\/\/luchadeclases.com\/index.php?rest_route=%2Fwp%2Fv2%2Fpost_format&post=9175"},{"taxonomy":"flags","embeddable":true,"href":"https:\/\/luchadeclases.com\/index.php?rest_route=%2Fwp%2Fv2%2Fflags&post=9175"}],"curies":[{"name":"wp","href":"https:\/\/api.w.org\/{rel}","templated":true}]}}