{"id":9238,"date":"2021-01-10T14:26:28","date_gmt":"2021-01-10T18:56:28","guid":{"rendered":"https:\/\/luchadeclases.org.ve\/?p=9238"},"modified":"2021-01-10T23:22:55","modified_gmt":"2021-01-11T03:52:55","slug":"luchemos-por-un-salario-igual-a-la-canasta-basica-luchemos-por-una-ley-de-salario-minimo-vital-y-variable-2","status":"publish","type":"post","link":"https:\/\/luchadeclases.com\/?p=9238","title":{"rendered":"Luchemos por un salario igual a la canasta b\u00e1sica, luchemos por una \u00abLey de Salario M\u00ednimo Vital y Variable\u00bb \u00a0"},"content":{"rendered":"\n<p>\u00abS\u00f3lo la lucha educa a la clase explotada, s\u00f3lo la lucha le descubre la magnitud de su fuerza, ampl\u00eda sus horizontes, eleva su capacidad, aclara su inteligencia y forja su voluntad\u00bb Lenin.<br>&nbsp;<br>Desde Lucha de Clases, venimos promoviendo la lucha por un salario igual a la canasta b\u00e1sica, como una de las reivindicaciones m\u00e1s sentidas del conjunto de la clase trabajadora, ya que hemos vivido una terrible desmejora de los salarios, a la par de los niveles de vida a nivel general.<\/p>\n\n\n\n<p>El salario m\u00ednimo actual, el cu\u00e1l devenga la mayor\u00eda de los trabajadores\/as de la administraci\u00f3n p\u00fablica, est\u00e1 en 1,2 millones de bol\u00edvares, m\u00e1s 1,2 millones de bol\u00edvares en bono de alimentaci\u00f3n, lo que equivale a poco menos de 2 d\u00f3lares mensuales. Su pulverizaci\u00f3n actual, es producto del llamado Plan de Recuperaci\u00f3n, Estabilidad, Prosperidad y Crecimiento Econ\u00f3mico, implementado por el gobierno desde el 2018, con el objetivo de \u00abreducir el d\u00e9ficit fiscal\u00bb y atraer inversiones extranjeras.<\/p>\n\n\n\n<p>Esta pol\u00edtica econ\u00f3mica del gobierno, como advertimos desde su lanzamiento, implica un ajuste liberal, anti-obrero y anti-popular, que ha cargado sobre los hombros de la clase trabajadora todo el peso de una terrible crisis que no ocasion\u00f3, y que es producto de la crisis global del capitalismo, sistema que el gobierno en los hechos ha promovido, aliandose a empresarios nacionales y extranjeros y que adem\u00e1s es agravada por la corrupci\u00f3n, ineficacia y por el bloqueo del imperialismo yankee a nuestra industria petrolera, el secuestro de CITGO y otros activos, y la congelaci\u00f3n de cuentas en el exterior.<\/p>\n\n\n\n<p>Mientras el gobierno le abre las puertas a las multinacionales, les ofrece m\u00e1s contrarreformas, apoyo y excepciones tributarias; a la clase trabajadora le dice que \u201cno puede hacer nada por nuestros salarios, debido a la ca\u00edda de los ingresos\u00bb pero que no podemos quejarnos, porque \u00abnuestro salario social es uno de los m\u00e1s altos\u00bb. Adem\u00e1s, \u00abel pa\u00eds cumpli\u00f3 las metas del milenio, en materia de salud, educaci\u00f3n\u2026\u00bb.<\/p>\n\n\n\n<p>Mientras millones de venezolanos\/as hemos perdido muchos kilos, y encaramos nuestro d\u00eda a d\u00eda famelicos, en medio de las m\u00faltiples problem\u00e1ticas de la cotidianidad: por el alto costo de la vida, los bajos salarios, sin acceso al agua, con constantes apagones, con escasez de gas dom\u00e9stico; el gobierno nos pide compresi\u00f3n, mientras se une a los \u00abempresarios optimistas\u00bb como Vollmer y el presidente anuncia que asume un r\u00e9gimen de dieta, para rebajar 6 kilos extra que gan\u00f3 en diciembre. \u00bfHasta cuando tanto cinismo?<\/p>\n\n\n\n<p>Durante el proceso de gestaci\u00f3n de la Alternativa Popular Revolucionaria, la izquierda logr\u00f3 posicionar el 30 de abril del a\u00f1o pasado la etiqueta #SalarioIgualCanastaBasica y dicha consigna fue una reivindicaci\u00f3n del primer eje program\u00e1tico acordado para la campa\u00f1a electoral de las elecciones parlamentarias del 6 de diciembre, denominado: \u00abPor las Luchas Obreras\u00bb. A pesar de las limitaciones para construir un programa en el seno de la APR, las reivindicaciones laborales eran las que contaban con mayor consenso y, probablemente, as\u00ed ser\u00e1 en el proceso preparatorio del Congreso Nacional Fundacional de la APR. Es por ello que desde Lucha de Clases planteamos la necesidad de iniciar una gran \u00abCampa\u00f1a Nacional por el Salario Igual a la Canasta B\u00e1sica\u00bb, que sirva para reagrupar un conjunto de luchas y movilizaciones sectoriales, regionales y de diversos movimientos de trabajadores\/as, para potenciar las mismas, darle un car\u00e1cter nacional, unitario y clasista, capaz de movilizar las fuerzas obreras hoy desmoralizadas, producto de los ataques sufridos por los empresarios y el gobierno, y retomar las herramientas de lucha hist\u00f3ricas de nuestra clase, es decir, las luchas en las calles, en las entidades de trabajo y comunidades, con los sindicatos clasistas y las federaciones dispuestas a dar la pelea.<\/p>\n\n\n\n<p><strong>Por una Ley de Salario M\u00ednimo Vital y Variable<\/strong><\/p>\n\n\n\n<p>Nosotros, como revolucionarios, sabemos que la lucha legal, por si misma, no basta para cambiar la realidad, pero consideramos que la movilizaci\u00f3n por una ley que nos permita desarrollar el art\u00edculo 91 de la Constituci\u00f3n, podr\u00eda ser un medio para despertar, reactivar y reagrupar a amplias capas de la clase trabajadora, empezando por el sector p\u00fablico, uno de los m\u00e1s afectados por la pol\u00edtica salarial del gobierno-patrono.<\/p>\n\n\n\n<p>El art\u00edculo 91 de la Carta magna se\u00f1ala que \u201cel Estado garantizar\u00e1 a los trabajadores y trabajadoras del sector p\u00fablico y del sector privado un salario m\u00ednimo vital que ser\u00e1 ajustado cada a\u00f1o, tomando como una de las referencias el costo de la canasta b\u00e1sica. <span style=\"text-decoration: underline;\">La ley establecer\u00e1 la forma y el procedimiento\u00bb<\/span> (el subrayado es nuestro),<\/p>\n\n\n\n<p>Ahora bien, tomando en cuenta la mayor\u00eda absoluta obtenida por el PSUV en la Asamblea Nacional, y conociendo su \u00abalianza estrat\u00e9gica\u00bb con los \u00abempresarios optimistas\u00bb, no podemos esperar absolutamente nada de ellos, m\u00e1s que dejar en evidencia los intereses que defienden, que son contrarios a los del conjunto de la clase trabajadora, y debemos confiar \u00fanicamente en nuestras propias fuerzas.<br>&nbsp; &nbsp;<br>Es por ello que proponemos al conjunto de la Alternativa Popular Revolucionaria y dem\u00e1s organizaciones, movimientos, colectivos, sindicatos y federaciones a construir colectivamente y presentar un proyecto de Ley de Salario M\u00ednimo Vital y Variable a la Asamblea Nacional, acompa\u00f1ada del respaldo del 0,1 % de las firmas de los inscritos en el registro civil y electoral, de acuerdo a lo establecido en el art\u00edculo 204 de la Constituci\u00f3n acerca de las iniciativas de las leyes.<\/p>\n\n\n\n<p>Si logramos presentar esta propuesta durante el primer per\u00edodo de sesiones de la Asamblea Nacional(del 5 enero al 15 de agosto) y no se discute, al menos, en el per\u00edodo siguiente(del 15 de septiembre al 15 de diciembre), el proyecto de ley deber\u00e1 someterse a referendo aprobatorio de acuerdo a lo establecido en el art\u00edculo 205 de la Constituci\u00f3n de la Rep\u00fablica Bolivariana de Venezuela.<\/p>\n\n\n\n<p>Conocemos las arbitrariedades y el abuso de poder de la c\u00fapula del PSUV, pero combinando todas las formas de lucha, la protesta de calle, la presentaci\u00f3n de leyes en la Asamblea Nacional, las tomas de f\u00e1bricas, podremos avanzar en la construcci\u00f3n de una Alternativa Revolucionaria, dispuesta a llevar hasta las \u00faltimas consecuencias un programa de lucha, con independencia de clase y con la disputa del poder pol\u00edtico y el socialismo como objetivos estrat\u00e9gicos. Luchando nos educaremos como revolucionarios, luchando nos encontraremos con nuestros hermanos de clase, luchando recordaremos que somos la \u00fanica clase capaz de derrumbar este podrido sistema de miseria y explotaci\u00f3n! Lucha y \u00danete Lucha de Clases, secci\u00f3n venezolana de la Corriente Marxista Internacional.<br>&nbsp;<\/p>\n\n\n\n<ul class=\"wp-block-list\"><li>Nota: El nombre tentativo de ley, pudiera ser otro que exprese la necesidad de que el salario m\u00ednimo sea igual a la canasta b\u00e1sica y que debe ser ajustado peri\u00f3dicamente.<\/li><\/ul>\n","protected":false},"excerpt":{"rendered":"<p>El salario m\u00ednimo actual, el cu\u00e1l devenga la mayor\u00eda de los trabajadores\/as de la administraci\u00f3n p\u00fablica, est\u00e1 en 1,2 millones de bol\u00edvares, m\u00e1s 1,2 millones de bol\u00edvares en bono de alimentaci\u00f3n, lo que equivale a poco menos de 2 d\u00f3lares mensuales. Su pulverizaci\u00f3n actual, es producto del llamado Plan de Recuperaci\u00f3n, Estabilidad, Prosperidad y Crecimiento Econ\u00f3mico, implementado por el gobierno desde el 2018, con el objetivo de \u00abreducir el d\u00e9ficit fiscal\u00bb y atraer inversiones extranjeras.<\/p>\n","protected":false},"author":1,"featured_media":9240,"comment_status":"open","ping_status":"open","sticky":false,"template":"","format":"standard","meta":{"footnotes":""},"categories":[38,483],"tags":[524,150],"post_format":[],"flags":[],"class_list":["post-9238","post","type-post","status-publish","format-standard","has-post-thumbnail","hentry","category-apr","category-principales","tag-apr","tag-salario"],"jetpack_featured_media_url":"https:\/\/luchadeclases.com\/wp-content\/uploads\/2021\/01\/WhatsApp-Image-2021-01-09-at-11.06.05-PM.jpeg","_links":{"self":[{"href":"https:\/\/luchadeclases.com\/index.php?rest_route=\/wp\/v2\/posts\/9238","targetHints":{"allow":["GET"]}}],"collection":[{"href":"https:\/\/luchadeclases.com\/index.php?rest_route=\/wp\/v2\/posts"}],"about":[{"href":"https:\/\/luchadeclases.com\/index.php?rest_route=\/wp\/v2\/types\/post"}],"author":[{"embeddable":true,"href":"https:\/\/luchadeclases.com\/index.php?rest_route=\/wp\/v2\/users\/1"}],"replies":[{"embeddable":true,"href":"https:\/\/luchadeclases.com\/index.php?rest_route=%2Fwp%2Fv2%2Fcomments&post=9238"}],"version-history":[{"count":3,"href":"https:\/\/luchadeclases.com\/index.php?rest_route=\/wp\/v2\/posts\/9238\/revisions"}],"predecessor-version":[{"id":9245,"href":"https:\/\/luchadeclases.com\/index.php?rest_route=\/wp\/v2\/posts\/9238\/revisions\/9245"}],"wp:featuredmedia":[{"embeddable":true,"href":"https:\/\/luchadeclases.com\/index.php?rest_route=\/wp\/v2\/media\/9240"}],"wp:attachment":[{"href":"https:\/\/luchadeclases.com\/index.php?rest_route=%2Fwp%2Fv2%2Fmedia&parent=9238"}],"wp:term":[{"taxonomy":"category","embeddable":true,"href":"https:\/\/luchadeclases.com\/index.php?rest_route=%2Fwp%2Fv2%2Fcategories&post=9238"},{"taxonomy":"post_tag","embeddable":true,"href":"https:\/\/luchadeclases.com\/index.php?rest_route=%2Fwp%2Fv2%2Ftags&post=9238"},{"taxonomy":"post_format","embeddable":true,"href":"https:\/\/luchadeclases.com\/index.php?rest_route=%2Fwp%2Fv2%2Fpost_format&post=9238"},{"taxonomy":"flags","embeddable":true,"href":"https:\/\/luchadeclases.com\/index.php?rest_route=%2Fwp%2Fv2%2Fflags&post=9238"}],"curies":[{"name":"wp","href":"https:\/\/api.w.org\/{rel}","templated":true}]}}