{"id":9336,"date":"2021-02-18T21:19:46","date_gmt":"2021-02-19T01:49:46","guid":{"rendered":"https:\/\/luchadeclases.org.ve\/?p=9336"},"modified":"2021-02-18T21:21:29","modified_gmt":"2021-02-19T01:51:29","slug":"declaracion-de-la-alternativa-popular-revolucionaria-en-el-marco-de-la-lucha-por-el-rescate-del-salario-en-venezuela","status":"publish","type":"post","link":"https:\/\/luchadeclases.com\/?p=9336","title":{"rendered":"Declaraci\u00f3n de la Alternativa Popular Revolucionaria en el marco de la lucha por el rescate del salario en Venezuela"},"content":{"rendered":"\n<p>El pasado jueves 11 de febrero del presente a\u00f1o, tuvo lugar una protesta convocada por parte de la Alternativa Popular Revolucionaria (APR) en el centro de Caracas, la cual se di\u00f3 a pocos metros de la sede del parlamento nacional. Esta manifestaci\u00f3n tuvo como motivo una de las exigencias que ha caracterizado a los dirigentes pol\u00edticos de la APR, hablamos del rescate del salario de la clase trabajadora en Venezuela.<\/p>\n\n\n\n<p>En esta oportunidad diferentes camaradas tomaron la palabra, entre ellos el compa\u00f1ero Pedro Euse, quien en nombre del Frente Nacional de Lucha de la Clase trabajadora (FNLCT), exigi\u00f3 con contundencia el respeto a los derechos laborales, as\u00ed como la derogaci\u00f3n del memor\u00e1ndum 2792. De la misma manera, el camarada Wiliams Prieto, dirigente sindical y miembro del Comit\u00e9 Central de la Corriente Marxista Lucha de Clases, tom\u00f3 la palabra en esta ocasi\u00f3n en nombre de la APR y procedi\u00f3 a dar lectura a la declaraci\u00f3n conjunta de la coalici\u00f3n, la cual fue entregada y recibida por el diputado de la APR y Secretario General del Partido Comunista de Venezuela (PCV), \u00d3scar Figuera. A continuaci\u00f3n replicamos dicho documento:<strong><\/strong><\/p>\n\n\n\n<p><strong>DECLARACI\u00d3N DE LA ALTERNATIVA POPULAR REVOLUCIONARIA EN EL MARCO DE LA LUCHA POR EL RESCATE DEL SALARIO EN VENEZUELA<\/strong><\/p>\n\n\n\n<p>Desde el movimiento popular revolucionario donde diversas organizaciones pol\u00edticas nos hemos agrupado en la Alternativa Popular Revolucionaria, hemos resuelto con base en nuestra independencia de clase y bajo claros principios ideol\u00f3gicos revolucionarios, confrontar la agresi\u00f3n imperialista y las pol\u00edticas de ajuste econ\u00f3mico burgu\u00e9s al servicio del capital y los terratenientes, las cuales han sido emprendidas por la dirigencia gubernamental en desmedro del pueblo trabajador y campesino.<\/p>\n\n\n\n<p>En este sentido, denunciamos la pol\u00edtica econ\u00f3mica gubernamental que coloca todo el peso de la crisis sobre los hombros de los trabajadores y el pueblo venezolano en general, con la destrucci\u00f3n del salario, las prestaciones sociales, las pensiones y las jubilaciones, entre otros derechos laborales y pol\u00edticos.<\/p>\n\n\n\n<p>De la misma manera, manifestamos nuestro profundo rechazo al pacto de \u00e9lites, y a la instauraci\u00f3n de una pol\u00edtica bajo los intereses de los capitalistas privados nacionales y for\u00e1neos, quedando \u00e9sto en evidencia con las recientes negociaciones entre FEDECAMARAS y la Comisi\u00f3n de Di\u00e1logo Paz y Reconciliaci\u00f3n de la Asamblea Nacional.<\/p>\n\n\n\n<p>Por ellodesde nuestra posici\u00f3n consecuentemente antiimperialista, exigimos la rectificaci\u00f3n de la pol\u00edtica gubernamental (que hoy se encuentra al servicio del capital), el cese a las privatizaciones de empresas y tierras nacionalizadas, la derogaci\u00f3n del memor\u00e1ndum 2792 y la restituci\u00f3n de los derechos laborales del pueblo venezolano, as\u00ed como un salario digno igual a la canasta b\u00e1sica, de conformidad al art\u00edculo 91 de nuestra Constituci\u00f3n.<\/p>\n\n\n\n<p>Finalmente, debemos repudiar la manipulaci\u00f3n pol\u00edtica que se ha intentado cernir sobre el pueblo trabajador, bajo la falsa polarizaci\u00f3n pol\u00edtica entre el gobierno y la derecha, con el objetivo de vincularnos con agentes del imperialismo estadounidense (tal y como qued\u00f3 expuesto en las recientes difamaciones que se esgrimieron encontra del PCV en la Asamblea Nacional), dando cabida afalsos positivos que colocan en riesgo la seguridad de nuestra militancia, cuando en todo momento hemos apoyado el proyecto que emprendi\u00f3 elComandante Hugo Ch\u00e1vez, en la medida en que apunt\u00f3 hacia una perspectiva socialista del proceso venezolano.<\/p>\n\n\n\n<p>Por esta raz\u00f3n, rechazamos la actuaci\u00f3n provocadora y amenazantede quienes en el pasado buscaron invisibilizar a la APR y al PCV (en cuya tarjeta nos expresamos en los comicios pasados), por medio de lo que fue un implacable cerco medi\u00e1tico y que hoy contin\u00faan en su af\u00e1n de agredir, desprestigiar y descalificar a las organizaciones que hemos decidido luchar, organizar y movilizar al pueblo trabajador por el rescate de sus conquistas leg\u00edtimas y en contra de la criminalizaci\u00f3n y judializaci\u00f3n de la protesta.<\/p>\n\n\n\n<p>Nuestra tarea inmediata, es reagrupar y acumular fuerzas para enfrentar y vencer la agresi\u00f3n imperialista y el pacto entre c\u00fapulas, el cual se intenta establecer en contra de los intereses de clase del movimiento obrero, campesino, comunero y popular.<\/p>\n\n\n\n<p>Las fuerzas que integramos la Alternativa Popular Revolucionaria no claudicamos ante la amenaza, por el contrario, nos mantenemos firmes y consecuentes en nuestra posici\u00f3n clasista y de lucha, por las reivindicaciones del pueblo trabajador, como el rescate del salario y la senda hist\u00f3rica del socialismo en Venezuela. Sigamos construyendo la esperanza.<\/p>\n\n\n\n<p class=\"has-text-align-center\"><strong>\u00a1Por un gobierno de los trabajadores!<\/strong><br><strong>\u00a1No al pacto antiobrero y antipopular!<\/strong><br><strong>\u00a1Por el rescate del salario en Venezuela!<\/strong><br><strong>\u00a1Rumbo al congreso fundacional de la APR!<\/strong><br><strong>\u00a1Revoluci\u00f3n o nada!<\/strong><\/p>\n","protected":false},"excerpt":{"rendered":"<p>El pasado jueves 11 de febrero del presente a\u00f1o, tuvo lugar una protesta convocada por parte de la Alternativa Popular Revolucionaria (APR) en el centro de Caracas, la cual se di\u00f3 a pocos metros de la sede del parlamento nacional. Esta manifestaci\u00f3n tuvo como motivo una de las exigencias que ha caracterizado a los dirigentes &hellip;<\/p>\n","protected":false},"author":8,"featured_media":9337,"comment_status":"open","ping_status":"open","sticky":false,"template":"","format":"standard","meta":{"footnotes":""},"categories":[374],"tags":[513,620,150],"post_format":[],"flags":[],"class_list":["post-9336","post","type-post","status-publish","format-standard","has-post-thumbnail","hentry","category-declaracion","tag-alternativa-popular-revolucionaria","tag-declaracion-2","tag-salario"],"jetpack_featured_media_url":"https:\/\/luchadeclases.com\/wp-content\/uploads\/2021\/02\/WhatsApp-Image-2021-02-18-at-6.27.40-PM.jpeg","_links":{"self":[{"href":"https:\/\/luchadeclases.com\/index.php?rest_route=\/wp\/v2\/posts\/9336","targetHints":{"allow":["GET"]}}],"collection":[{"href":"https:\/\/luchadeclases.com\/index.php?rest_route=\/wp\/v2\/posts"}],"about":[{"href":"https:\/\/luchadeclases.com\/index.php?rest_route=\/wp\/v2\/types\/post"}],"author":[{"embeddable":true,"href":"https:\/\/luchadeclases.com\/index.php?rest_route=\/wp\/v2\/users\/8"}],"replies":[{"embeddable":true,"href":"https:\/\/luchadeclases.com\/index.php?rest_route=%2Fwp%2Fv2%2Fcomments&post=9336"}],"version-history":[{"count":2,"href":"https:\/\/luchadeclases.com\/index.php?rest_route=\/wp\/v2\/posts\/9336\/revisions"}],"predecessor-version":[{"id":9339,"href":"https:\/\/luchadeclases.com\/index.php?rest_route=\/wp\/v2\/posts\/9336\/revisions\/9339"}],"wp:featuredmedia":[{"embeddable":true,"href":"https:\/\/luchadeclases.com\/index.php?rest_route=\/wp\/v2\/media\/9337"}],"wp:attachment":[{"href":"https:\/\/luchadeclases.com\/index.php?rest_route=%2Fwp%2Fv2%2Fmedia&parent=9336"}],"wp:term":[{"taxonomy":"category","embeddable":true,"href":"https:\/\/luchadeclases.com\/index.php?rest_route=%2Fwp%2Fv2%2Fcategories&post=9336"},{"taxonomy":"post_tag","embeddable":true,"href":"https:\/\/luchadeclases.com\/index.php?rest_route=%2Fwp%2Fv2%2Ftags&post=9336"},{"taxonomy":"post_format","embeddable":true,"href":"https:\/\/luchadeclases.com\/index.php?rest_route=%2Fwp%2Fv2%2Fpost_format&post=9336"},{"taxonomy":"flags","embeddable":true,"href":"https:\/\/luchadeclases.com\/index.php?rest_route=%2Fwp%2Fv2%2Fflags&post=9336"}],"curies":[{"name":"wp","href":"https:\/\/api.w.org\/{rel}","templated":true}]}}